{"id":510936,"date":"2025-11-04T10:40:11","date_gmt":"2025-11-04T10:40:11","guid":{"rendered":"https:\/\/www.europesays.com\/fr\/510936\/"},"modified":"2025-11-04T10:40:11","modified_gmt":"2025-11-04T10:40:11","slug":"plusieurs-regions-russes-baissent-drastiquement-les-primes-versees-aux-recrues-militaires","status":"publish","type":"post","link":"https:\/\/www.europesays.com\/fr\/510936\/","title":{"rendered":"Plusieurs r\u00e9gions russes baissent drastiquement les primes vers\u00e9es aux recrues militaires"},"content":{"rendered":"\n<p>Depuis le d\u00e9but de l\u2019invasion de l\u2019Ukraine en 2022, les r\u00e9gions russes se livraient \u00e0 une surench\u00e8re <a href=\"https:\/\/www.courrierinternational.com\/article\/recrues-reservistes-detenus-chomeurs-comment-l-armee-russe-fournit-ses-rangs-en-ukraine\" target=\"_blank\" rel=\"noopener\">pour attirer les recrues<\/a>, \u00e0 coups de primes vertigineuses. Mais depuis l\u2019\u00e9t\u00e9, certaines ont ferm\u00e9 le robinet\u00a0: plusieurs r\u00e9gions r\u00e9duisent ou plafonnent les versements.<\/p>\n<p>Dans l\u2019oblast de Samara, situ\u00e9 dans la partie sud-est du pays, la prime est pass\u00e9e de 3,6\u00a0millions de roubles (environ 39\u00a0000\u00a0euros) en janvier \u00e0 400\u00a0000\u00a0roubles (environ 4\u00a0300\u00a0euros) \u00e0 l\u2019automne, soit neuf fois moins, <a href=\"https:\/\/www.severreal.org\/a\/v-rossiyskih-regionah-snizhayut-vyplaty-za-podpisanie-kontrakta\/33567134.html\" target=\"_blank\" rel=\"noopener\">signale <strong>Sever.realii<\/strong><\/a><strong>.<\/strong> D\u2019autres territoires appliquent d\u00e9sormais des r\u00e9ductions cibl\u00e9es, en fonction du profil des contractuels. En Kalmoukie ou dans le district autonome de Iamalo-Nenetsie, ce sont <a href=\"https:\/\/www.courrierinternational.com\/article\/enquete-comment-la-guerre-en-ukraine-a-vide-les-prisons-russes\" target=\"_blank\" rel=\"noopener\">les anciens d\u00e9tenus<\/a> \u2013 autoris\u00e9s \u00e0 signer un contrat \u2013 qui ont vu leur prime baisser.<\/p>\n<p>\u00c0 l\u2019\u00e9chelle de la Russie enti\u00e8re, cependant, les montants restent \u00e9lev\u00e9s, et continuent d\u2019augmenter. <a class=\"ithalc\" data-ithal=\"lien_externe\" data-ithalc=\"[nav_article]\" target=\"_blank\" href=\"https:\/\/www.bbc.com\/russian\/articles\/c2emnw1r18xo\" rel=\"noopener\">La <strong>BBC Russie<\/strong> estime<\/a> qu\u2019en octobre, la prime moyenne pour la signature d\u2019un contrat de participation \u00e0 la guerre en Ukraine dans les r\u00e9gions russes s\u2019\u00e9levait \u00e0 2\u00a0millions de roubles (environ 21\u00a0400\u00a0euros), contre 400\u00a0000\u00a0(environ 4\u00a0290\u00a0euros) un an plus t\u00f4t.<\/p>\n<p>Mais ce seuil devient \u201cune nouvelle norme\u201d de plus en plus difficile \u00e0 maintenir pour certaines r\u00e9gions, selon l\u2019\u00e9conomiste Janis Kluge, chercheur \u00e0 l\u2019Institut alleman<\/p>\n","protected":false},"excerpt":{"rendered":"Depuis le d\u00e9but de l\u2019invasion de l\u2019Ukraine en 2022, les r\u00e9gions russes se livraient \u00e0 une surench\u00e8re pour&hellip;\n","protected":false},"author":2,"featured_media":510937,"comment_status":"","ping_status":"","sticky":false,"template":"","format":"standard","meta":{"footnotes":""},"categories":[1590],"tags":[11,1777,674,131,12,316,2476,132,1857,2542,220],"class_list":{"0":"post-510936","1":"post","2":"type-post","3":"status-publish","4":"format-standard","5":"has-post-thumbnail","7":"category-ukraine","8":"tag-actualites","9":"tag-eu","10":"tag-europe","11":"tag-guerre-en-ukraine","12":"tag-news","13":"tag-politique","14":"tag-politique-de-du00e9fense","15":"tag-russie","16":"tag-sociu00e9tu00e9","17":"tag-u00e9conomie","18":"tag-ukraine"},"share_on_mastodon":{"url":"https:\/\/pubeurope.com\/@fr\/115491007663448498","error":""},"_links":{"self":[{"href":"https:\/\/www.europesays.com\/fr\/wp-json\/wp\/v2\/posts\/510936","targetHints":{"allow":["GET"]}}],"collection":[{"href":"https:\/\/www.europesays.com\/fr\/wp-json\/wp\/v2\/posts"}],"about":[{"href":"https:\/\/www.europesays.com\/fr\/wp-json\/wp\/v2\/types\/post"}],"author":[{"embeddable":true,"href":"https:\/\/www.europesays.com\/fr\/wp-json\/wp\/v2\/users\/2"}],"replies":[{"embeddable":true,"href":"https:\/\/www.europesays.com\/fr\/wp-json\/wp\/v2\/comments?post=510936"}],"version-history":[{"count":0,"href":"https:\/\/www.europesays.com\/fr\/wp-json\/wp\/v2\/posts\/510936\/revisions"}],"wp:featuredmedia":[{"embeddable":true,"href":"https:\/\/www.europesays.com\/fr\/wp-json\/wp\/v2\/media\/510937"}],"wp:attachment":[{"href":"https:\/\/www.europesays.com\/fr\/wp-json\/wp\/v2\/media?parent=510936"}],"wp:term":[{"taxonomy":"category","embeddable":true,"href":"https:\/\/www.europesays.com\/fr\/wp-json\/wp\/v2\/categories?post=510936"},{"taxonomy":"post_tag","embeddable":true,"href":"https:\/\/www.europesays.com\/fr\/wp-json\/wp\/v2\/tags?post=510936"}],"curies":[{"name":"wp","href":"https:\/\/api.w.org\/{rel}","templated":true}]}}