{"id":51094,"date":"2025-04-25T06:31:08","date_gmt":"2025-04-25T06:31:08","guid":{"rendered":"https:\/\/www.europesays.com\/fr\/51094\/"},"modified":"2025-04-25T06:31:08","modified_gmt":"2025-04-25T06:31:08","slug":"2-300-euros-lui-sont-confisques-pour-payer-ses-amendes","status":"publish","type":"post","link":"https:\/\/www.europesays.com\/fr\/51094\/","title":{"rendered":"2\u00a0300\u00a0euros lui sont confisqu\u00e9s pour payer ses amendes"},"content":{"rendered":"<p>Lundi 21\u00a0avril vers 18 heures, la brigade motoris\u00e9e de la police nationale contr\u00f4le un individu, place Jacquard \u00e0 Saint-\u00c9tienne. Il conduit sans \u00eatre titulaire du permis de conduire et est en r\u00e9cidive\u00a0; c\u2019est m\u00eame la troisi\u00e8me fois qu\u2019il doit r\u00e9pondre de ce type d\u2019infraction. Il a \u00e9t\u00e9 plac\u00e9 en garde \u00e0 vue.<\/p>\n<p>Sur lui, la police trouve une somme de 2\u00a0300\u00a0\u20ac. Comme ils en ont l\u2019obligation, cette somme n\u2019\u00e9tant pas li\u00e9e \u00e0 l\u2019infraction commise, les policiers alertent les finances publiques, selon lesquelles cet homme de 21 ans est redevable de plusieurs amendes. L\u2019argent sera donc saisi par les services des finances publiques.<\/p>\n","protected":false},"excerpt":{"rendered":"Lundi 21\u00a0avril vers 18 heures, la brigade motoris\u00e9e de la police nationale contr\u00f4le un individu, place Jacquard \u00e0&hellip;\n","protected":false},"author":2,"featured_media":51095,"comment_status":"","ping_status":"","sticky":false,"template":"","format":"standard","meta":{"footnotes":""},"categories":[9653],"tags":[1111,11,2430,271,272,7539,1777,674,274,107,1011,27,3367,12,25,4001,7538],"class_list":{"0":"post-51094","1":"post","2":"type-post","3":"status-publish","4":"format-standard","5":"has-post-thumbnail","7":"category-saint-etienne","8":"tag-actu","9":"tag-actualites","10":"tag-auvergne-rhone-alpes","11":"tag-crime","12":"tag-delit-et-contravention","13":"tag-edition-loire-sud","14":"tag-eu","15":"tag-europe","16":"tag-faits-divers-justice","17":"tag-fil-info","18":"tag-fr","19":"tag-france","20":"tag-loire","21":"tag-news","22":"tag-republique-francaise","23":"tag-saint-etienne","24":"tag-saint-etienne-ville"},"share_on_mastodon":{"url":"https:\/\/pubeurope.com\/@fr\/114397202668021142","error":""},"_links":{"self":[{"href":"https:\/\/www.europesays.com\/fr\/wp-json\/wp\/v2\/posts\/51094","targetHints":{"allow":["GET"]}}],"collection":[{"href":"https:\/\/www.europesays.com\/fr\/wp-json\/wp\/v2\/posts"}],"about":[{"href":"https:\/\/www.europesays.com\/fr\/wp-json\/wp\/v2\/types\/post"}],"author":[{"embeddable":true,"href":"https:\/\/www.europesays.com\/fr\/wp-json\/wp\/v2\/users\/2"}],"replies":[{"embeddable":true,"href":"https:\/\/www.europesays.com\/fr\/wp-json\/wp\/v2\/comments?post=51094"}],"version-history":[{"count":0,"href":"https:\/\/www.europesays.com\/fr\/wp-json\/wp\/v2\/posts\/51094\/revisions"}],"wp:featuredmedia":[{"embeddable":true,"href":"https:\/\/www.europesays.com\/fr\/wp-json\/wp\/v2\/media\/51095"}],"wp:attachment":[{"href":"https:\/\/www.europesays.com\/fr\/wp-json\/wp\/v2\/media?parent=51094"}],"wp:term":[{"taxonomy":"category","embeddable":true,"href":"https:\/\/www.europesays.com\/fr\/wp-json\/wp\/v2\/categories?post=51094"},{"taxonomy":"post_tag","embeddable":true,"href":"https:\/\/www.europesays.com\/fr\/wp-json\/wp\/v2\/tags?post=51094"}],"curies":[{"name":"wp","href":"https:\/\/api.w.org\/{rel}","templated":true}]}}