{"id":510940,"date":"2025-11-04T10:42:13","date_gmt":"2025-11-04T10:42:13","guid":{"rendered":"https:\/\/www.europesays.com\/fr\/510940\/"},"modified":"2025-11-04T10:42:13","modified_gmt":"2025-11-04T10:42:13","slug":"william-waddell-dudley-nouveau-directeur-de-la-souscription-pour-le-royaume-uni","status":"publish","type":"post","link":"https:\/\/www.europesays.com\/fr\/510940\/","title":{"rendered":"William Waddell-Dudley, nouveau directeur de la souscription pour le Royaume-Uni"},"content":{"rendered":"<p><img decoding=\"async\" src=\"https:\/\/www.europesays.com\/fr\/wp-content\/uploads\/2025\/11\/william.jpg\" alt=\"William Waddell-Dudley\" title=\"William Waddell-Dudley\" align=\"right\" style=\"width: 200px; margin-left: 8px; margin-top: 8px;\"\/>Fidelis Insurance Group, soci\u00e9t\u00e9 bermudienne d\u2019assurance et de r\u00e9assurance, proc\u00e8de \u00e0 la nomination de William Waddell-Dudley au poste de directeur de la souscription (CUO) pour le Royaume-Uni.<\/p>\n<p>W. Waddell-Dudley d\u00e9bute sa carri\u00e8re professionnelle en 2004 o\u00f9 en plus de 20 ans d\u2019activit\u00e9 il exerce plusieurs fonctions de responsabilit\u00e9 aupr\u00e8s d\u2019AUG, Hiscox, Talbot Underwriting, AmTrust at Lloyd\u2019s et IQUW.<\/p>\n<p>Dans son nouveau poste, W. Waddell-Dudley travaillera en \u00e9troite collaboration avec les CUO de Fidelis pour les Bermudes et l\u2019Irlande.<\/p>\n","protected":false},"excerpt":{"rendered":"Fidelis Insurance Group, soci\u00e9t\u00e9 bermudienne d\u2019assurance et de r\u00e9assurance, proc\u00e8de \u00e0 la nomination de William Waddell-Dudley au poste&hellip;\n","protected":false},"author":2,"featured_media":510941,"comment_status":"","ping_status":"","sticky":false,"template":"","format":"standard","meta":{"footnotes":""},"categories":[1588],"tags":[47,11,1117,55990,1777,674,62391,1031,74,12,62392,473,1853,1851,1850,1852],"class_list":{"0":"post-510940","1":"post","2":"type-post","3":"status-publish","4":"format-standard","5":"has-post-thumbnail","7":"category-royaume-uni","8":"tag-actualite","9":"tag-actualites","10":"tag-assurance","11":"tag-atlas","12":"tag-eu","13":"tag-europe","14":"tag-mag","15":"tag-magazine","16":"tag-monde","17":"tag-news","18":"tag-reassurance","19":"tag-royaume-uni","20":"tag-royaume-uni-de-grande-bretagne-et-dirlande-du-nord","21":"tag-uk","22":"tag-united-kingdom","23":"tag-united-kingdom-of-great-britain-and-northern-ireland"},"share_on_mastodon":{"url":"https:\/\/pubeurope.com\/@fr\/115491015900473106","error":""},"_links":{"self":[{"href":"https:\/\/www.europesays.com\/fr\/wp-json\/wp\/v2\/posts\/510940","targetHints":{"allow":["GET"]}}],"collection":[{"href":"https:\/\/www.europesays.com\/fr\/wp-json\/wp\/v2\/posts"}],"about":[{"href":"https:\/\/www.europesays.com\/fr\/wp-json\/wp\/v2\/types\/post"}],"author":[{"embeddable":true,"href":"https:\/\/www.europesays.com\/fr\/wp-json\/wp\/v2\/users\/2"}],"replies":[{"embeddable":true,"href":"https:\/\/www.europesays.com\/fr\/wp-json\/wp\/v2\/comments?post=510940"}],"version-history":[{"count":0,"href":"https:\/\/www.europesays.com\/fr\/wp-json\/wp\/v2\/posts\/510940\/revisions"}],"wp:featuredmedia":[{"embeddable":true,"href":"https:\/\/www.europesays.com\/fr\/wp-json\/wp\/v2\/media\/510941"}],"wp:attachment":[{"href":"https:\/\/www.europesays.com\/fr\/wp-json\/wp\/v2\/media?parent=510940"}],"wp:term":[{"taxonomy":"category","embeddable":true,"href":"https:\/\/www.europesays.com\/fr\/wp-json\/wp\/v2\/categories?post=510940"},{"taxonomy":"post_tag","embeddable":true,"href":"https:\/\/www.europesays.com\/fr\/wp-json\/wp\/v2\/tags?post=510940"}],"curies":[{"name":"wp","href":"https:\/\/api.w.org\/{rel}","templated":true}]}}