{"id":510942,"date":"2025-11-04T10:43:19","date_gmt":"2025-11-04T10:43:19","guid":{"rendered":"https:\/\/www.europesays.com\/fr\/510942\/"},"modified":"2025-11-04T10:43:19","modified_gmt":"2025-11-04T10:43:19","slug":"gerry-weber-continue-uniquement-en-ligne-en-allemagne-en-autriche-et-en-suisse","status":"publish","type":"post","link":"https:\/\/www.europesays.com\/fr\/510942\/","title":{"rendered":"Gerry Weber continue uniquement en ligne en Allemagne, en Autriche et en Suisse"},"content":{"rendered":"<p>        <img decoding=\"async\" src=\"https:\/\/www.retaildetail.be\/wp-content\/themes\/retaildetail\/assets\/sources\/images\/book_icon.svg\" alt=\"icon\" title=\"Article\"\/>    <\/p>\n<p>            <img width=\"1000\" height=\"667\" src=\"https:\/\/www.europesays.com\/fr\/wp-content\/uploads\/2025\/11\/gerry-weber.jpg\" class=\"attachment-large size-large wp-post-image\" alt=\"Gerry Weber in Aachen\" decoding=\"async\" fetchpriority=\"high\"  \/>        <\/p>\n<p>\u00a9  r.classen \/ Shutterstock.com<\/p>\n<p><strong>Gerry Weber<\/strong> fait un nouveau d\u00e9part num\u00e9rique dans la r\u00e9gion DACH (Allemagne, Autriche et Suisse). La marque de mode allemande a fait faillite au printemps dernier. En Belgique, tous les magasins ont alors disparu, tandis qu\u2019aux Pays-Bas, plusieurs succursales ont \u00e9t\u00e9 sauv\u00e9es.<\/p>\n<p>Repositionnement num\u00e9rique<\/p>\n<p>Le red\u00e9marrage dans les pays germanophones se fait via Globalist Beteiligungs, le partenaire e-commerce du groupe espagnol Victrix, qui a \u00e9galement rachet\u00e9 la branche n\u00e9erlandaise de la marque de mode en faillite au d\u00e9but de l\u2019ann\u00e9e. Globalist prend en charge la boutique en ligne, le marketing et la gestion op\u00e9rationnelle et opte pour une approche purement num\u00e9rique, sans magasins physiques propres.<\/p>\n","protected":false},"excerpt":{"rendered":"\u00a9 r.classen \/ Shutterstock.com Gerry Weber fait un nouveau d\u00e9part num\u00e9rique dans la r\u00e9gion DACH (Allemagne, Autriche et&hellip;\n","protected":false},"author":2,"featured_media":510943,"comment_status":"","ping_status":"","sticky":false,"template":"","format":"standard","meta":{"footnotes":""},"categories":[1587],"tags":[11,672,1804,1805,1803,1777,674,1801,12,1802],"class_list":{"0":"post-510942","1":"post","2":"type-post","3":"status-publish","4":"format-standard","5":"has-post-thumbnail","7":"category-allemagne","8":"tag-actualites","9":"tag-allemagne","10":"tag-bundesrepublik-deutschland","11":"tag-de","12":"tag-deutschland","13":"tag-eu","14":"tag-europe","15":"tag-germany","16":"tag-news","17":"tag-republique-federale-dallemagne"},"share_on_mastodon":{"url":"https:\/\/pubeurope.com\/@fr\/115491019850008877","error":""},"_links":{"self":[{"href":"https:\/\/www.europesays.com\/fr\/wp-json\/wp\/v2\/posts\/510942","targetHints":{"allow":["GET"]}}],"collection":[{"href":"https:\/\/www.europesays.com\/fr\/wp-json\/wp\/v2\/posts"}],"about":[{"href":"https:\/\/www.europesays.com\/fr\/wp-json\/wp\/v2\/types\/post"}],"author":[{"embeddable":true,"href":"https:\/\/www.europesays.com\/fr\/wp-json\/wp\/v2\/users\/2"}],"replies":[{"embeddable":true,"href":"https:\/\/www.europesays.com\/fr\/wp-json\/wp\/v2\/comments?post=510942"}],"version-history":[{"count":0,"href":"https:\/\/www.europesays.com\/fr\/wp-json\/wp\/v2\/posts\/510942\/revisions"}],"wp:featuredmedia":[{"embeddable":true,"href":"https:\/\/www.europesays.com\/fr\/wp-json\/wp\/v2\/media\/510943"}],"wp:attachment":[{"href":"https:\/\/www.europesays.com\/fr\/wp-json\/wp\/v2\/media?parent=510942"}],"wp:term":[{"taxonomy":"category","embeddable":true,"href":"https:\/\/www.europesays.com\/fr\/wp-json\/wp\/v2\/categories?post=510942"},{"taxonomy":"post_tag","embeddable":true,"href":"https:\/\/www.europesays.com\/fr\/wp-json\/wp\/v2\/tags?post=510942"}],"curies":[{"name":"wp","href":"https:\/\/api.w.org\/{rel}","templated":true}]}}