{"id":510946,"date":"2025-11-04T10:45:16","date_gmt":"2025-11-04T10:45:16","guid":{"rendered":"https:\/\/www.europesays.com\/fr\/510946\/"},"modified":"2025-11-04T10:45:16","modified_gmt":"2025-11-04T10:45:16","slug":"un-exile-soudanais-en-proces-pour-avoir-conduit-une-embarcation-les-dirigeants-europeens-toujours-impunis","status":"publish","type":"post","link":"https:\/\/www.europesays.com\/fr\/510946\/","title":{"rendered":"un exil\u00e9 soudanais en proc\u00e8s pour avoir conduit une embarcation, les dirigeants europ\u00e9ens toujours impunis"},"content":{"rendered":"<p class=\"has-text-align-center\"><strong>Qui sont les vrais criminels\u00a0? D\u2019un c\u00f4t\u00e9, Ibrahim A, rescap\u00e9 soudanais, est accus\u00e9 d\u2019homicide involontaire apr\u00e8s le naufrage de l\u2019embarcation dans laquelle il fuyait vers l\u2019Angleterre. De l\u2019autre, 122 dirigeants de l\u2019Union Europ\u00e9enne accus\u00e9s de crime contre l\u2019humanit\u00e9 pour leur politique migratoire raciste et n\u00e9ocoloniale. D\u00e9cryptage.<\/strong><\/p>\n<p><img loading=\"lazy\" decoding=\"async\" width=\"996\" height=\"992\" data-attachment-id=\"97245\" data-permalink=\"https:\/\/contre-attaque.net\/2025\/11\/04\/europe-forteresse-un-exile-soudanais-en-proces-pour-avoir-conduit-une-embarcation-les-dirigeants-europeens-toujours-impunis\/signal-2025-11-04-104041\/\" data-orig-file=\"https:\/\/www.europesays.com\/fr\/wp-content\/uploads\/2025\/11\/signal-2025-11-04-104041.jpeg\" data-orig-size=\"996,992\" data-comments-opened=\"0\" data-image-meta=\"{&quot;aperture&quot;:&quot;0&quot;,&quot;credit&quot;:&quot;&quot;,&quot;camera&quot;:&quot;&quot;,&quot;caption&quot;:&quot;&quot;,&quot;created_timestamp&quot;:&quot;0&quot;,&quot;copyright&quot;:&quot;&quot;,&quot;focal_length&quot;:&quot;0&quot;,&quot;iso&quot;:&quot;0&quot;,&quot;shutter_speed&quot;:&quot;0&quot;,&quot;title&quot;:&quot;&quot;,&quot;orientation&quot;:&quot;0&quot;}\" data-image-title=\"signal-2025-11-04-104041\" data-image-description=\"\" data-image-caption=\"\" data-medium-file=\"https:\/\/contre-attaque.net\/wp-content\/uploads\/2025\/11\/signal-2025-11-04-104041-300x300.jpeg\" data-large-file=\"https:\/\/www.europesays.com\/fr\/wp-content\/uploads\/2025\/11\/signal-2025-11-04-104041.jpeg\" src=\"https:\/\/www.europesays.com\/fr\/wp-content\/uploads\/2025\/11\/signal-2025-11-04-104041.jpeg\" alt=\"Un bateau rempli d'exil\u00e9s comme Ibrahim en train de sombrer en M\u00e9diterran\u00e9e.\" class=\"wp-image-97245\"  \/><\/p>\n<p>Criminaliser les personnes exil\u00e9es<\/p>\n<p>\u00c0 partir du mardi 4 novembre et jusqu\u2019au 18, Ibrahim A. sera jug\u00e9 \u00e0 Paris pour homicide involontaire, mise en danger de la vie d\u2019autrui et aide \u00e0 l\u2019entr\u00e9e et au s\u00e9jour irr\u00e9gulier en bande organis\u00e9e. L\u2019affaire est trait\u00e9e par la Juridiction nationale de lutte contre la criminalit\u00e9 organis\u00e9e (Junalco). Il est jug\u00e9 avec neuf autres personnes qu\u2019on accuse de faire partie d\u2019un r\u00e9seau de passeurs. Il risque jusqu\u2019\u00e0 10 ans de prison.<\/p>\n<p>Ibrahim a 31 ans, il est originaire du Darfour Ouest, et a fui le g\u00e9nocide de la population masalit au Soudan. Lui et sa famille se sont d\u2019abord r\u00e9fugi\u00e9s dans un camp de d\u00e9plac\u00e9s \u00e0 Krinding, puis au Tchad. Alors que son \u00e9pouse obtient l\u2019asile aux \u00c9tats-Unis, o\u00f9 elle exerce son m\u00e9tier d\u2019infirmi\u00e8re, lui prend le chemin de l\u2019exil vers l\u2019Europe de l\u2019Ouest. Il passe par la Libye, puis traverse la M\u00e9diterran\u00e9e en bateau, passe par l\u2019Italie, puis arrive en France apr\u00e8s plusieurs mois. \u00abJe comprenais beaucoup plus l\u2019anglais, c\u2019est pour cela que j\u2019ai voulu partir en Angleterre\u00bb explique Ibrahim.<\/p>\n<p>Dans la nuit du 11 au 12 ao\u00fbt 2023, il monte dans une embarcation pneumatique afin de traverser la Manche, aux c\u00f4t\u00e9s de 68 passagers, majoritairement afghans. \u00abJe suis mont\u00e9 pour aller chercher une vie meilleure\u00bb explique-t-il. L\u2019un des gonfleurs de l\u2019embarcation explose, et c\u2019est le naufrage. Sept personnes meurent. 35 rescap\u00e9s sont auditionn\u00e9s par les enqu\u00eateurs, et une vingtaine d\u2019entre eux reconnaissent Ibrahim comme \u00e9tant le conducteur de l\u2019embarcation. Ibrahim le nie, et rappelle \u00abJ\u2019habite le Darfour, on n\u2019a m\u00eame pas de mer pour apprendre \u00e0 conduire une barque\u00bb. Tous les t\u00e9moins rescap\u00e9s sont formels\u00a0: tous les passagers du bateau \u00e9taient des exil\u00e9s fuyant leur pays, y compris Ibrahim. En r\u00e9alit\u00e9, les passeurs ne montent pas sur les bateaux : pourquoi risqueraient-ils leur vie\u00a0? En r\u00e8gle g\u00e9n\u00e9ral, ils choisissent un passager, d\u00e9sign\u00e9 comme pilote.<\/p>\n<p>Son avocat, ma\u00eetre Rapha\u00ebl Kempf, rappelle les questions lunaires pos\u00e9es par la juge d\u2019instruction sur les normes des gilets de sauvetage. \u00abLe but de la juge, c\u2019est de d\u00e9montrer la faute sur le manquement \u00e0 la s\u00e9curit\u00e9 qui caract\u00e9rise l\u2019homicide involontaire, c\u2019est pour cela qu\u2019elle \u00e9voque cette norme\u00bb. Ce faisant, elle d\u00e9politise totalement l\u2019exil d\u2019Ibrahim, qui aurait pu mourir cette nuit l\u00e0. En s\u2019attardant sur les d\u00e9tails techniques, elle \u00e9vite de poser les questions fondamentales qui poussent 68 personnes \u00e0 risquer leur vie sur un bateau de fortune au milieu de la nuit. Ibrahim, lui, ne portait m\u00eame pas de gilet de sauvetage cette nuit-l\u00e0.<\/p>\n<p>Depuis son arrestation, il est toujours en d\u00e9tention provisoire \u00e0 la maison d\u2019arr\u00eat de Bois-d\u2019Arcy. Sa demande d\u2019asile lui a \u00e9t\u00e9 refus\u00e9e. Il est jug\u00e9 au milieu d\u2019un groupe de neuf autres personnes, toute suspect\u00e9es de trafic d\u2019\u00eatre humain. Ce faisant, la justice montre sa volont\u00e9 de criminaliser les personnes exil\u00e9es afin de mieux justifier les politiques toujours plus r\u00e9pressives contre elles. Ces proc\u00e8s contre les passeurs servent en outre \u00e0 leur faire porter la responsabilit\u00e9 des morts en mer, alors m\u00eame que les premiers responsables sont les \u00c9tats qui mettent en \u0153uvre cette politique. En 2024, au moins 78 personnes sont mortes en tentant la travers\u00e9e de la Manche.<\/p>\n<p>Des dirigeants europ\u00e9ens accus\u00e9s de crimes contre l\u2019humanit\u00e9<\/p>\n<p>En 2024, la Ligue\u00a0des droits de l\u2019Homme (LDH)\u00a0et l\u2019association Utopia 56, qui vient en aide aux exil\u00e9s, ont d\u00e9pos\u00e9 une plainte\u00a0pour complicit\u00e9 de crimes contre l\u2019humanit\u00e9 et de torture contre Fabrice Leggeri , l\u2019ancien patron de Frontex. Cet homme \u00e9tait \u00e0 la t\u00eate de l\u2019agence de l\u2019Union Europ\u00e9enne charg\u00e9e de militariser les fronti\u00e8res et de refouler les immigr\u00e9s. Il est aujourd\u2019hui responsable au sein du Rassemblement Nationale. La plainte d\u00e9pos\u00e9e contre lui estime que Frontex\u00a0a jou\u00e9 \u00abun r\u00f4le essentiel dans la commission (\u2026) de crimes contre l\u2019humanit\u00e9\u00bb en M\u00e9diterran\u00e9e, qui est \u00abla route migratoire la plus meurtri\u00e8re au monde\u00bb.<\/p>\n<p>En 2022, une pr\u00e9c\u00e9dente plainte pour crime contre l\u2019humanit\u00e9 \u00e9tait d\u00e9pos\u00e9e \u00e0 la Cour P\u00e9nale Internationale \u00e0 l\u2019encontre d\u2019anciens repr\u00e9sentants des institutions europ\u00e9ennes et d\u2019anciens dirigeants. Le Centre europ\u00e9en pour les droits constitutionnels et humains et l\u2019organisation Sea-Watch accusaient ces responsables de refoulements ill\u00e9gaux et parfois mortels d\u2019exil\u00e9s, en partenariat avec les garde-c\u00f4tes libyens.<\/p>\n<p>En 2019 d\u00e9j\u00e0, les avocats Omar Shatz et Juan Branco avaient saisi la Cour P\u00e9nale Internationale et accus\u00e9 122 dirigeants europ\u00e9ens de crimes contre l\u2019humanit\u00e9, dont Fran\u00e7ois Hollande, Emmanuel Macron, Angela Merkel, Donald Tusk, mais aussi Fabrice Leggeri. Le rapport de 700 pages \u00e9voquait notamment les 40.000 morts noy\u00e9s en mer M\u00e9diterran\u00e9e depuis 2014, ainsi que les 150.000 personnes renvoy\u00e9es en Libye o\u00f9 elles ont subi des d\u00e9tentions arbitraires, des viols, de la torture et de l\u2019esclavage.<\/p>\n<p>\u00abNous avons p\u00e9n\u00e9tr\u00e9 au c\u0153ur de cet appareil de pouvoir\u00bb explique ma\u00eetre Shatz. Car les pays comme la France, qui accusent des hommes comme Ibrahim d\u2019\u00eatre des criminels, sont en r\u00e9alit\u00e9 les vrais criminels, et organisent leur crime \u00e0 grande \u00e9chelle. \u00abC\u2019est une architecture politique assum\u00e9e : externaliser la fronti\u00e8re vers une Libye d\u00e9vast\u00e9e, transformer les garde-c\u00f4tes libyens en sous-traitants de la forteresse europ\u00e9enne, et faire de la dissuasion par la peur un instrument de r\u00e9gulation migratoire\u00bb explique le m\u00e9dia ind\u00e9pendant M\u00e9diterran\u00e9e. \u00abLe m\u00e9moire cite des comptes rendus de r\u00e9unions du Conseil europ\u00e9en, des notes diplomatiques et des entretiens avec plus de 70 hauts fonctionnaires : autant de preuves d\u2019un syst\u00e8me o\u00f9 les dirigeants savaient. Savaient que les migrants intercept\u00e9s seraient enferm\u00e9s dans des ge\u00f4les sordides ; savaient que la coop\u00e9ration avec les milices libyennes nourrissait des crimes de masse ; savaient que chaque refoulement, chaque naufrage, chaque renvoi contribuait \u00e0 une trag\u00e9die humaine programm\u00e9e\u00bb.<\/p>\n<p>En sous-traitant la gestion des fronti\u00e8res \u00e0 des milices priv\u00e9es ultra violentes et \u00e0 des r\u00e9gimes autoritaires comme la Libye, les dirigeants europ\u00e9ens ont d\u00e9lib\u00e9r\u00e9ment commis des crimes contre l\u2019humanit\u00e9. Cette externalisation r\u00e9pond \u00e9galement d\u2019une logique n\u00e9ocoloniale de gestion des fronti\u00e8res. Ainsi, la Tunisie a \u00e9t\u00e9 contrainte de s\u2019allier \u00e0 cette politique sous pression financi\u00e8re et diplomatique. Le m\u00e9dia Decolonial news ajoute que \u00abcette sous-traitance n\u2019est pas une d\u00e9rive, c\u2019est une logique imp\u00e9rialiste et n\u00e9ocoloniale\u00a0: faire porter aux pays du Sud les cons\u00e9quences des guerres, du pillage et des d\u00e9s\u00e9quilibres cr\u00e9es par l\u2019Occident\u00bb.<\/p>\n<p>Les d\u00e9fenseurs de l\u2019Union Europ\u00e9enne \u00e9voquent le fait que les \u00c9tats membres n\u2019ont fait que prot\u00e9ger leur souverainet\u00e9. comment cette souverainet\u00e9 pourrait-elle justifier le fait de devenir complice de crimes contre l\u2019humanit\u00e9\u00a0? Les pays europ\u00e9ens ont une connaissance tr\u00e8s pr\u00e9cise des s\u00e9vices subis par les personnes exil\u00e9es renvoy\u00e9es en Libye. Ils se sont toujours plac\u00e9e au-dessus de la justice internationale, cette derni\u00e8re n\u2019\u00e9tant bonne que pour les pays du Sud. \u00abLe droit de la CPI est n\u00e9 ici, mais il ne s\u2019appliquait qu\u2019aux autres\u00bb explique ma\u00eetre Shatz. Il est temps que nos dirigeants soient soumis aux m\u00eames exigences qu\u2019ils entendent imposer aux autres.<\/p>\n<p>Pourtant, malgr\u00e9 ces multiples plaintes, ni les dirigeants de Frontex ni les gouvernants europ\u00e9ens n\u2019ont comparu sur le banc d\u2019un tribunal, contrairement \u00e0 Ibrahim, jug\u00e9 ce mardi pour l\u2019exemple.<\/p>\n","protected":false},"excerpt":{"rendered":"Qui sont les vrais criminels\u00a0? D\u2019un c\u00f4t\u00e9, Ibrahim A, rescap\u00e9 soudanais, est accus\u00e9 d\u2019homicide involontaire apr\u00e8s le naufrage&hellip;\n","protected":false},"author":2,"featured_media":510947,"comment_status":"","ping_status":"","sticky":false,"template":"","format":"standard","meta":{"footnotes":""},"categories":[1586],"tags":[11,1777,674,1779,1011,27,16281,1061,35089,12,12343,25,1778,364],"class_list":{"0":"post-510946","1":"post","2":"type-post","3":"status-publish","4":"format-standard","5":"has-post-thumbnail","7":"category-europe","8":"tag-actualites","9":"tag-eu","10":"tag-europe","11":"tag-european-union","12":"tag-fr","13":"tag-france","14":"tag-frontex","15":"tag-immigration","16":"tag-justice-de-classe","17":"tag-news","18":"tag-refugees-welcome","19":"tag-republique-francaise","20":"tag-ue","21":"tag-union-europeenne"},"share_on_mastodon":{"url":"https:\/\/pubeurope.com\/@fr\/115491027457691088","error":""},"_links":{"self":[{"href":"https:\/\/www.europesays.com\/fr\/wp-json\/wp\/v2\/posts\/510946","targetHints":{"allow":["GET"]}}],"collection":[{"href":"https:\/\/www.europesays.com\/fr\/wp-json\/wp\/v2\/posts"}],"about":[{"href":"https:\/\/www.europesays.com\/fr\/wp-json\/wp\/v2\/types\/post"}],"author":[{"embeddable":true,"href":"https:\/\/www.europesays.com\/fr\/wp-json\/wp\/v2\/users\/2"}],"replies":[{"embeddable":true,"href":"https:\/\/www.europesays.com\/fr\/wp-json\/wp\/v2\/comments?post=510946"}],"version-history":[{"count":0,"href":"https:\/\/www.europesays.com\/fr\/wp-json\/wp\/v2\/posts\/510946\/revisions"}],"wp:featuredmedia":[{"embeddable":true,"href":"https:\/\/www.europesays.com\/fr\/wp-json\/wp\/v2\/media\/510947"}],"wp:attachment":[{"href":"https:\/\/www.europesays.com\/fr\/wp-json\/wp\/v2\/media?parent=510946"}],"wp:term":[{"taxonomy":"category","embeddable":true,"href":"https:\/\/www.europesays.com\/fr\/wp-json\/wp\/v2\/categories?post=510946"},{"taxonomy":"post_tag","embeddable":true,"href":"https:\/\/www.europesays.com\/fr\/wp-json\/wp\/v2\/tags?post=510946"}],"curies":[{"name":"wp","href":"https:\/\/api.w.org\/{rel}","templated":true}]}}