{"id":510955,"date":"2025-11-04T10:52:19","date_gmt":"2025-11-04T10:52:19","guid":{"rendered":"https:\/\/www.europesays.com\/fr\/510955\/"},"modified":"2025-11-04T10:52:19","modified_gmt":"2025-11-04T10:52:19","slug":"tabur-seule-eclaircie-des-francais-a-metz-muller-sen-sort-pour-son-entree-a-athenes","status":"publish","type":"post","link":"https:\/\/www.europesays.com\/fr\/510955\/","title":{"rendered":"Tabur, seule \u00e9claircie des Fran\u00e7ais \u00e0 Metz, M\u00fcller s\u2019en sort pour son entr\u00e9e \u00e0 Ath\u00e8nes"},"content":{"rendered":"<p>                <img decoding=\"async\" src=\"https:\/\/www.europesays.com\/fr\/wp-content\/uploads\/2025\/11\/Fyss.jpg\" fetchpriority=\"high\" alt=\"Tabur, seule \u00e9claircie des Fran\u00e7ais \u00e0 Metz, M\u00fcller s\u2019en sort pour son entr\u00e9e \u00e0 Ath\u00e8nes\"\/><\/p>\n<p><strong>Six Fran\u00e7ais \u00e9taient sur les courts ce lundi \u00e0 Metz et \u00e0 Ath\u00e8nes, avec un bilan globalement d\u00e9cevant.<\/strong><\/p>\n<p>Au Moselle Open, seul Cl\u00e9ment Tabur, 243e mondial et issu des qualifications, a sauv\u00e9 l\u2019honneur. Le jeune Tricolore a sign\u00e9 la premi\u00e8re victoire de sa carri\u00e8re contre un top 100 en dominant Aleksandar Kovacevic (6-3, 6-2). Il retrouvera au deuxi\u00e8me tour Francesco Passaro ou Alexander Blockx.<\/p>\n<p>Les autres repr\u00e9sentants fran\u00e7ais ont tous chut\u00e9 : Giovanni Mpetshi Perricard a \u00e9t\u00e9 battu par Vitaliy Sachko (7-6, 6-3), Valentin Royer s\u2019est inclin\u00e9 face \u00e0 Cameron Norrie (6-3, 6-7, 6-3), Quentin Halys a c\u00e9d\u00e9 contre Matteo Berrettini (6-2, 6-4), tandis qu\u2019Ugo Blanchet, b\u00e9n\u00e9ficiaire d\u2019une invitation, n\u2019a pas r\u00e9sist\u00e9 \u00e0 Learner Tien (6-3, 6-3).<\/p>\n<p>\u00c0 Ath\u00e8nes, Alexandre M\u00fcller a pour sa part remport\u00e9 une belle bataille face \u00e0 Jan-Lennard Struff (6-3, 2-6, 7-6) et se mesurera \u00e0 Tomas Etcheverry ou Mackenzie McDonald pour une place en quart de finale.<\/p>\n","protected":false},"excerpt":{"rendered":"Six Fran\u00e7ais \u00e9taient sur les courts ce lundi \u00e0 Metz et \u00e0 Ath\u00e8nes, avec un bilan globalement d\u00e9cevant.&hellip;\n","protected":false},"author":2,"featured_media":510956,"comment_status":"","ping_status":"","sticky":false,"template":"","format":"standard","meta":{"footnotes":""},"categories":[1415],"tags":[1011,27,60,1467],"class_list":{"0":"post-510955","1":"post","2":"type-post","3":"status-publish","4":"format-standard","5":"has-post-thumbnail","7":"category-tennis","8":"tag-fr","9":"tag-france","10":"tag-sports","11":"tag-tennis"},"share_on_mastodon":{"url":"https:\/\/pubeurope.com\/@fr\/115491055421937405","error":""},"_links":{"self":[{"href":"https:\/\/www.europesays.com\/fr\/wp-json\/wp\/v2\/posts\/510955","targetHints":{"allow":["GET"]}}],"collection":[{"href":"https:\/\/www.europesays.com\/fr\/wp-json\/wp\/v2\/posts"}],"about":[{"href":"https:\/\/www.europesays.com\/fr\/wp-json\/wp\/v2\/types\/post"}],"author":[{"embeddable":true,"href":"https:\/\/www.europesays.com\/fr\/wp-json\/wp\/v2\/users\/2"}],"replies":[{"embeddable":true,"href":"https:\/\/www.europesays.com\/fr\/wp-json\/wp\/v2\/comments?post=510955"}],"version-history":[{"count":0,"href":"https:\/\/www.europesays.com\/fr\/wp-json\/wp\/v2\/posts\/510955\/revisions"}],"wp:featuredmedia":[{"embeddable":true,"href":"https:\/\/www.europesays.com\/fr\/wp-json\/wp\/v2\/media\/510956"}],"wp:attachment":[{"href":"https:\/\/www.europesays.com\/fr\/wp-json\/wp\/v2\/media?parent=510955"}],"wp:term":[{"taxonomy":"category","embeddable":true,"href":"https:\/\/www.europesays.com\/fr\/wp-json\/wp\/v2\/categories?post=510955"},{"taxonomy":"post_tag","embeddable":true,"href":"https:\/\/www.europesays.com\/fr\/wp-json\/wp\/v2\/tags?post=510955"}],"curies":[{"name":"wp","href":"https:\/\/api.w.org\/{rel}","templated":true}]}}