{"id":51096,"date":"2025-04-25T06:32:09","date_gmt":"2025-04-25T06:32:09","guid":{"rendered":"https:\/\/www.europesays.com\/fr\/51096\/"},"modified":"2025-04-25T06:32:09","modified_gmt":"2025-04-25T06:32:09","slug":"chants-homophobes-avant-saint-etienne-lyon-le-president-de-la-ligue-de-foot-professionnel-vise-par-une-plainte-liberation","status":"publish","type":"post","link":"https:\/\/www.europesays.com\/fr\/51096\/","title":{"rendered":"Chants homophobes avant Saint-Etienne &#8211; Lyon\u00a0: le pr\u00e9sident de la Ligue de foot professionnel vis\u00e9 par une plainte \u2013 Lib\u00e9ration"},"content":{"rendered":"<p class=\"sc-ksZaOG ehjQrN text-element\">Le pr\u00e9sident de la Ligue de football professionnel est aussi le directeur de la publication des r\u00e9seaux sociaux de l\u2019organisation. C\u2019est \u00e0 ce titre que Vincent Labrune, pr\u00e9sident de la LFP, va faire l\u2019objet d\u2019une plainte ce vendredi de la part de l\u2019association Stop Homophobie, apr\u00e8s la publication cette sur le compte Instagram de la ligue d\u2019une vid\u00e9o o\u00f9 on peut entendre un chant homophobe entonn\u00e9 par des supporters st\u00e9phanois \u00e0 l\u2019\u00e9gard de leurs homologues lyonnais.<\/p>\n<p class=\"sc-ksZaOG ehjQrN text-element\">La vid\u00e9o annonciatrice du match entre les deux rivaux, d\u00e9sormais indisponible, reprenait \u00abun chant de supporters [\u2026] homophobe : Oh Lyonnais, bande de p\u00e9d\u00e9s\u00bb, souligne l\u2019association, qui remarque que ledit chant \u00aba \u00e9t\u00e9 repris dans les tribunes\u00bb le lendemain pendant le match, sans \u00abr\u00e9action\u00bb des organisateurs, d\u00e9nonce encore Stop Homophobie. Qu\u2019un tel chant soit diffus\u00e9 \u00ab\u00e0 des fins promotionnelles sur les r\u00e9seaux sociaux\u00bb illustre <a href=\"https:\/\/www.liberation.fr\/idees-et-debats\/chants-homophobes-dans-les-stades-investir-dans-la-pedagogie-et-la-sensibilisation-plutot-que-fermer-des-tribunes-20231002_YA3CCNOHKJHBTBMYW7TI54PLK4\/\" target=\"_blank\" rel=\"noreferrer nofollow noopener\" title=\"https:\/\/www.liberation.fr\/idees-et-debats\/chants-homophobes-dans-les-stades-investir-dans-la-pedagogie-et-la-sensibilisation-plutot-que-fermer-des-tribunes-20231002_YA3CCNOHKJHBTBMYW7TI54PLK4\/\">\u00abla banalisation de l\u2019homophobie\u00bb<\/a> dans le football, fustige l\u2019avocat de l\u2019association Etienne Deshouli\u00e8res.<\/p>\n<p class=\"sc-ksZaOG ehjQrN text-element\">Du c\u00f4t\u00e9 de la LFP, c\u2019est la surprise qui l\u2019emporte. L\u2019organisation s\u2019est dite \u00ab\u00e9tonn\u00e9e\u00bb de cette plainte, qui \u00abfait suite \u00e0 la diffusion regrettable d\u2019un extrait vid\u00e9o\u00bb avec \u00abdes propos discriminatoires tenus par des supporters\u00bb. \u00abD\u00e8s l\u2019identification de ces propos, la LFP a retir\u00e9 la vid\u00e9o\u00bb et elle \u00abpr\u00e9sente ses sinc\u00e8res excuses \u00e0 toutes les personnes qui ont pu \u00eatre choqu\u00e9es ou affect\u00e9es par ce contenu\u00bb.<\/p>\n<p class=\"sc-ksZaOG ehjQrN text-element\">Elle a insist\u00e9 longuement sur son \u00abengagement de longue date dans la lutte contre toutes les formes de discrimination, et plus particuli\u00e8rement contre l\u2019homophobie.\u00bb Une source proche de la LFP a pr\u00e9sent\u00e9 celle-ci comme \u00abquasiment la seule instance sportive \u00e0 s\u2019engager pour lutter contre l\u2019homophobie\u00bb et d\u00e9nonc\u00e9 une plainte s\u2019apparentant \u00e0 \u00abdu harc\u00e8lement contre une institution et ses dirigeants tr\u00e8s engag\u00e9s sur ce sujet\u00bb et des associations cherchant \u00abavant tout de la publicit\u00e9\u00bb.<\/p>\n<p class=\"sc-ksZaOG ehjQrN text-element\">Quelque 202 sanctions ont \u00e9t\u00e9 prises lors de la saison 2022-2023 par la commission de discipline de la LFP pour des faits de discrimination, en grande majorit\u00e9 \u00e0 caract\u00e8re homophobe, lors de 175 matches. En cas de chants \u00e0 caract\u00e8re homophobe, une rencontre peut \u00eatre interrompue &#8211; cela a \u00e9t\u00e9 le cas de <a href=\"https:\/\/www.liberation.fr\/sports\/football\/chants-homophobes-au-parc-des-princes-le-psg-pourrait-etre-sanctionne-par-la-lfp-20241020_7YUG26XLDVBR3EOMLT6YTYSRLM\/\" target=\"_blank\" rel=\"noreferrer nofollow noopener\" title=\"https:\/\/www.liberation.fr\/sports\/football\/chants-homophobes-au-parc-des-princes-le-psg-pourrait-etre-sanctionne-par-la-lfp-20241020_7YUG26XLDVBR3EOMLT6YTYSRLM\/\">plusieurs matchs du PSG<\/a> &#8211; voire arr\u00eat\u00e9s &#8211; ce qui n\u2019a jamais \u00e9t\u00e9 le cas.<\/p>\n<p class=\"sc-ksZaOG ehjQrN text-element\">Stop Homophobie rappelle de son c\u00f4t\u00e9 que les <a href=\"https:\/\/www.liberation.fr\/societe\/police-justice\/il-y-a-de-quoi-etre-tres-inquiet-le-collectif-rouge-direct-contre-lhomophobie-dans-le-foot-plus-que-jamais-menace-20250115_YCUR3YVDUFCVTA3BXBGF7TUR6M\/\" target=\"_blank\" rel=\"noreferrer nofollow noopener\" title=\"https:\/\/www.liberation.fr\/societe\/police-justice\/il-y-a-de-quoi-etre-tres-inquiet-le-collectif-rouge-direct-contre-lhomophobie-dans-le-foot-plus-que-jamais-menace-20250115_YCUR3YVDUFCVTA3BXBGF7TUR6M\/\">associations anti-homophobie<\/a> \u00abavaient d\u00e9j\u00e0, \u00e0 plusieurs reprises, alert\u00e9 la LFP ainsi que les diffuseurs des matchs de football \u2013 Amazon et DAZN \u2013 sur la persistance de chants homophobes dans les tribunes\u00bb, rappelle Stop Homophobie.<\/p>\n","protected":false},"excerpt":{"rendered":"Le pr\u00e9sident de la Ligue de football professionnel est aussi le directeur de la publication des r\u00e9seaux sociaux&hellip;\n","protected":false},"author":2,"featured_media":51097,"comment_status":"","ping_status":"","sticky":false,"template":"","format":"standard","meta":{"footnotes":""},"categories":[9653],"tags":[1111,11,2430,1777,674,1011,27,8717,2428,12,25,4001],"class_list":{"0":"post-51096","1":"post","2":"type-post","3":"status-publish","4":"format-standard","5":"has-post-thumbnail","7":"category-saint-etienne","8":"tag-actu","9":"tag-actualites","10":"tag-auvergne-rhone-alpes","11":"tag-eu","12":"tag-europe","13":"tag-fr","14":"tag-france","15":"tag-homophobie","16":"tag-lyon","17":"tag-news","18":"tag-republique-francaise","19":"tag-saint-etienne"},"share_on_mastodon":{"url":"https:\/\/pubeurope.com\/@fr\/114397206549437762","error":""},"_links":{"self":[{"href":"https:\/\/www.europesays.com\/fr\/wp-json\/wp\/v2\/posts\/51096","targetHints":{"allow":["GET"]}}],"collection":[{"href":"https:\/\/www.europesays.com\/fr\/wp-json\/wp\/v2\/posts"}],"about":[{"href":"https:\/\/www.europesays.com\/fr\/wp-json\/wp\/v2\/types\/post"}],"author":[{"embeddable":true,"href":"https:\/\/www.europesays.com\/fr\/wp-json\/wp\/v2\/users\/2"}],"replies":[{"embeddable":true,"href":"https:\/\/www.europesays.com\/fr\/wp-json\/wp\/v2\/comments?post=51096"}],"version-history":[{"count":0,"href":"https:\/\/www.europesays.com\/fr\/wp-json\/wp\/v2\/posts\/51096\/revisions"}],"wp:featuredmedia":[{"embeddable":true,"href":"https:\/\/www.europesays.com\/fr\/wp-json\/wp\/v2\/media\/51097"}],"wp:attachment":[{"href":"https:\/\/www.europesays.com\/fr\/wp-json\/wp\/v2\/media?parent=51096"}],"wp:term":[{"taxonomy":"category","embeddable":true,"href":"https:\/\/www.europesays.com\/fr\/wp-json\/wp\/v2\/categories?post=51096"},{"taxonomy":"post_tag","embeddable":true,"href":"https:\/\/www.europesays.com\/fr\/wp-json\/wp\/v2\/tags?post=51096"}],"curies":[{"name":"wp","href":"https:\/\/api.w.org\/{rel}","templated":true}]}}