{"id":510965,"date":"2025-11-04T11:01:13","date_gmt":"2025-11-04T11:01:13","guid":{"rendered":"https:\/\/www.europesays.com\/fr\/510965\/"},"modified":"2025-11-04T11:01:13","modified_gmt":"2025-11-04T11:01:13","slug":"audiences-tv-la-serie-de-france-2-des-vivants-decoit-flavie-flament-demarre-timidement-sur-france-3","status":"publish","type":"post","link":"https:\/\/www.europesays.com\/fr\/510965\/","title":{"rendered":"Audiences TV. La s\u00e9rie de France\u00a02 \u00ab\u00a0Des vivants\u00a0\u00bb d\u00e9\u00e7oit, Flavie Flament d\u00e9marre timidement sur France\u00a03"},"content":{"rendered":"<p class=\"paragraph text_align_left lp-f-body-02\">Est-ce que l\u2019excellente s\u00e9rie <a href=\"https:\/\/www.leparisien.fr\/culture-loisirs\/tv\/des-vivants-pourquoi-il-faut-absolument-regarder-cette-bouleversante-serie-sur-les-rescapes-du-bataclan-26-10-2025-7Y57IYQKZ5DHXGYDRCGJKYIJRI.php\" target=\"_blank\" rel=\"noreferrer nofollow noopener\">\u00ab\u00a0Des vivants\u00a0\u00bb<\/a> diffus\u00e9e ce lundi soir sur France\u00a02, sur les survivants des attentats du 13\u00a0novembre a rencontr\u00e9 son public\u00a0? Le couperet des audiences est tomb\u00e9 ce matin et la r\u00e9ponse est non. La soir\u00e9e \u00e9v\u00e9nement a \u00e9t\u00e9 battue d\u2019abord par TF\u00a01. \u00ab\u00a0Un meurtre (presque) parfait\u00a0\u00bb, une s\u00e9rie in\u00e9dite aussi port\u00e9e par Claire Keim, a \u00e9t\u00e9 suivie par 3,75\u00a0millions de t\u00e9l\u00e9spectateurs tout au long de la soir\u00e9e, un chiffre qui correspond \u00e0 une part d\u2019audience de 20,4\u00a0% de l\u2019ensemble du public \u00e2g\u00e9 de quatre ans et de 17,6\u00a0% des Femmes responsables des achats \u00e2g\u00e9es de moins de 50\u00a0ans (FRDA-50), selon M\u00e9diam\u00e9trie. Le premier \u00e9pisode a m\u00eame attir\u00e9 4\u00a0millions de t\u00e9l\u00e9spectateurs, soit 19,8\u00a0% du public et 18,1\u00a0% des FRDA-50. Un tr\u00e8s bon lancement, donc.<\/p>\n<p class=\"paragraph text_align_left lp-f-body-02\">\u00c0 la deuxi\u00e8me place du podium M 6 on trouve un nouvel \u00e9pisode de la saison\u00a020 de \u00ab\u00a0L\u2019Amour est dans le pr\u00e9\u00a0\u00bb, une valeur s\u00fbre. Ils \u00e9taient 3,62\u00a0millions de t\u00e9l\u00e9spectateurs entre 21h13 et 22h08, soit 18,1\u00a0% des individus \u00e2g\u00e9s de quatre ans et plus, devant les tribulations amoureuses d\u2019agriculteurs \u00e0 la recherche de l\u2019amour. La part d\u2019audience des FRDA-50 est de 27,3\u00a0%, toujours selon le site de M\u00e9diam\u00e9trie. De 22h15 et 23h02, ils \u00e9taient encore 3,17\u00a0millions de t\u00e9l\u00e9spectateurs, soit 19,6\u00a0% du public et 26,6\u00a0% des FRDA-50. Soit une moyenne de 3,34\u00a0millions de t\u00e9l\u00e9spectateurs sur la soir\u00e9e, comme la semaine derni\u00e8re. Le programme avait alors recueilli une part d\u2019audience de 17,7\u00a0% sur les 4\u00a0ans et plus et de 27\u00a0% des FRDA-50.<\/p>\n<p class=\"paragraph text_align_left lp-f-body-02\">Enfin, \u00ab\u00a0Des vivants\u00a0\u00bb, la nouvelle s\u00e9rie de Jean-Xavier de Lestrade, port\u00e9e par un casting compos\u00e9 notamment de Benjamin Lavernhe et Alix Poisson, n\u2019a pas vraiment rencontr\u00e9 son public ce lundi soir. Ils \u00e9taient 1,74\u00a0million de t\u00e9l\u00e9spectateurs (10,5\u00a0% de PDA et 4,6\u00a0% des FRDA-50). \u00c0 titre de comparaison, le d\u00e9but de la pr\u00e9c\u00e9dente s\u00e9rie de Jean-Xavier de Lestrade \u00ab\u00a0Sambre\u00a0\u00bb, diffus\u00e9e en novembre\u00a02023, avait cartonn\u00e9 en r\u00e9unissant 3,46\u00a0millions de t\u00e9l\u00e9spectateurs, soit une part d\u2019audience de 18,8\u00a0% de l\u2019ensemble du public et de 5,6\u00a0% des FRDA-50. En pr\u00e9visionnage, le programme avait en revanche d\u00e9j\u00e0 s\u00e9duit, <a href=\"https:\/\/www.leparisien.fr\/culture-loisirs\/tv\/deja-16-million-de-vues-des-vivants-la-serie-sur-les-otages-du-bataclan-seduit-avant-sa-diffusion-sur-france-2-03-11-2025-QETOBDYOIRDEHNKROBGSQLDR2Y.php\" target=\"_blank\" rel=\"noreferrer nofollow noopener\">totalisant en une semaine 1,6\u00a0million de visionnages sur la plateforme de France T\u00e9l\u00e9visions<\/a> o\u00f9 il est disponible depuis le 27\u00a0octobre.<\/p>\n<p class=\"paragraph text_align_left lp-f-body-02\">Pour la premi\u00e8re de <a href=\"https:\/\/www.leparisien.fr\/culture-loisirs\/tv\/flavie-flament-je-savais-que-telematin-sarreterait-pour-moi-au-bout-dune-saison-03-11-2025-LAYSZDN6NVA5FPNBKKERUSKHQE.php\" target=\"_blank\" rel=\"noreferrer nofollow noopener\">\u00ab\u00a0Flavie en France\u00a0\u00bb<\/a>, son \u00e9mission quotidienne itin\u00e9rante d\u2019une trentaine de minutes enregistr\u00e9e partout dans l\u2019Hexagone, sur France\u00a03 \u00e0 11h20, Flavie Flament r\u00e9unit 119 000 t\u00e9l\u00e9spectateurs et 2,9\u00a0% de PDA. Un d\u00e9marrage timide qui s\u2019inscrit n\u00e9anmoins dans la dynamique d\u2019audience de la cha\u00eene \u00e0 cette heure-l\u00e0.<\/p>\n","protected":false},"excerpt":{"rendered":"Est-ce que l\u2019excellente s\u00e9rie \u00ab\u00a0Des vivants\u00a0\u00bb diffus\u00e9e ce lundi soir sur France\u00a02, sur les survivants des attentats du&hellip;\n","protected":false},"author":2,"featured_media":510966,"comment_status":"","ping_status":"","sticky":false,"template":"","format":"standard","meta":{"footnotes":""},"categories":[1356],"tags":[872,58,59,1011,27,252,2205,1364],"class_list":{"0":"post-510965","1":"post","2":"type-post","3":"status-publish","4":"format-standard","5":"has-post-thumbnail","7":"category-television","8":"tag-culture-et-loisirs","9":"tag-divertissement","10":"tag-entertainment","11":"tag-fr","12":"tag-france","13":"tag-television","14":"tag-television-medias","15":"tag-tv"},"share_on_mastodon":{"url":"https:\/\/pubeurope.com\/@fr\/115491090247523658","error":""},"_links":{"self":[{"href":"https:\/\/www.europesays.com\/fr\/wp-json\/wp\/v2\/posts\/510965","targetHints":{"allow":["GET"]}}],"collection":[{"href":"https:\/\/www.europesays.com\/fr\/wp-json\/wp\/v2\/posts"}],"about":[{"href":"https:\/\/www.europesays.com\/fr\/wp-json\/wp\/v2\/types\/post"}],"author":[{"embeddable":true,"href":"https:\/\/www.europesays.com\/fr\/wp-json\/wp\/v2\/users\/2"}],"replies":[{"embeddable":true,"href":"https:\/\/www.europesays.com\/fr\/wp-json\/wp\/v2\/comments?post=510965"}],"version-history":[{"count":0,"href":"https:\/\/www.europesays.com\/fr\/wp-json\/wp\/v2\/posts\/510965\/revisions"}],"wp:featuredmedia":[{"embeddable":true,"href":"https:\/\/www.europesays.com\/fr\/wp-json\/wp\/v2\/media\/510966"}],"wp:attachment":[{"href":"https:\/\/www.europesays.com\/fr\/wp-json\/wp\/v2\/media?parent=510965"}],"wp:term":[{"taxonomy":"category","embeddable":true,"href":"https:\/\/www.europesays.com\/fr\/wp-json\/wp\/v2\/categories?post=510965"},{"taxonomy":"post_tag","embeddable":true,"href":"https:\/\/www.europesays.com\/fr\/wp-json\/wp\/v2\/tags?post=510965"}],"curies":[{"name":"wp","href":"https:\/\/api.w.org\/{rel}","templated":true}]}}