{"id":510978,"date":"2025-11-04T11:08:16","date_gmt":"2025-11-04T11:08:16","guid":{"rendered":"https:\/\/www.europesays.com\/fr\/510978\/"},"modified":"2025-11-04T11:08:16","modified_gmt":"2025-11-04T11:08:16","slug":"couts-exigences-administratives-nokia-annonce-vouloir-se-retirer-de-la-bourse-de-paris-04-11-2025-a-1026","status":"publish","type":"post","link":"https:\/\/www.europesays.com\/fr\/510978\/","title":{"rendered":"Co\u00fbts, \u00ab\u00a0exigences administratives\u00a0\u00bb&#8230; Nokia annonce vouloir se retirer de la Bourse de Paris &#8211; 04\/11\/2025 \u00e0 10:26"},"content":{"rendered":"<p> Le groupe finlandais appelle les investisseurs dont les actions sont cot\u00e9es \u00e0 la Bourse de Paris \u00e0 \u00ab\u00a0consulter leurs conseillers financiers et\/ou leurs d\u00e9positaires afin d&rsquo;\u00e9valuer les cons\u00e9quences\u00a0\u00bb de cette radiation, qui doit encore \u00eatre approuv\u00e9e par le Conseil d&rsquo;administration d&rsquo;Euronext Paris.<\/p>\n<p>        <img decoding=\"async\" src=\"https:\/\/www.europesays.com\/fr\/wp-content\/uploads\/2025\/11\/39366bbc3b7e1f0e4e9756de553933d9-760x507.jpg\" alt=\"( AFP \/ JOSEP LAGO )\" loading=\"eager\" fetchpriority=\"high\" width=\"760\" height=\"507\" style=\"max-width: 100%!important; height: auto;\"\/><\/p>\n<p class=\"c-image-news__legend\">( AFP \/ JOSEP LAGO )<\/p>\n<p>\n Nouvel \u00e9pisode dans les retraits de cote sur la place parisienne. Nokia a annonc\u00e9 mardi 4 novembre son intention de soumettre une demande de radiation de ses actions cot\u00e9es \u00e0 la Bourse de Paris, citant des raisons li\u00e9es aux \u00ab\u00a0volumes d&rsquo;\u00e9changes, aux co\u00fbts et aux exigences administratives\u00a0\u00bb.\n<\/p>\n<p>\n \u00ab\u00a0Les actions de Nokia resteront cot\u00e9es sur le Nasdaq Helsinki, et ses American Depositary Receipts (ADR) resteront cot\u00e9s \u00e0 la Bourse de New York\u00a0\u00bb, a annonc\u00e9 le fabricant finlandais d&rsquo;\u00e9quipements t\u00e9l\u00e9coms, dans un communiqu\u00e9. Ce retrait de la cotation du fabricant finlandais est soumis \u00e0 l&rsquo;approbation du Conseil d&rsquo;administration d&rsquo;Euronext Paris. Une fois approuv\u00e9e, la radiation devrait prendre effet dans les trois mois suivant, a ajout\u00e9 le groupe.\n<\/p>\n<p>\n <strong><br \/>\n  \u00ab\u00a0La d\u00e9cision de Nokia de d\u00e9poser cette demande de radiation fait suite \u00e0 un examen des volumes d&rsquo;\u00e9changes, des co\u00fbts et des exigences administratives li\u00e9s \u00e0 sa cotation sur Euronext Paris\u00a0\u00bb,<br \/>\n <\/strong><br \/>\n a relev\u00e9 Nokia, sans donner plus de d\u00e9tails. Contact\u00e9 par l&rsquo;AFP, le groupe n&rsquo;a pas r\u00e9pondu dans l&rsquo;imm\u00e9diat.\n<\/p>\n<p> Paris n&rsquo;a plus la cote<\/p>\n<p>\n Selon une \u00e9tude du cabinet Ernst &amp; Young, \u00e0 la Bourse de Paris,<br \/>\n <strong><br \/>\n  la tendance est \u00e0 un recul du nombre d&rsquo;introductions en bourse et un solde net entr\u00e9es\/sorties n\u00e9gatif: en 2024, seules quatre entreprises ont \u00e9t\u00e9 cot\u00e9es et 36 sont sorties.<br \/>\n <\/strong><br \/>\n Les derniers mois ont notamment \u00e9t\u00e9 marqu\u00e9s par les d\u00e9parts de l&rsquo;\u00e9nerg\u00e9ticien Neoen, l&rsquo;expert en cybers\u00e9curit\u00e9 Exclusive Networks, ou encore le logisticien Clasquin.<\/p>\n","protected":false},"excerpt":{"rendered":"Le groupe finlandais appelle les investisseurs dont les actions sont cot\u00e9es \u00e0 la Bourse de Paris \u00e0 \u00ab\u00a0consulter&hellip;\n","protected":false},"author":2,"featured_media":510979,"comment_status":"","ping_status":"","sticky":false,"template":"","format":"standard","meta":{"footnotes":""},"categories":[6],"tags":[400,398,408,35,405,33,34,1011,27,403,402,399,404,401,406,407],"class_list":{"0":"post-510978","1":"post","2":"type-post","3":"status-publish","4":"format-standard","5":"has-post-thumbnail","7":"category-economie","8":"tag-action-cac-40","9":"tag-bourse-de-paris","10":"tag-boursorama","11":"tag-business","12":"tag-cotations","13":"tag-economie","14":"tag-economy","15":"tag-fr","16":"tag-france","17":"tag-indices-devises","18":"tag-investir","19":"tag-investissement","20":"tag-marche-boursier","21":"tag-sicav","22":"tag-trackers","23":"tag-warrants"},"share_on_mastodon":{"url":"https:\/\/pubeurope.com\/@fr\/115491117971431983","error":""},"_links":{"self":[{"href":"https:\/\/www.europesays.com\/fr\/wp-json\/wp\/v2\/posts\/510978","targetHints":{"allow":["GET"]}}],"collection":[{"href":"https:\/\/www.europesays.com\/fr\/wp-json\/wp\/v2\/posts"}],"about":[{"href":"https:\/\/www.europesays.com\/fr\/wp-json\/wp\/v2\/types\/post"}],"author":[{"embeddable":true,"href":"https:\/\/www.europesays.com\/fr\/wp-json\/wp\/v2\/users\/2"}],"replies":[{"embeddable":true,"href":"https:\/\/www.europesays.com\/fr\/wp-json\/wp\/v2\/comments?post=510978"}],"version-history":[{"count":0,"href":"https:\/\/www.europesays.com\/fr\/wp-json\/wp\/v2\/posts\/510978\/revisions"}],"wp:featuredmedia":[{"embeddable":true,"href":"https:\/\/www.europesays.com\/fr\/wp-json\/wp\/v2\/media\/510979"}],"wp:attachment":[{"href":"https:\/\/www.europesays.com\/fr\/wp-json\/wp\/v2\/media?parent=510978"}],"wp:term":[{"taxonomy":"category","embeddable":true,"href":"https:\/\/www.europesays.com\/fr\/wp-json\/wp\/v2\/categories?post=510978"},{"taxonomy":"post_tag","embeddable":true,"href":"https:\/\/www.europesays.com\/fr\/wp-json\/wp\/v2\/tags?post=510978"}],"curies":[{"name":"wp","href":"https:\/\/api.w.org\/{rel}","templated":true}]}}