{"id":510984,"date":"2025-11-04T11:11:12","date_gmt":"2025-11-04T11:11:12","guid":{"rendered":"https:\/\/www.europesays.com\/fr\/510984\/"},"modified":"2025-11-04T11:11:12","modified_gmt":"2025-11-04T11:11:12","slug":"vers-une-interdiction-a-vie-des-ventes-pour-tous-les-jeunes-nes-apres-2013","status":"publish","type":"post","link":"https:\/\/www.europesays.com\/fr\/510984\/","title":{"rendered":"Vers une interdiction \u00e0 vie des ventes pour tous les jeunes n\u00e9s apr\u00e8s 2013\u00a0?"},"content":{"rendered":"<p>Il veut \u00ab\u00a0enrayer d\u00e9finitivement l\u2019\u00e9pid\u00e9mie de <a href=\"https:\/\/www.20minutes.fr\/dossier\/tabagisme\" class=\"c-link c-link--is-underlined\" target=\"_blank\" rel=\"noopener\">tabagisme\u00a0<\/a>\u00bb. Dans ce sens, le d\u00e9put\u00e9 Nicolas Thierry a annonc\u00e9 mardi le d\u00e9p\u00f4t d\u2019une proposition de <a href=\"https:\/\/www.20minutes.fr\/dossier\/loi\" class=\"c-link c-link--is-underlined\" target=\"_blank\" rel=\"noopener\">loi<\/a> transpartisane visant \u00e0 interdire la vente de <a href=\"https:\/\/www.20minutes.fr\/dossier\/tabac\" class=\"c-link c-link--is-underlined\" target=\"_blank\" rel=\"noopener\">tabac <\/a>pour toutes personnes n\u00e9es apr\u00e8s le 1er\u00a0janvier 2014, qui deviendraient la premi\u00e8re g\u00e9n\u00e9ration sans tabac.<\/p>\n<p>\u00ab\u00a0L\u2019objectif est tr\u00e8s clair\u00a0: stopper l\u2019entr\u00e9e des jeunes dans le tabagisme en cessant de leur offrir l\u2019acc\u00e8s au produit\u00a0\u00bb, explique le d\u00e9put\u00e9 \u00e9cologiste de la 2e circonscription de Gironde. Et pour cela, \u00ab\u00a0on fait une interdiction g\u00e9n\u00e9rationnelle et progressive\u00a0\u00bb, ajoute-t-il.<\/p>\n<\/p>\n<p>Ainsi, \u00e0 compter du 1er\u00a0janvier 2032, la vente de tabac serait interdite pour toute personne n\u00e9e apr\u00e8s le 1er\u00a0janvier 2014, m\u00eame si elle est majeure. Une mesure salu\u00e9e notamment par la <a href=\"https:\/\/www.ligue-cancer.net\/nos-missions\/la-prevention-des-cancers\/tabac-et-cancers\" rel=\"nofollow noopener\" target=\"_blank\" class=\"c-link c-link--is-underlined\">Ligue contre le cancer et l\u2019Alliance contre le tabac<\/a> (ACT).<\/p>\n<p>L\u2019interdiction s\u2019appliquerait \u00e0 tous les produits du tabac dont le tabac chauff\u00e9, \u00ab\u00a0nouveau cheval de bataille des cigarettiers\u00a0\u00bb, se r\u00e9jouit l\u2019ACT. \u00ab\u00a0Face \u00e0 l\u2019ing\u00e9niosit\u00e9 de l\u2019industrie du tabac, qui essaye d\u2019en minimiser le danger, seules des mesures drastiques permettront de prot\u00e9ger les g\u00e9n\u00e9rations futures\u00a0\u00bb, plaide Philippe Bergerot, pr\u00e9sident de la Ligue contre le cancer.<\/p>\n<p>Le tabac, premi\u00e8re cause de mortalit\u00e9 \u00e9vitable en France<\/p>\n<p>En France, le tabac demeure la premi\u00e8re cause de mortalit\u00e9 \u00e9vitable\u00a0: il tue 75.000 personnes par an, ce qui repr\u00e9sente 13\u00a0% des d\u00e9c\u00e8s. Son \u00ab\u00a0co\u00fbt social\u00a0\u00bb global (morts, maladies, pertes de production, d\u00e9penses de pr\u00e9vention, r\u00e9pression et soins, pour l\u2019Etat) est estim\u00e9 \u00e0 156\u00a0milliards d\u2019euros par l\u2019Observatoire fran\u00e7ais des drogues et toxicomanies.<\/p>\n<p>\u00ab\u00a0Malgr\u00e9 une tendance \u00e0 la baisse de la pr\u00e9valence du tabagisme entre\u00a02014 et\u00a02019, les derni\u00e8res donn\u00e9es disponibles tendent \u00e0 montrer une r\u00e9cente stabilisation depuis\u00a02020\u00a0\u00bb, d\u00e9crit l\u2019expos\u00e9 des motifs. Toutefois, le tabagisme a recommenc\u00e9 \u00e0 reculer depuis, selon la derni\u00e8re enqu\u00eate de Sant\u00e9 publique France.<\/p>\n<p>Ainsi une personne \u00e2g\u00e9e de 18 \u00e0 75 ans sur quatre fumait du tabac en\u00a02024, contre pr\u00e8s d\u2019une personne sur trois en\u00a02021, ont montr\u00e9 les premiers r\u00e9sultats du barom\u00e8tre de l\u2019agence publi\u00e9 mi-octobre.<\/p>\n<p>Objectif\u00a0? Avoir la premi\u00e8re g\u00e9n\u00e9ration sans tabac d\u2019ici\u00a02032<\/p>\n<p>\u00ab\u00a0Les politiques anti-tabac fonctionnent plut\u00f4t bien\u00a0: espaces sans tabac, paquet neutre, augmentation des prix,\u00a0etc. Malgr\u00e9 tout, on ne peut pas se satisfaire de la situation\u00a0\u00bb, insiste le d\u00e9put\u00e9. \u00ab\u00a0Oui, la consommation baisse, mais s\u2019imaginer que le combat est gagn\u00e9 est illusoire\u00a0\u00bb, estime-t-il.<\/p>\n<p>Cette proposition de loi r\u00e9pond aussi \u00e0 l\u2019objectif de parvenir \u00e0 la premi\u00e8re g\u00e9n\u00e9ration sans tabac d\u2019ici\u00a02032, c\u2019est-\u00e0-dire atteindre moins de 5\u00a0% de pr\u00e9valence de tabagisme \u00e0 l\u2019\u00e2ge adulte pour les g\u00e9n\u00e9rations n\u00e9es \u00e0 partir de\u00a02014. L\u2019horizon de\u00a02032 figure dans le dernier Programme national de lutte contre le tabac (2023-2027), rappelle le texte Ce plan anti-tabac fran\u00e7ais s\u2019inscrit dans l\u2019objectif fix\u00e9 par l\u2019Union europ\u00e9enne d\u2019atteindre une g\u00e9n\u00e9ration sans tabac avec moins de 5\u00a0% de la population de l\u2019UE consommant des produits du tabac d\u2019ici \u00e0\u00a02040.<\/p>\n<p><a href=\"https:\/\/www.20minutes.fr\/dossier\/tabac\" class=\"c-link c-btn c-btn--primary\" target=\"_blank\" rel=\"noopener\">Notre dossier sur le tabac<\/a><\/p>\n<p>Pour l\u2019heure, cette proposition de loi transpartisane est soutenue par une vingtaine de d\u00e9put\u00e9s, \u00ab\u00a0allant de La France insoumise au groupe Horizons\u00a0\u00bb, explique Nicolas Thierry. Le d\u00e9put\u00e9 esp\u00e8re que le gouvernement soutiendra sa proposition. Et si le calendrier parlementaire est pour l\u2019instant \u00ab\u00a0incertain\u00a0\u00bb, il souhaite une inscription \u00e0 l\u2019ordre du jour lors du prochain cr\u00e9neau o\u00f9 l\u2019Assembl\u00e9e d\u00e9battra de projets de loi transpartisans.<\/p>\n","protected":false},"excerpt":{"rendered":"Il veut \u00ab\u00a0enrayer d\u00e9finitivement l\u2019\u00e9pid\u00e9mie de tabagisme\u00a0\u00bb. Dans ce sens, le d\u00e9put\u00e9 Nicolas Thierry a annonc\u00e9 mardi le&hellip;\n","protected":false},"author":2,"featured_media":510985,"comment_status":"","ping_status":"","sticky":false,"template":"","format":"standard","meta":{"footnotes":""},"categories":[2],"tags":[47,11,416,6583,422,1011,27,4074,6968,12,104,6582,5898],"class_list":{"0":"post-510984","1":"post","2":"type-post","3":"status-publish","4":"format-standard","5":"has-post-thumbnail","7":"category-actualites","8":"tag-actualite","9":"tag-actualites","10":"tag-assemblee-nationale","11":"tag-cigarette","12":"tag-depute","13":"tag-fr","14":"tag-france","15":"tag-jeunes","16":"tag-mortalite","17":"tag-news","18":"tag-societe","19":"tag-tabac","20":"tag-tabagisme"},"share_on_mastodon":{"url":"https:\/\/pubeurope.com\/@fr\/115491129597461345","error":""},"_links":{"self":[{"href":"https:\/\/www.europesays.com\/fr\/wp-json\/wp\/v2\/posts\/510984","targetHints":{"allow":["GET"]}}],"collection":[{"href":"https:\/\/www.europesays.com\/fr\/wp-json\/wp\/v2\/posts"}],"about":[{"href":"https:\/\/www.europesays.com\/fr\/wp-json\/wp\/v2\/types\/post"}],"author":[{"embeddable":true,"href":"https:\/\/www.europesays.com\/fr\/wp-json\/wp\/v2\/users\/2"}],"replies":[{"embeddable":true,"href":"https:\/\/www.europesays.com\/fr\/wp-json\/wp\/v2\/comments?post=510984"}],"version-history":[{"count":0,"href":"https:\/\/www.europesays.com\/fr\/wp-json\/wp\/v2\/posts\/510984\/revisions"}],"wp:featuredmedia":[{"embeddable":true,"href":"https:\/\/www.europesays.com\/fr\/wp-json\/wp\/v2\/media\/510985"}],"wp:attachment":[{"href":"https:\/\/www.europesays.com\/fr\/wp-json\/wp\/v2\/media?parent=510984"}],"wp:term":[{"taxonomy":"category","embeddable":true,"href":"https:\/\/www.europesays.com\/fr\/wp-json\/wp\/v2\/categories?post=510984"},{"taxonomy":"post_tag","embeddable":true,"href":"https:\/\/www.europesays.com\/fr\/wp-json\/wp\/v2\/tags?post=510984"}],"curies":[{"name":"wp","href":"https:\/\/api.w.org\/{rel}","templated":true}]}}