{"id":510988,"date":"2025-11-04T11:13:21","date_gmt":"2025-11-04T11:13:21","guid":{"rendered":"https:\/\/www.europesays.com\/fr\/510988\/"},"modified":"2025-11-04T11:13:21","modified_gmt":"2025-11-04T11:13:21","slug":"football-coupe-de-france-as-quetigny","status":"publish","type":"post","link":"https:\/\/www.europesays.com\/fr\/510988\/","title":{"rendered":"Football &#8211; Coupe de France. AS Quetigny"},"content":{"rendered":"<p>\u00ab\u00a0C&rsquo;est le meilleur tirage possible\u00a0\u00bb, se r\u00e9jouissait David R\u00e9gnet, l&rsquo;entra\u00eeneur de l&rsquo;AS Quetigny (R\u00e9gional 2) <a href=\"https:\/\/www.bienpublic.com\/sport\/2025\/10\/29\/david-regnet-saint-etienne-c-etait-le-meilleur-tirage-possible\" target=\"_blank\" rel=\"noopener\">apr\u00e8s le tirage au sort du 7e tour de la Coupe de France<\/a>. Les fameuses petites boules ayant offert \u00e0 ses joueurs l&rsquo;AS Saint-\u00c9tienne, club historique du football fran\u00e7ais<\/p>\n<p>La rencontre entre le leader du groupe B en R\u00e9gional 2 (Ligue BFC) et l&rsquo;actuel 3e de Ligue 2 sera disput\u00e9e samedi 15 novembre \u00e0 20 h 30. Un match qui sera diffus\u00e9 sur les antennes de beIN SPORTS.<\/p>\n<p>Gaston-G\u00e9rard privil\u00e9gi\u00e9<\/p>\n<p>Selon nos informations, les dirigeants de l&rsquo;AS Quetigny ont rencontr\u00e9 samedi 1er novembre leurs homologues du DFCO pour voir les modalit\u00e9s d&rsquo;une organisation \u00e0 Gaston-G\u00e9rard, l&rsquo;option privil\u00e9gi\u00e9e pour la tenue de cette opposition. Une autre entrevue est pr\u00e9vue ce mardi apr\u00e8s-midi entre les deux clubs c\u00f4te-d&rsquo;oriens.<\/p>\n<p>La derni\u00e8re fois que les Verts ont foul\u00e9 la pelouse de Gaston-G\u00e9rard, 11 465 spectateurs \u00e9taient venus garnir les gradins de l&rsquo;enceinte dijonnaise. <a href=\"https:\/\/www.bienpublic.com\/sport\/2022\/07\/30\/le-dfco-prend-le-dessus-sur-l-as-saint-etienne-et-debute-idealement\" target=\"_blank\" rel=\"noopener\">Le DFCO l&rsquo;avait alors emport\u00e9 sur l&rsquo;ASSE lors de l&rsquo;ouverture de la saison 2022-2023, en Ligue 2 (2-0)<\/a>.<\/p>\n<p>L&rsquo;hypoth\u00e8se d&rsquo;une d\u00e9localisation \u00e0 Geoffroy-Guichard est aussi \u00e9tudi\u00e9e, <a href=\"https:\/\/www.leprogres.fr\/sport\/2025\/11\/03\/l-horaire-du-match-de-coupe-de-france-contre-quetigny-connu\" target=\"_blank\" rel=\"noopener\">comme indiqu\u00e9 par nos confr\u00e8res du Progr\u00e8s<\/a>.<\/p>\n","protected":false},"excerpt":{"rendered":"\u00ab\u00a0C&rsquo;est le meilleur tirage possible\u00a0\u00bb, se r\u00e9jouissait David R\u00e9gnet, l&rsquo;entra\u00eeneur de l&rsquo;AS Quetigny (R\u00e9gional 2) apr\u00e8s le tirage&hellip;\n","protected":false},"author":2,"featured_media":510989,"comment_status":"","ping_status":"","sticky":false,"template":"","format":"standard","meta":{"footnotes":""},"categories":[9653],"tags":[1111,11,2430,2931,15922,8588,1777,674,107,1701,63,1011,27,12,62020,25,4001,517],"class_list":{"0":"post-510988","1":"post","2":"type-post","3":"status-publish","4":"format-standard","5":"has-post-thumbnail","7":"category-saint-etienne","8":"tag-actu","9":"tag-actualites","10":"tag-auvergne-rhone-alpes","11":"tag-cote-dor","12":"tag-coupe-de-france-de-football","13":"tag-edition-dijon-et-son-agglomeration","14":"tag-eu","15":"tag-europe","16":"tag-fil-info","17":"tag-fil-info-sport","18":"tag-football","19":"tag-fr","20":"tag-france","21":"tag-news","22":"tag-quetigny","23":"tag-republique-francaise","24":"tag-saint-etienne","25":"tag-sport"},"share_on_mastodon":{"url":"https:\/\/pubeurope.com\/@fr\/115491137508626124","error":""},"_links":{"self":[{"href":"https:\/\/www.europesays.com\/fr\/wp-json\/wp\/v2\/posts\/510988","targetHints":{"allow":["GET"]}}],"collection":[{"href":"https:\/\/www.europesays.com\/fr\/wp-json\/wp\/v2\/posts"}],"about":[{"href":"https:\/\/www.europesays.com\/fr\/wp-json\/wp\/v2\/types\/post"}],"author":[{"embeddable":true,"href":"https:\/\/www.europesays.com\/fr\/wp-json\/wp\/v2\/users\/2"}],"replies":[{"embeddable":true,"href":"https:\/\/www.europesays.com\/fr\/wp-json\/wp\/v2\/comments?post=510988"}],"version-history":[{"count":0,"href":"https:\/\/www.europesays.com\/fr\/wp-json\/wp\/v2\/posts\/510988\/revisions"}],"wp:featuredmedia":[{"embeddable":true,"href":"https:\/\/www.europesays.com\/fr\/wp-json\/wp\/v2\/media\/510989"}],"wp:attachment":[{"href":"https:\/\/www.europesays.com\/fr\/wp-json\/wp\/v2\/media?parent=510988"}],"wp:term":[{"taxonomy":"category","embeddable":true,"href":"https:\/\/www.europesays.com\/fr\/wp-json\/wp\/v2\/categories?post=510988"},{"taxonomy":"post_tag","embeddable":true,"href":"https:\/\/www.europesays.com\/fr\/wp-json\/wp\/v2\/tags?post=510988"}],"curies":[{"name":"wp","href":"https:\/\/api.w.org\/{rel}","templated":true}]}}