{"id":510992,"date":"2025-11-04T11:15:22","date_gmt":"2025-11-04T11:15:22","guid":{"rendered":"https:\/\/www.europesays.com\/fr\/510992\/"},"modified":"2025-11-04T11:15:22","modified_gmt":"2025-11-04T11:15:22","slug":"photos-la-maison-des-femmes-a-nancy-est-officiellement-ouverte","status":"publish","type":"post","link":"https:\/\/www.europesays.com\/fr\/510992\/","title":{"rendered":"Photos . La\u00a0Maison des Femmes \u00e0 Nancy est officiellement ouverte"},"content":{"rendered":"<p>Install\u00e9e sur l&rsquo;ancien site de l&rsquo;\u00e9cole maternelle Charles-III \u00e0 Nancy, la Maison des Femmes a officiellement ouvert ses portes ce lundi 3 novembre apr\u00e8s-midi.\u00a0Structure d\u2019accueil confidentielle, respectueuse et gratuite\u00a0pour les femmes victimes de violences et leurs enfants, elle participe \u00e9galement, par son espace de sensibilisation lab\u00e9lis\u00e9 par la Fondation des femmes, \u00e0 une meilleure information du grand public.\u00a0<\/p>\n","protected":false},"excerpt":{"rendered":"Install\u00e9e sur l&rsquo;ancien site de l&rsquo;\u00e9cole maternelle Charles-III \u00e0 Nancy, la Maison des Femmes a officiellement ouvert ses&hellip;\n","protected":false},"author":2,"featured_media":510993,"comment_status":"","ping_status":"","sticky":false,"template":"","format":"standard","meta":{"footnotes":""},"categories":[9635],"tags":[1111,11,1704,1777,674,6757,1011,27,2798,775,1702,12,25,273,104],"class_list":{"0":"post-510992","1":"post","2":"type-post","3":"status-publish","4":"format-standard","5":"has-post-thumbnail","7":"category-nancy","8":"tag-actu","9":"tag-actualites","10":"tag-edition-nancy-et-agglomeration","11":"tag-eu","12":"tag-europe","13":"tag-feminisme","14":"tag-fr","15":"tag-france","16":"tag-galerie-photo","17":"tag-grand-est","18":"tag-nancy","19":"tag-news","20":"tag-republique-francaise","21":"tag-selection-de-la-redaction","22":"tag-societe"},"share_on_mastodon":{"url":"https:\/\/pubeurope.com\/@fr\/115491145418186150","error":""},"_links":{"self":[{"href":"https:\/\/www.europesays.com\/fr\/wp-json\/wp\/v2\/posts\/510992","targetHints":{"allow":["GET"]}}],"collection":[{"href":"https:\/\/www.europesays.com\/fr\/wp-json\/wp\/v2\/posts"}],"about":[{"href":"https:\/\/www.europesays.com\/fr\/wp-json\/wp\/v2\/types\/post"}],"author":[{"embeddable":true,"href":"https:\/\/www.europesays.com\/fr\/wp-json\/wp\/v2\/users\/2"}],"replies":[{"embeddable":true,"href":"https:\/\/www.europesays.com\/fr\/wp-json\/wp\/v2\/comments?post=510992"}],"version-history":[{"count":0,"href":"https:\/\/www.europesays.com\/fr\/wp-json\/wp\/v2\/posts\/510992\/revisions"}],"wp:featuredmedia":[{"embeddable":true,"href":"https:\/\/www.europesays.com\/fr\/wp-json\/wp\/v2\/media\/510993"}],"wp:attachment":[{"href":"https:\/\/www.europesays.com\/fr\/wp-json\/wp\/v2\/media?parent=510992"}],"wp:term":[{"taxonomy":"category","embeddable":true,"href":"https:\/\/www.europesays.com\/fr\/wp-json\/wp\/v2\/categories?post=510992"},{"taxonomy":"post_tag","embeddable":true,"href":"https:\/\/www.europesays.com\/fr\/wp-json\/wp\/v2\/tags?post=510992"}],"curies":[{"name":"wp","href":"https:\/\/api.w.org\/{rel}","templated":true}]}}