{"id":5110,"date":"2025-04-06T11:10:16","date_gmt":"2025-04-06T11:10:16","guid":{"rendered":"https:\/\/www.europesays.com\/fr\/5110\/"},"modified":"2025-04-06T11:10:16","modified_gmt":"2025-04-06T11:10:16","slug":"previsions-du-dimanche-6-avril-2025-4","status":"publish","type":"post","link":"https:\/\/www.europesays.com\/fr\/5110\/","title":{"rendered":"pr\u00e9visions du dimanche 6 avril 2025"},"content":{"rendered":"<p>La journ\u00e9e qui s&rsquo;annonce \u00e0 Bordeaux, promet d&rsquo;\u00eatre superbe et ensoleill\u00e9e ! Le thermom\u00e8tre affichera 17\u00b0C en moyenne. Une petite brise de nord-ouest soufflera. Les temp\u00e9ratures vont enregistrer une hausse de plusieurs degr\u00e9s dans l&rsquo;apr\u00e8s-midi. Les valeurs iront de 21 \u00e0 22\u00b0C. Une nuit claire vous attendra entre dimanche et lundi.<\/p>\n<p>Un beau soleil est pr\u00e9vu demain \u00e0 Bordeaux. Le mercure va descendre de quelques degr\u00e9s. Les temp\u00e9ratures s&rsquo;\u00e9chelonneront entre 9 et 22\u00b0C. Un modeste vent de nord sera ressenti par les habitants. Une m\u00e9t\u00e9o plus chaude est \u00e0 pr\u00e9voir demain apr\u00e8s-midi puisque les temp\u00e9ratures vont conna\u00eetre une augmentation. Les maximales pourront atteindre 22\u00b0C alors que les minimales seront de 20\u00b0C.<\/p>\n<p>Peu d&rsquo;\u00e9volutions au fil des jours. Le temps sera ensoleill\u00e9 avec des temp\u00e9ratures avoisinant 15\u00b0C.<\/p>\n<p><\/p>\n","protected":false},"excerpt":{"rendered":"La journ\u00e9e qui s&rsquo;annonce \u00e0 Bordeaux, promet d&rsquo;\u00eatre superbe et ensoleill\u00e9e ! Le thermom\u00e8tre affichera 17\u00b0C en moyenne.&hellip;\n","protected":false},"author":2,"featured_media":5111,"comment_status":"","ping_status":"","sticky":false,"template":"","format":"standard","meta":{"footnotes":""},"categories":[2817],"tags":[1111,11,3177,1997,1777,674,1011,27,2905,12,2219,2119,25],"class_list":{"0":"post-5110","1":"post","2":"type-post","3":"status-publish","4":"format-standard","5":"has-post-thumbnail","7":"category-bordeaux","8":"tag-actu","9":"tag-actualites","10":"tag-aquitaine","11":"tag-bordeaux","12":"tag-eu","13":"tag-europe","14":"tag-fr","15":"tag-france","16":"tag-gironde","17":"tag-news","18":"tag-nouvelle-aquitaine","19":"tag-previsions-meteo","20":"tag-republique-francaise"},"share_on_mastodon":{"url":"https:\/\/pubeurope.com\/@fr\/114290715797374954","error":""},"_links":{"self":[{"href":"https:\/\/www.europesays.com\/fr\/wp-json\/wp\/v2\/posts\/5110","targetHints":{"allow":["GET"]}}],"collection":[{"href":"https:\/\/www.europesays.com\/fr\/wp-json\/wp\/v2\/posts"}],"about":[{"href":"https:\/\/www.europesays.com\/fr\/wp-json\/wp\/v2\/types\/post"}],"author":[{"embeddable":true,"href":"https:\/\/www.europesays.com\/fr\/wp-json\/wp\/v2\/users\/2"}],"replies":[{"embeddable":true,"href":"https:\/\/www.europesays.com\/fr\/wp-json\/wp\/v2\/comments?post=5110"}],"version-history":[{"count":0,"href":"https:\/\/www.europesays.com\/fr\/wp-json\/wp\/v2\/posts\/5110\/revisions"}],"wp:featuredmedia":[{"embeddable":true,"href":"https:\/\/www.europesays.com\/fr\/wp-json\/wp\/v2\/media\/5111"}],"wp:attachment":[{"href":"https:\/\/www.europesays.com\/fr\/wp-json\/wp\/v2\/media?parent=5110"}],"wp:term":[{"taxonomy":"category","embeddable":true,"href":"https:\/\/www.europesays.com\/fr\/wp-json\/wp\/v2\/categories?post=5110"},{"taxonomy":"post_tag","embeddable":true,"href":"https:\/\/www.europesays.com\/fr\/wp-json\/wp\/v2\/tags?post=5110"}],"curies":[{"name":"wp","href":"https:\/\/api.w.org\/{rel}","templated":true}]}}