{"id":51102,"date":"2025-04-25T06:35:09","date_gmt":"2025-04-25T06:35:09","guid":{"rendered":"https:\/\/www.europesays.com\/fr\/51102\/"},"modified":"2025-04-25T06:35:09","modified_gmt":"2025-04-25T06:35:09","slug":"derniers-jours-pour-plonger-dans-la-vie-des-chantiers-navals-de-la-seyne","status":"publish","type":"post","link":"https:\/\/www.europesays.com\/fr\/51102\/","title":{"rendered":"Derniers jours pour plonger dans la vie des chantiers navals de La Seyne"},"content":{"rendered":"<p>L\u2019actuelle exposition de la Villa Tamaris, \u00ab\u00a0Les B\u00e2tisseurs des navires de La Seyne (1888 \u00e0 1987)\u00a0\u00bb, se termine ce dimanche (1). Replonger dans les ateliers m\u00e9caniques grouillant d\u2019ouvriers; s\u2019\u00e9tonner de voir l\u2019embl\u00e9matique pont levant \u00ab\u00a0couch\u00e9\u00a0\u00bb pour laisser passer le train; ressentir la ferveur populaire qui accompagnait chaque nouvelle mise \u00e0 l\u2019eau des monstres d\u2019acier\u2026<\/p>\n<p>Les photos de Marius Bar<\/p>\n<p>C\u2019est une v\u00e9ritable immersion dans la vie des chantiers navals que propose le centre d\u2019art durant quelques jours encore aux visiteurs, \u00e0 travers 65 photographies, dont certaines in\u00e9dites, extraites de la collection de Marius Bar et de ses successeurs.<\/p>\n<p>Un t\u00e9moignage visuel rare, accompagn\u00e9 d\u2019explications historiques, de l\u2019\u00e9pop\u00e9e industrielle seynoise, \u00e0 laquelle jusqu\u2019\u00e0 7.000 personnes ont pris part dans les ann\u00e9es 1970: des Forges et chantiers de la M\u00e9diterran\u00e9e fond\u00e9s en 1853, devenus les Constructions navales et industrielles de la M\u00e9diterran\u00e9e (Cnim), avant la fusion de 1982 avec les chantiers de Dunkerque et de La Ciotat (Normed), jusqu\u2019au d\u00e9p\u00f4t de bilan en 1986&#8230; Un formidable voyage dans le temps.<\/p>\n<p>La Villa accueille aussi, jusqu\u2019\u00e0 dimanche, la superbe exposition du photographe G\u00e9rard Uf\u00e9ras, \u00ab\u00a0La Gr\u00e2ce et le feu\u00a0\u00bb.<\/p>\n<p>1. Villa Tamaris \u2013 Centre d\u2019art, 295 avenue de la Grande Maison \u00e0 La Seyne. Ouvert du mercredi au dimanche de 13h30\u00e0 18h30. Entr\u00e9e gratuite.<\/p>\n","protected":false},"excerpt":{"rendered":"L\u2019actuelle exposition de la Villa Tamaris, \u00ab\u00a0Les B\u00e2tisseurs des navires de La Seyne (1888 \u00e0 1987)\u00a0\u00bb, se termine&hellip;\n","protected":false},"author":2,"featured_media":51103,"comment_status":"","ping_status":"","sticky":false,"template":"","format":"standard","meta":{"footnotes":""},"categories":[9619],"tags":[1111,11,1777,674,8202,1011,27,12,882,25,2310,3366],"class_list":{"0":"post-51102","1":"post","2":"type-post","3":"status-publish","4":"format-standard","5":"has-post-thumbnail","7":"category-toulon","8":"tag-actu","9":"tag-actualites","10":"tag-eu","11":"tag-europe","12":"tag-expos","13":"tag-fr","14":"tag-france","15":"tag-news","16":"tag-provence-alpes-cote-dazur","17":"tag-republique-francaise","18":"tag-toulon","19":"tag-vie-locale"},"share_on_mastodon":{"url":"https:\/\/pubeurope.com\/@fr\/114397218276136791","error":""},"_links":{"self":[{"href":"https:\/\/www.europesays.com\/fr\/wp-json\/wp\/v2\/posts\/51102","targetHints":{"allow":["GET"]}}],"collection":[{"href":"https:\/\/www.europesays.com\/fr\/wp-json\/wp\/v2\/posts"}],"about":[{"href":"https:\/\/www.europesays.com\/fr\/wp-json\/wp\/v2\/types\/post"}],"author":[{"embeddable":true,"href":"https:\/\/www.europesays.com\/fr\/wp-json\/wp\/v2\/users\/2"}],"replies":[{"embeddable":true,"href":"https:\/\/www.europesays.com\/fr\/wp-json\/wp\/v2\/comments?post=51102"}],"version-history":[{"count":0,"href":"https:\/\/www.europesays.com\/fr\/wp-json\/wp\/v2\/posts\/51102\/revisions"}],"wp:featuredmedia":[{"embeddable":true,"href":"https:\/\/www.europesays.com\/fr\/wp-json\/wp\/v2\/media\/51103"}],"wp:attachment":[{"href":"https:\/\/www.europesays.com\/fr\/wp-json\/wp\/v2\/media?parent=51102"}],"wp:term":[{"taxonomy":"category","embeddable":true,"href":"https:\/\/www.europesays.com\/fr\/wp-json\/wp\/v2\/categories?post=51102"},{"taxonomy":"post_tag","embeddable":true,"href":"https:\/\/www.europesays.com\/fr\/wp-json\/wp\/v2\/tags?post=51102"}],"curies":[{"name":"wp","href":"https:\/\/api.w.org\/{rel}","templated":true}]}}