{"id":511021,"date":"2025-11-04T11:30:30","date_gmt":"2025-11-04T11:30:30","guid":{"rendered":"https:\/\/www.europesays.com\/fr\/511021\/"},"modified":"2025-11-04T11:30:30","modified_gmt":"2025-11-04T11:30:30","slug":"cette-association-fete-ses-125-ans-au-sud-de-nantes","status":"publish","type":"post","link":"https:\/\/www.europesays.com\/fr\/511021\/","title":{"rendered":"Cette association f\u00eate ses 125\u00a0ans au sud de Nantes"},"content":{"rendered":"<p>C\u2019est une fresque XXL qui attire le regard d\u00e8s l\u2019entr\u00e9e dans la cour de la Cambronnaise. Elle retrace les 125\u00a0ans d\u2019histoire de cette doyenne des associations s\u00e9bastiennaises, fond\u00e9e en 1900. D\u2019abord baptis\u00e9e Harmonie, puis Soci\u00e9t\u00e9 de gymnastique, tir et pr\u00e9paration militaire en 1912, l\u2019association n\u2019accueillait alors que des hommes. Apr\u00e8s les \u00e9preuves des deux guerres, elle se renouvelle sans cesse\u00a0: fin de la tutelle paroissiale en 1968, ouverture \u00e0 une section f\u00e9minine en 1969, puis naissance de la section twirling en 1982.<\/p>\n<p>Sous la pr\u00e9sidence de Christian Babonneau depuis 1989, la Cambronnaise n\u2019a cess\u00e9 d\u2019\u00e9voluer, comptant aujourd\u2019hui 14\u00a0activit\u00e9s, de la gymnastique artistique \u00e0 la capoeira, en passant par la danse urbaine, le cabaret ou le sport sant\u00e9.<\/p>\n<p>Plus grande association de la commune<\/p>\n<p>La fresque, r\u00e9alis\u00e9e par un gymnaste de Bonne Garde, illustre avec talent cette riche histoire collective. Avec 1\u00a0652\u00a0adh\u00e9rents, la Cambronnaise reste non seulement la plus ancienne, mais aussi la plus grande association de la commune.<\/p>\n<p>Les c\u00e9l\u00e9brations se sont poursuivies avec une messe en hommage aux disparus, suivie d\u2019une assembl\u00e9e g\u00e9n\u00e9rale \u00e0 l\u2019H\u00f4tel de Ville et d\u2019un week-end festif \u00e0 l\u2019Escall.<\/p>\n<p>\u00a0<\/p>\n","protected":false},"excerpt":{"rendered":"C\u2019est une fresque XXL qui attire le regard d\u00e8s l\u2019entr\u00e9e dans la cour de la Cambronnaise. Elle retrace&hellip;\n","protected":false},"author":2,"featured_media":511022,"comment_status":"","ping_status":"","sticky":false,"template":"","format":"standard","meta":{"footnotes":""},"categories":[2818],"tags":[63215,1111,11,1764,4077,1777,674,4768,1011,27,766,12,2636,25,7053],"class_list":{"0":"post-511021","1":"post","2":"type-post","3":"status-publish","4":"format-standard","5":"has-post-thumbnail","7":"category-nantes","8":"tag-63215","9":"tag-actu","10":"tag-actualites","11":"tag-ans","12":"tag-association","13":"tag-eu","14":"tag-europe","15":"tag-fete","16":"tag-fr","17":"tag-france","18":"tag-nantes","19":"tag-news","20":"tag-pays-de-la-loire","21":"tag-republique-francaise","22":"tag-sud"},"share_on_mastodon":{"url":"https:\/\/pubeurope.com\/@fr\/115491204344722282","error":""},"_links":{"self":[{"href":"https:\/\/www.europesays.com\/fr\/wp-json\/wp\/v2\/posts\/511021","targetHints":{"allow":["GET"]}}],"collection":[{"href":"https:\/\/www.europesays.com\/fr\/wp-json\/wp\/v2\/posts"}],"about":[{"href":"https:\/\/www.europesays.com\/fr\/wp-json\/wp\/v2\/types\/post"}],"author":[{"embeddable":true,"href":"https:\/\/www.europesays.com\/fr\/wp-json\/wp\/v2\/users\/2"}],"replies":[{"embeddable":true,"href":"https:\/\/www.europesays.com\/fr\/wp-json\/wp\/v2\/comments?post=511021"}],"version-history":[{"count":0,"href":"https:\/\/www.europesays.com\/fr\/wp-json\/wp\/v2\/posts\/511021\/revisions"}],"wp:featuredmedia":[{"embeddable":true,"href":"https:\/\/www.europesays.com\/fr\/wp-json\/wp\/v2\/media\/511022"}],"wp:attachment":[{"href":"https:\/\/www.europesays.com\/fr\/wp-json\/wp\/v2\/media?parent=511021"}],"wp:term":[{"taxonomy":"category","embeddable":true,"href":"https:\/\/www.europesays.com\/fr\/wp-json\/wp\/v2\/categories?post=511021"},{"taxonomy":"post_tag","embeddable":true,"href":"https:\/\/www.europesays.com\/fr\/wp-json\/wp\/v2\/tags?post=511021"}],"curies":[{"name":"wp","href":"https:\/\/api.w.org\/{rel}","templated":true}]}}