{"id":511027,"date":"2025-11-04T11:33:11","date_gmt":"2025-11-04T11:33:11","guid":{"rendered":"https:\/\/www.europesays.com\/fr\/511027\/"},"modified":"2025-11-04T11:33:11","modified_gmt":"2025-11-04T11:33:11","slug":"a-bordeaux-une-avocate-depose-plainte-apres-le-suicide-de-sa-fille-de-14-ans","status":"publish","type":"post","link":"https:\/\/www.europesays.com\/fr\/511027\/","title":{"rendered":"A Bordeaux, une avocate d\u00e9pose plainte apr\u00e8s le suicide de sa fille de 14 ans"},"content":{"rendered":"<p>L\u2019<a href=\"https:\/\/www.20minutes.fr\/dossier\/adolescent\" class=\"c-link c-link--is-underlined\" target=\"_blank\" rel=\"noopener\">adolescente<\/a> a \u00e9t\u00e9 retrouv\u00e9e pendue \u00e0 son domicile, le 25\u00a0mai dernier. Violette, 14 ans, scolaris\u00e9e en 4e au coll\u00e8ge Cassignol de <a href=\"https:\/\/www.20minutes.fr\/bordeaux\/\" class=\"c-link c-link--is-underlined\" target=\"_blank\" rel=\"noopener\">Bordeaux<\/a>, s\u2019est donn\u00e9 la mort le soir de la F\u00eate des m\u00e8res, apr\u00e8s avoir laiss\u00e9 une lettre d\u2019adieu dans laquelle elle racontait son mal-\u00eatre, r\u00e9v\u00e8le ce mardi <a href=\"https:\/\/www.francebleu.fr\/infos\/faits-divers-justice\/apres-le-suicide-de-sa-fille-agee-de-14-ans-une-avocate-bordelaise-depose-plainte-contre-x-pour-harcelement-scolaire-2565141\" rel=\"nofollow noopener\" target=\"_blank\" class=\"c-link c-link--is-underlined\">Ici Gironde<\/a>.<\/p>\n<p>Imm\u00e9diatement apr\u00e8s les faits, la m\u00e8re de l\u2019adolescente a indiqu\u00e9 aux enqu\u00eateurs soup\u00e7onner en toile de fond \u00ab\u00a0du <a href=\"https:\/\/www.20minutes.fr\/dossier\/harcelement\" class=\"c-link c-link--is-underlined\" target=\"_blank\" rel=\"noopener\">harc\u00e8lement<\/a>\u00a0\u00bb au sein de son coll\u00e8ge, explique l\u2019avocat de cette celle-ci, ma\u00eetre Anthony Maurin-Gomis. Mais \u00ab\u00a0les enqu\u00eateurs ne vont pas prendre au s\u00e9rieux cette hypoth\u00e8se\u00a0\u00bb dit-il encore.<\/p>\n<\/p>\n<p>La situation de l\u2019adolescente \u00ab\u00a0\u00e9tait connue\u00a0\u00bb selon le recteur<\/p>\n<p>Sa m\u00e8re, avocate p\u00e9naliste, a d\u00e9pos\u00e9 plainte contre X pour <a href=\"https:\/\/www.20minutes.fr\/dossier\/harcelement_scolaire\" class=\"c-link c-link--is-underlined\" target=\"_blank\" rel=\"noopener\">harc\u00e8lement scolaire<\/a> et moral le 24\u00a0octobre aupr\u00e8s du procureur de la R\u00e9publique de Bordeaux. Le recteur de l\u2019acad\u00e9mie indique de son c\u00f4t\u00e9 avoir diligent\u00e9 une enqu\u00eate administrative d\u00e8s le lendemain du suicide de la coll\u00e9gienne.<\/p>\n<p>Il ajoute aupr\u00e8s d\u2019Ici Gironde que \u00ab\u00a0la situation de Violette \u00e9tait connue dans l\u2019\u00e9tablissement\u00a0\u00bb, et que l\u2019adolescente avait \u00e9t\u00e9 re\u00e7ue \u00ab\u00a0dans le cadre de la mise en \u0153uvre du <a href=\"https:\/\/www.20minutes.fr\/societe\/4040109-20230606-harcelement-scolaire-gouvernement-veut-faire-combat-prioritaire-rentree\" class=\"c-link c-link--is-underlined\" target=\"_blank\" rel=\"noopener\">protocole PHARE<\/a>, le protocole de lutte contre le harc\u00e8lement scolaire.\u00a0\u00bb<\/p>\n","protected":false},"excerpt":{"rendered":"L\u2019adolescente a \u00e9t\u00e9 retrouv\u00e9e pendue \u00e0 son domicile, le 25\u00a0mai dernier. Violette, 14 ans, scolaris\u00e9e en 4e au&hellip;\n","protected":false},"author":2,"featured_media":511028,"comment_status":"","ping_status":"","sticky":false,"template":"","format":"standard","meta":{"footnotes":""},"categories":[2817],"tags":[1111,47,11,36062,3177,1997,1124,1067,1777,674,1011,27,2905,17930,12,2219,25,104,5748],"class_list":{"0":"post-511027","1":"post","2":"type-post","3":"status-publish","4":"format-standard","5":"has-post-thumbnail","7":"category-bordeaux","8":"tag-actu","9":"tag-actualite","10":"tag-actualites","11":"tag-adolescense","12":"tag-aquitaine","13":"tag-bordeaux","14":"tag-college","15":"tag-enquete","16":"tag-eu","17":"tag-europe","18":"tag-fr","19":"tag-france","20":"tag-gironde","21":"tag-harcelement-scolaire","22":"tag-news","23":"tag-nouvelle-aquitaine","24":"tag-republique-francaise","25":"tag-societe","26":"tag-suicide"},"share_on_mastodon":{"url":"https:\/\/pubeurope.com\/@fr\/115491216045516960","error":""},"_links":{"self":[{"href":"https:\/\/www.europesays.com\/fr\/wp-json\/wp\/v2\/posts\/511027","targetHints":{"allow":["GET"]}}],"collection":[{"href":"https:\/\/www.europesays.com\/fr\/wp-json\/wp\/v2\/posts"}],"about":[{"href":"https:\/\/www.europesays.com\/fr\/wp-json\/wp\/v2\/types\/post"}],"author":[{"embeddable":true,"href":"https:\/\/www.europesays.com\/fr\/wp-json\/wp\/v2\/users\/2"}],"replies":[{"embeddable":true,"href":"https:\/\/www.europesays.com\/fr\/wp-json\/wp\/v2\/comments?post=511027"}],"version-history":[{"count":0,"href":"https:\/\/www.europesays.com\/fr\/wp-json\/wp\/v2\/posts\/511027\/revisions"}],"wp:featuredmedia":[{"embeddable":true,"href":"https:\/\/www.europesays.com\/fr\/wp-json\/wp\/v2\/media\/511028"}],"wp:attachment":[{"href":"https:\/\/www.europesays.com\/fr\/wp-json\/wp\/v2\/media?parent=511027"}],"wp:term":[{"taxonomy":"category","embeddable":true,"href":"https:\/\/www.europesays.com\/fr\/wp-json\/wp\/v2\/categories?post=511027"},{"taxonomy":"post_tag","embeddable":true,"href":"https:\/\/www.europesays.com\/fr\/wp-json\/wp\/v2\/tags?post=511027"}],"curies":[{"name":"wp","href":"https:\/\/api.w.org\/{rel}","templated":true}]}}