{"id":511029,"date":"2025-11-04T11:34:11","date_gmt":"2025-11-04T11:34:11","guid":{"rendered":"https:\/\/www.europesays.com\/fr\/511029\/"},"modified":"2025-11-04T11:34:11","modified_gmt":"2025-11-04T11:34:11","slug":"important-que-les-jeunes-voient-cela-la-part-visible-du-camp-de-mauthausen-se-devoile-a-toulouse","status":"publish","type":"post","link":"https:\/\/www.europesays.com\/fr\/511029\/","title":{"rendered":"\u00ab\u00a0Important que les jeunes voient cela\u00a0\u00bb\u00a0: la part visible du camp de Mauthausen se d\u00e9voile \u00e0 Toulouse"},"content":{"rendered":"<p class=\"paragraph text_align_left lp-f-body-02\">\u00ab Ce n\u2019est pas une exposition historique sur ce qu\u2019\u00e9tait le camp de Mauthausen \u00bb, avertit d\u2019embl\u00e9e Claude Simon, pr\u00e9sident de l\u2019Amicale Mauthausen, amicale nationale des d\u00e9port\u00e9s, familles et amis de Mauthausen et ses kommandos. Si cette association, n\u00e9e en octobre 1945 de la volont\u00e9 des rescap\u00e9s fran\u00e7ais et espagnols et perp\u00e9tu\u00e9e par les familles et des passionn\u00e9s d\u2019histoires, a mis au point cette exposition \u00ab La part visible des camps \u00bb, c\u2019est pour donner \u00e0 voir les photos et images de ce camp autrichien lib\u00e9r\u00e9 le 5 mai 1945.<\/p>\n<p class=\"paragraph text_align_left lp-f-body-02\">Il faut savoir que les SS avaient mis en place un syst\u00e8me d\u2019identification des d\u00e9tenus, avec des fiches extr\u00eamement pr\u00e9cises, \u00e0 des fins pratiques. Cela n\u00e9cessitait notamment de les photographier. Et l\u2019histoire singuli\u00e8re de Mauthausen a permis \u00e0 une grande quantit\u00e9 de photographies d\u2019\u00eatre conserv\u00e9e, comme l\u2019explique Claude Simon. \u00ab D\u00e8s 1940-1941, le camp, qui concentre alors quasi uniquement des Allemands et des Autrichiens, voit arriver des Espagnols, qui ont tous une exp\u00e9rience historique de la lutte et de la r\u00e9sistance. Et ils vont cr\u00e9er une organisation clandestine au sein du camp. \u00bb<\/p>\n<p class=\"paragraph text_align_left lp-f-body-02\">Parmi les d\u00e9tenus, des photographes sont r\u00e9quisitionn\u00e9s par les nazis. Des Polonais et des Espagnols, dont Francesc Boix, qui a tr\u00e8s t\u00f4t l\u2019id\u00e9e de tenter de conserver des photos. Cach\u00e9es un temps, elles doivent \u00eatre sorties du camp pour \u00eatre v\u00e9ritablement prot\u00e9g\u00e9es.<\/p>\n<p class=\"paragraph text_align_left lp-f-body-02\">Un kommando amen\u00e9 \u00e0 sortir de l\u2019enceinte de Mauthausen pour tailler des pierres \u00e0 la carri\u00e8re de granit voisine va offrir la possibilit\u00e9 de transmettre des milliers de photos et de n\u00e9gatifs \u00e0 une Autrichienne, Anna Pointner, et certaines d\u2019entre elles serviront, lors du proc\u00e8s de Nuremberg, \u00e0 prouver la pr\u00e9sence de hauts responsables nazis sur place, dont Albert Speer. \u00ab Ils ont eu tr\u00e8s t\u00f4t la conscience historique que ces photos \u00e9taient des \u00e9l\u00e9ments de construction de la m\u00e9moire du camp \u00bb, souligne Claude Simon.<\/p>\n<p>Apprendre \u00e0 regarder une photo<\/p>\n<p class=\"paragraph text_align_left lp-f-body-02\">C\u2019est cet h\u00e9ritage que l\u2019on peut voir dans cette exposition, \u00e0 travers une trentaine de panneaux install\u00e9s dans le hall de la biblioth\u00e8que de l\u2019Arsenal, au sein de l\u2019universit\u00e9 Toulouse-Capitole. Pour Marcel Marty, conservateur en chef de la biblioth\u00e8que, \u00ab il est important que les jeunes voient cela. Nous allons aussi accueillir des coll\u00e9giens et des lyc\u00e9ens. Par ailleurs, proposer ce type d\u2019expositions accroit notre r\u00f4le de biblioth\u00e8que publique, ouverte \u00e0 tout le monde. \u00bb<\/p>\n<p class=\"paragraph text_align_left lp-f-body-02\">\u00ab Le public \u00e9tudiant est \u00e9videmment un interlocuteur privil\u00e9gi\u00e9 puisqu\u2019ils ont \u00e0 approfondir leur conscience civique \u00bb, approuve le pr\u00e9sident de l\u2019Amicale Mauthausen, pour qui il est important, en tant qu\u2019association, de r\u00e9pondre aux sollicitations.<\/p>\n<p class=\"paragraph text_align_left lp-f-body-02\">Au fil des panneaux, on d\u00e9couvre ainsi des photos prises par ou pour les SS, mais aussi des photos prises par Francesc Boix \u00e0 la lib\u00e9ration du camp et d\u2019autres prises par les soldats ou journalistes am\u00e9ricains au m\u00eame moment. On peut notamment voir la vraie lib\u00e9ration et la photo de l\u2019\u00e9v\u00e9nement mise en sc\u00e8ne par l\u2019arm\u00e9e am\u00e9ricaine. \u00ab Il ne faut pas oublier que certaines photos avaient aussi un objectif de propagande \u00bb, rappelle avec justesse Claude Simon. \u00ab Cette exposition est aussi un excellent apprentissage de la fa\u00e7on dont on doit regarder une photo : en se demandant qui l\u2019a prise, pour qui, et dans quel but. \u00bb<\/p>\n<p class=\"paragraph text_align_left lp-f-body-02\">Au milieu de ces portraits de d\u00e9tenus ou de SS, de cadavres ou d\u2019officiers en train de bronzer, de chantiers ou de la carri\u00e8re de granit, quelques objets personnels issus des camps apportent un compl\u00e9ment et offre une ouverture vers la vie intime des d\u00e9tenus, loin des images qui ont travers\u00e9 les ann\u00e9es. On peut notamment y voir un uniforme, une gamelle, des couverts ou une lettre. C\u2019est celle soi-disant \u00e9crite par Antonio Molet, que son fils Jean-Marcel a r\u00e9cup\u00e9r\u00e9 il y a tout juste 6 mois. \u00ab La Croix-Rouge souhaitait que chaque famille puisse communiquer. Mon p\u00e8re \u00e9tait en r\u00e9alit\u00e9 d\u00e9j\u00e0 mari\u00e9 et avait des enfants et a \u00e9crit \u00e0 cette famille. Mais c\u2019est uniquement sa signature, il n\u2019a jamais \u00e9crit cela \u00bb, nous raconte-t-il. Dans un espagnol tr\u00e8s approximatif, le document d\u00e9crit en effet un quotidien pas trop difficile, loin de l\u2019horreur v\u00e9ritable des camps de concentration. La propagande, l\u00e0 encore\u2026<\/p>\n","protected":false},"excerpt":{"rendered":"\u00ab Ce n\u2019est pas une exposition historique sur ce qu\u2019\u00e9tait le camp de Mauthausen \u00bb, avertit d\u2019embl\u00e9e Claude&hellip;\n","protected":false},"author":2,"featured_media":511030,"comment_status":"","ping_status":"","sticky":false,"template":"","format":"standard","meta":{"footnotes":""},"categories":[2816],"tags":[1111,917,11,459,1777,674,1011,27,4623,12,2680,25,104,2312],"class_list":{"0":"post-511029","1":"post","2":"type-post","3":"status-publish","4":"format-standard","5":"has-post-thumbnail","7":"category-toulouse","8":"tag-actu","9":"tag-actu-locale","10":"tag-actualites","11":"tag-departements-horsidfo","12":"tag-eu","13":"tag-europe","14":"tag-fr","15":"tag-france","16":"tag-haute-garonne-31","17":"tag-news","18":"tag-occitanie","19":"tag-republique-francaise","20":"tag-societe","21":"tag-toulouse"},"share_on_mastodon":{"url":"https:\/\/pubeurope.com\/@fr\/115491220023096369","error":""},"_links":{"self":[{"href":"https:\/\/www.europesays.com\/fr\/wp-json\/wp\/v2\/posts\/511029","targetHints":{"allow":["GET"]}}],"collection":[{"href":"https:\/\/www.europesays.com\/fr\/wp-json\/wp\/v2\/posts"}],"about":[{"href":"https:\/\/www.europesays.com\/fr\/wp-json\/wp\/v2\/types\/post"}],"author":[{"embeddable":true,"href":"https:\/\/www.europesays.com\/fr\/wp-json\/wp\/v2\/users\/2"}],"replies":[{"embeddable":true,"href":"https:\/\/www.europesays.com\/fr\/wp-json\/wp\/v2\/comments?post=511029"}],"version-history":[{"count":0,"href":"https:\/\/www.europesays.com\/fr\/wp-json\/wp\/v2\/posts\/511029\/revisions"}],"wp:featuredmedia":[{"embeddable":true,"href":"https:\/\/www.europesays.com\/fr\/wp-json\/wp\/v2\/media\/511030"}],"wp:attachment":[{"href":"https:\/\/www.europesays.com\/fr\/wp-json\/wp\/v2\/media?parent=511029"}],"wp:term":[{"taxonomy":"category","embeddable":true,"href":"https:\/\/www.europesays.com\/fr\/wp-json\/wp\/v2\/categories?post=511029"},{"taxonomy":"post_tag","embeddable":true,"href":"https:\/\/www.europesays.com\/fr\/wp-json\/wp\/v2\/tags?post=511029"}],"curies":[{"name":"wp","href":"https:\/\/api.w.org\/{rel}","templated":true}]}}