{"id":511038,"date":"2025-11-04T11:39:11","date_gmt":"2025-11-04T11:39:11","guid":{"rendered":"https:\/\/www.europesays.com\/fr\/511038\/"},"modified":"2025-11-04T11:39:11","modified_gmt":"2025-11-04T11:39:11","slug":"un-chirurgien-condamne-a-100-000-euros-damende-pour-avoir-escroque-la-securite-sociale","status":"publish","type":"post","link":"https:\/\/www.europesays.com\/fr\/511038\/","title":{"rendered":"un chirurgien condamn\u00e9 \u00e0 100.000 euros d\u2019amende pour avoir escroqu\u00e9 la S\u00e9curit\u00e9 sociale"},"content":{"rendered":"<p>\n    Un m\u00e9decin orthop\u00e9diste de l\u2019h\u00f4pital d\u2019Aubagne a \u00e9t\u00e9 condamn\u00e9 mardi pour avoir escroqu\u00e9 neuf caisses primaires d\u2019Assurance maladie. Il facturait pour son compte des actes r\u00e9alis\u00e9s par d\u2019autres m\u00e9decins.<\/p>\n<p class=\"fig-paragraph\">Un chirurgien accus\u00e9 d\u2019avoir orchestr\u00e9 une vaste escroquerie \u00e0 la\u00a0<a href=\"http:\/\/www.lefigaro.fr\/marseille\/marseille-un-chirurgien-juge-pour-avoir-escroque-plus-de-460-000-euros-a-la-securite-sociale-20251021\" data-fig-type=\"NewsFlash\" data-gtm-custom-categorie=\"navigation\" data-gtm-custom-action=\"crossclick\" data-gtm-custom-label=\"Contextuel\" data-gtm-event=\"customEventSPE\" data-fig-domain=\"LEFIGARO\" target=\"_blank\" rel=\"noopener\">S\u00e9curit\u00e9 sociale\u00a0<\/a>\u00e0 Aubagne, dans les Bouches-du-Rh\u00f4ne, a \u00e9t\u00e9 condamn\u00e9 \u00e0 100.000 euros d\u2019amende et deux ans de prison avec sursis, a appris Le Figaro aupr\u00e8s de l\u2019avocat de la S\u00e9curit\u00e9 sociale Me Gilles Martha.<\/p>\n<p>Interdit d\u2019exercer<\/p>\n<p class=\"fig-paragraph\">Chef de service, le m\u00e9decin a \u00e9t\u00e9 condamn\u00e9 pour avoir factur\u00e9 pour son compte des op\u00e9rations r\u00e9alis\u00e9es \u00e0 l\u2019h\u00f4pital par d\u2019autres coll\u00e8gues. Il \u00e9cope \u00e9galement d\u2019une interdiction d\u2019exercer la profession de chirurgien pendant cinq ans. Il devra \u00e9galement verser un euro symbolique au conseil de l\u2019ordre.<\/p>\n<p>                                    <a class=\"fig-a11y-skip a11y-hidden\" href=\"#fig-a11y-skip-main-inarticle\"><br \/>\n        Passer la publicit\u00e9<br \/>\n    <\/a><\/p>\n<p class=\"fig-paragraph\">Selon les enqu\u00eateurs, le pr\u00e9judice s\u2019\u00e9l\u00e8ve \u00e0 467.272,23 euros, dont plus de 403.000 euros rien que pour la Caisse primaire d\u2019assurance maladie des Bouches-du-Rh\u00f4ne. Le tribunal a renvoy\u00e9 toutefois une audience sur int\u00e9r\u00eats civils le 13 mars prochain, afin de d\u00e9terminer pr\u00e9cis\u00e9ment le pr\u00e9judice de chacune des parties civiles, en particulier des neuf caisses primaires d\u2019assurance maladie qui s\u2019estiment l\u00e9s\u00e9es dans ce dossier.<\/p>\n","protected":false},"excerpt":{"rendered":"Un m\u00e9decin orthop\u00e9diste de l\u2019h\u00f4pital d\u2019Aubagne a \u00e9t\u00e9 condamn\u00e9 mardi pour avoir escroqu\u00e9 neuf caisses primaires d\u2019Assurance maladie.&hellip;\n","protected":false},"author":2,"featured_media":511039,"comment_status":"","ping_status":"","sticky":false,"template":"","format":"standard","meta":{"footnotes":""},"categories":[2814],"tags":[1111,11,18604,3513,1777,674,1011,27,884,12,882,25,731],"class_list":{"0":"post-511038","1":"post","2":"type-post","3":"status-publish","4":"format-standard","5":"has-post-thumbnail","7":"category-marseille","8":"tag-actu","9":"tag-actualites","10":"tag-chirurgie","11":"tag-escroquerie","12":"tag-eu","13":"tag-europe","14":"tag-fr","15":"tag-france","16":"tag-marseille","17":"tag-news","18":"tag-provence-alpes-cote-dazur","19":"tag-republique-francaise","20":"tag-securite-sociale"},"share_on_mastodon":{"url":"https:\/\/pubeurope.com\/@fr\/115491239847220565","error":""},"_links":{"self":[{"href":"https:\/\/www.europesays.com\/fr\/wp-json\/wp\/v2\/posts\/511038","targetHints":{"allow":["GET"]}}],"collection":[{"href":"https:\/\/www.europesays.com\/fr\/wp-json\/wp\/v2\/posts"}],"about":[{"href":"https:\/\/www.europesays.com\/fr\/wp-json\/wp\/v2\/types\/post"}],"author":[{"embeddable":true,"href":"https:\/\/www.europesays.com\/fr\/wp-json\/wp\/v2\/users\/2"}],"replies":[{"embeddable":true,"href":"https:\/\/www.europesays.com\/fr\/wp-json\/wp\/v2\/comments?post=511038"}],"version-history":[{"count":0,"href":"https:\/\/www.europesays.com\/fr\/wp-json\/wp\/v2\/posts\/511038\/revisions"}],"wp:featuredmedia":[{"embeddable":true,"href":"https:\/\/www.europesays.com\/fr\/wp-json\/wp\/v2\/media\/511039"}],"wp:attachment":[{"href":"https:\/\/www.europesays.com\/fr\/wp-json\/wp\/v2\/media?parent=511038"}],"wp:term":[{"taxonomy":"category","embeddable":true,"href":"https:\/\/www.europesays.com\/fr\/wp-json\/wp\/v2\/categories?post=511038"},{"taxonomy":"post_tag","embeddable":true,"href":"https:\/\/www.europesays.com\/fr\/wp-json\/wp\/v2\/tags?post=511038"}],"curies":[{"name":"wp","href":"https:\/\/api.w.org\/{rel}","templated":true}]}}