{"id":511042,"date":"2025-11-04T11:41:13","date_gmt":"2025-11-04T11:41:13","guid":{"rendered":"https:\/\/www.europesays.com\/fr\/511042\/"},"modified":"2025-11-04T11:41:13","modified_gmt":"2025-11-04T11:41:13","slug":"gregory-doucet-accelere-et-lance-enfin-sa-campagne-municipale","status":"publish","type":"post","link":"https:\/\/www.europesays.com\/fr\/511042\/","title":{"rendered":"Gr\u00e9gory Doucet acc\u00e9l\u00e8re et lance enfin sa campagne municipale"},"content":{"rendered":"<p>            Par<br \/>\n        <strong><br \/>\n            <a href=\"https:\/\/actu.fr\/auteur\/nicolas-zaugra\" title=\"Consulter tous les articles de Nicolas Zaugra\" rel=\"nofollow noopener\" target=\"_blank\">Nicolas Zaugra<\/a><br \/>\n        <\/strong><\/p>\n<p>        Publi\u00e9 le<\/p>\n<p>            4 nov. 2025 \u00e0 12h21        <\/p>\n<p>\u00ab\u00a0Ce n\u2019est pas le temps de la campagne. La priorit\u00e9, ce sont les chantiers en train d\u2019aboutir et notre bilan\u00a0\u00bb, disait <a href=\"https:\/\/actu.fr\/auvergne-rhone-alpes\/lyon_69123\/lyon-gregory-doucet-fait-un-joli-cadeau-aux-commercants-pour-le-week-end-de-la-toussaint_63376470.html\" rel=\"nofollow noopener\" target=\"_blank\">Gr\u00e9gory Doucet<\/a>, le maire \u00e9cologiste de <a href=\"https:\/\/actu.fr\/auvergne-rhone-alpes\/lyon_69123\" rel=\"nofollow noopener\" target=\"_blank\">Lyon<\/a> il y a \u00e0 peine 48h dans une <a href=\"https:\/\/actu.fr\/auvergne-rhone-alpes\/lyon_69123\/lyon-gregory-doucet-et-sandrine-runel-taclent-jean-michel-aulas-c-est-populiste_63384933.html\" rel=\"nofollow noopener\" target=\"_blank\">interview au Progr\u00e8s<\/a>, aux c\u00f4t\u00e9s de la d\u00e9put\u00e9e PS du Rh\u00f4ne Sandrine Runel pour attaquer Jean-Michel Aulas.\u00a0<br \/>Ce mardi \u00e0 la mi-journ\u00e9e, <strong>Gr\u00e9gory Doucet va pourtant se lancer dans le grand bain de la campagne active des municipales<\/strong>. Candidat pour un deuxi\u00e8me mandat, l\u2019\u00e9lu doit officiellement annoncer une union de la gauche derri\u00e8re lui avec plusieurs responsables de partis. Selon nos informations, cette op\u00e9ration de communication a \u00e9t\u00e9 pr\u00e9cipit\u00e9e et acc\u00e9l\u00e9r\u00e9e. Lundi soir, plusieurs partis, dont le PS, n\u2019avaient m\u00eame pas l\u2019accord finalis\u00e9 et sign\u00e9 entre les mains.<\/p>\n<p>Un accord de la gauche mais sans LFI<\/p>\n<p class=\" wall-content\">Autour de Gr\u00e9gory Doucet devraient s\u2019afficher les socialistes, les membres de Place publique, du Parti communiste, de l\u2019Apr\u00e8s (ex-LFI), G\u00e9n\u00e9rations, de Debout (le petit mouvement de Fran\u00e7ois Ruffin). Au programme, une premi\u00e8re prise de parole commune puis un tractage avec des militants sur les quais du Rh\u00f4ne et le pont de la Guilloti\u00e8re.\u00a0<\/p>\n<p class=\" wall-content\">Une absente de la photo de famille du Nouveau front populaire ce mardi : la d\u00e9put\u00e9e LFI Ana\u00efs Belouassa-Cherifi qui se lance en solo. Agac\u00e9e par la pr\u00e9sence des socialistes et de Place publique, elle m\u00e8ne une liste de 1\u1d49\u02b3 tour concurrente \u00e0 celle de Gr\u00e9gory Doucet. Elle donnera un premier meeting ce jeudi soir.<\/p>\n<p>Une acc\u00e9l\u00e9ration du calendrier face aux mauvais sondages<\/p>\n<p class=\" wall-content\">Selon nos informations, Gr\u00e9gory Doucet esp\u00e9rait entrer dans une phase active de sa campagne apr\u00e8s la F\u00eate des Lumi\u00e8res de d\u00e9but d\u00e9cembre. Mais les mauvais sondages successifs qui donnent <a href=\"https:\/\/actu.fr\/auvergne-rhone-alpes\/lyon_69123\/lyon-municipales-2026-jean-michel-aulas-ecrase-gregory-doucet-selon-un-sondage-inedit_63361550.html\" rel=\"nofollow noopener\" target=\"_blank\">Jean-Michel Aulas \u00e0 47%<\/a> proche d\u2019une victoire au premier tour l\u2019oblige \u00e0 acc\u00e9l\u00e9rer.<\/p>\n<p class=\" wall-content\">Ces derniers jours, le maire a multipli\u00e9 les prises de parole dans les m\u00e9dias : actu Lyon, Le Progr\u00e8s, BFM Lyon ce mercredi\u2026 \u00c0 chaque fois, il d\u00e9nonce un Jean-Michel Aulas tr\u00e8s \u00e0 droite tandis que ses troupes s\u2019acharnent \u00e0 qualifier leur adversaire de \u00ab\u00a0trumpiste\u00a0\u00bb qui multiplie les \u00ab\u00a0fake news\u00a0\u00bb. Sans effet positif \u00e0 ce stade dans les intentions de vote.<\/p>\n<p>\u00ab\u00a0C\u2019est la panique g\u00e9n\u00e9rale\u00a0\u00bb, moque le camp Aulas<\/p>\n<p class=\" wall-content\">Ce qui fait dire dans les \u00e9quipes de Jean-Michel Aulas que Gr\u00e9gory Doucet est \u00ab\u00a0bouscul\u00e9\u00a0\u00bb et \u00ab\u00a0oblig\u00e9\u00a0\u00bb de r\u00e9pliquer en urgence. \u00ab\u00a0C\u2019est la panique g\u00e9n\u00e9rale, un vent de panique souffle\u00a0\u00bb, sourit-on autour de Jean-Michel Aulas qui s\u2019appr\u00eate \u00e0 finaliser son QG de campagne.<\/p>\n<p>Votre r\u00e9gion, votre actu !<\/p>\n<p>Recevez chaque jour les infos qui comptent pour vous.<\/p>\n<p>\t<a href=\"https:\/\/actu.fr\/newsletter\" class=\"ac-btn ac-btn--corner ac-btn--medium ac-btn--blue800\" rel=\"nofollow noopener\" target=\"_blank\">S&rsquo;incrire<\/a><\/p>\n<p class=\" wall-content\">Derri\u00e8re Gr\u00e9gory Doucet, on assurait qu\u2019une acc\u00e9l\u00e9ration du calendrier de la campagne a \u00e9t\u00e9 discut\u00e9 r\u00e9cemment pour ne pas laisser trop de place \u00e0 Jean-Michel Aulas. \u00ab\u00a0Les sondages doivent nous alerter et \u00eatre pris au s\u00e9rieux\u00a0\u00bb, confiait Sandrine Runel (PS). \u00ab\u00a0Un lancement plus t\u00f4t de la campagne a \u00e9t\u00e9 \u00e9voqu\u00e9\u00a0\u00bb lors d\u2019une r\u00e9union en octobre, selon Lisa Gauthier de Place publique.<\/p>\n<p class=\" wall-content\">Une union de la gauche et un lancement actif de la campagne qui vont offrir un second souffle \u00e0 Gr\u00e9gory Doucet ? R\u00e9ponse dans les prochains sondages en novembre et d\u00e9cembre.<\/p>\n<p class=\" wall-content\">Personnalisez votre actualit\u00e9 en ajoutant vos villes et m\u00e9dias en favori avec <a href=\"https:\/\/moncompte.actu.fr\" title=\"D\u00e9couvez Mon Actu\" rel=\"nofollow noopener\" data-trk=\"{&quot;cta&quot;:{&quot;action&quot;:&quot;https:\\\/\\\/moncompte.actu.fr&quot;,&quot;category&quot;:&quot;mon compte&quot;,&quot;from&quot;:&quot;article footer&quot;,&quot;name&quot;:&quot;Mon actu&quot;,&quot;type&quot;:&quot;cta&quot;}}\" target=\"_blank\">Mon Actu<\/a>.<\/p>\n","protected":false},"excerpt":{"rendered":"Par Nicolas Zaugra Publi\u00e9 le 4 nov. 2025 \u00e0 12h21 \u00ab\u00a0Ce n\u2019est pas le temps de la campagne.&hellip;\n","protected":false},"author":2,"featured_media":429939,"comment_status":"","ping_status":"","sticky":false,"template":"","format":"standard","meta":{"footnotes":""},"categories":[1889],"tags":[1111,11,2430,4188,1777,674,1011,27,5226,5227,2428,3434,12,316,25],"class_list":{"0":"post-511042","1":"post","2":"type-post","3":"status-publish","4":"format-standard","5":"has-post-thumbnail","7":"category-lyon","8":"tag-actu","9":"tag-actualites","10":"tag-auvergne-rhone-alpes","11":"tag-elections-municipales","12":"tag-eu","13":"tag-europe","14":"tag-fr","15":"tag-france","16":"tag-gregory-doucet","17":"tag-jean-michel-aulas","18":"tag-lyon","19":"tag-municipales-2026","20":"tag-news","21":"tag-politique","22":"tag-republique-francaise"},"share_on_mastodon":{"url":"https:\/\/pubeurope.com\/@fr\/115491247438419628","error":""},"_links":{"self":[{"href":"https:\/\/www.europesays.com\/fr\/wp-json\/wp\/v2\/posts\/511042","targetHints":{"allow":["GET"]}}],"collection":[{"href":"https:\/\/www.europesays.com\/fr\/wp-json\/wp\/v2\/posts"}],"about":[{"href":"https:\/\/www.europesays.com\/fr\/wp-json\/wp\/v2\/types\/post"}],"author":[{"embeddable":true,"href":"https:\/\/www.europesays.com\/fr\/wp-json\/wp\/v2\/users\/2"}],"replies":[{"embeddable":true,"href":"https:\/\/www.europesays.com\/fr\/wp-json\/wp\/v2\/comments?post=511042"}],"version-history":[{"count":0,"href":"https:\/\/www.europesays.com\/fr\/wp-json\/wp\/v2\/posts\/511042\/revisions"}],"wp:featuredmedia":[{"embeddable":true,"href":"https:\/\/www.europesays.com\/fr\/wp-json\/wp\/v2\/media\/429939"}],"wp:attachment":[{"href":"https:\/\/www.europesays.com\/fr\/wp-json\/wp\/v2\/media?parent=511042"}],"wp:term":[{"taxonomy":"category","embeddable":true,"href":"https:\/\/www.europesays.com\/fr\/wp-json\/wp\/v2\/categories?post=511042"},{"taxonomy":"post_tag","embeddable":true,"href":"https:\/\/www.europesays.com\/fr\/wp-json\/wp\/v2\/tags?post=511042"}],"curies":[{"name":"wp","href":"https:\/\/api.w.org\/{rel}","templated":true}]}}