{"id":511047,"date":"2025-11-04T11:45:14","date_gmt":"2025-11-04T11:45:14","guid":{"rendered":"https:\/\/www.europesays.com\/fr\/511047\/"},"modified":"2025-11-04T11:45:14","modified_gmt":"2025-11-04T11:45:14","slug":"huit-personnes-dont-trois-militaires-placees-en-garde-a-vue-apres-lagression-de-deux-policiers","status":"publish","type":"post","link":"https:\/\/www.europesays.com\/fr\/511047\/","title":{"rendered":"Huit personnes, dont trois militaires, plac\u00e9es en garde \u00e0 vue apr\u00e8s l\u2019agression de deux policiers"},"content":{"rendered":"<p class=\"mb-4 text-lg md:leading-8 break-words\"><strong>Violences &#8211; Les deux fonctionnaires de police effectuaient un jogging lorsqu\u2019ils ont \u00e9t\u00e9 agress\u00e9s par des hommes alcoolis\u00e9s dans le 19e\u00a0arrondissement de Paris ce dimanche matin<\/strong><\/p>\n<p class=\"mb-4 text-lg md:leading-8 break-words\">C\u2019est une agression tr\u00e8s violente qu\u2019on subit deux policiers du commissariat de <a href=\"https:\/\/www.20minutes.fr\/dossier\/pantin?at_medium=RSS%20feed&amp;at_campaign=ynews&amp;utm_source=yahoo&amp;utm_medium=rss&amp;utm_campaign=news_feed&amp;utm_content=in_article_link\" rel=\"nofollow noopener\" target=\"_blank\" data-ylk=\"slk:Pantin;elm:context_link;itc:0;sec:content-canvas\" class=\"link \">Pantin<\/a> le dimanche au <a href=\"https:\/\/www.20minutes.fr\/dossier\/la_villette?at_medium=RSS%20feed&amp;at_campaign=ynews&amp;utm_source=yahoo&amp;utm_medium=rss&amp;utm_campaign=news_feed&amp;utm_content=in_article_link\" rel=\"nofollow noopener\" target=\"_blank\" data-ylk=\"slk:parc de la Villette;elm:context_link;itc:0;sec:content-canvas\" class=\"link \">parc de la Villette<\/a>, dans le 19e\u00a0arrondissement de <a href=\"https:\/\/www.20minutes.fr\/paris\/?at_medium=RSS%20feed&amp;at_campaign=ynews&amp;utm_source=yahoo&amp;utm_medium=rss&amp;utm_campaign=news_feed&amp;utm_content=in_article_link\" rel=\"nofollow noopener\" target=\"_blank\" data-ylk=\"slk:Paris;elm:context_link;itc:0;sec:content-canvas\" class=\"link \">Paris<\/a>. Alors que les deux fonctionnaires s\u2019adonnaient \u00e0 un jogging matinal, ils ont \u00e9t\u00e9 pris \u00e0 partie par un groupe d\u2019une dizaine d\u2019individus indique le parquet de Paris \u00e0 20 Minutes, confirmant une information de nos conf\u00e8res du <a href=\"https:\/\/www.lefigaro.fr\/faits-divers\/paris-8-personnes-dont-3-militaires-places-en-garde-a-vue-apres-l-agression-de-2-policiers-en-civil-dans-le-parc-de-la-villette-20251103?at_medium=RSS%20feed&amp;at_campaign=ynews&amp;utm_source=yahoo&amp;utm_medium=rss&amp;utm_campaign=news_feed&amp;utm_content=in_article_link\" rel=\"nofollow noopener\" target=\"_blank\" data-ylk=\"slk:Figaro;elm:context_link;itc:0;sec:content-canvas\" class=\"link \">Figaro<\/a>.<\/p>\n<p class=\"mb-4 text-lg md:leading-8 break-words\">Alors qu\u2019ils effectuaient leur s\u00e9ance de \u00ab\u00a0sport op\u00e9rationnel\u00a0\u00bb, les deux agents auraient \u00e9t\u00e9 pris \u00e0 partie par une dizaine d\u2019individus alcoolis\u00e9s vers 11 heures du matin. Selon le parquet de Paris, \u00ab\u00a0une des victimes a alors appel\u00e9 les renforts, indiquant avoir \u00e9t\u00e9 agress\u00e9e par une dizaine de personnes, et l\u2019arriv\u00e9e concomitante de nombreux \u00e9quipages a permis l\u2019interpellation de l\u2019ensemble du groupe\u00a0\u00bb.<\/p>\n<p>Un des agresseurs membre de la force Sentinelle<\/p>\n<p class=\"mb-4 text-lg md:leading-8 break-words\">Huit personnes ont \u00e9t\u00e9 interpell\u00e9es et plac\u00e9es en garde \u00e0 vue et les policiers agress\u00e9s ont \u00e9t\u00e9 conduits \u00e0 l\u2019h\u00f4pital. Ressortis dans l\u2019apr\u00e8s-midi, l\u2019un souffre d\u2019une contusion au tibia p\u00e9ron\u00e9, sans plus de pr\u00e9cision, et l\u2019autre de douleurs \u00e0 la cheville et aux cervicales.<\/p>\n<p class=\"mb-4 text-lg md:leading-8 break-words\">Parmi les agresseurs pr\u00e9sum\u00e9s qui sortaient de soir\u00e9e, trois sont des militaires. \u00ab\u00a0Leur niveau d\u2019alcoolisation n\u2019a pas permis de les entendre avant mardi matin. Ils n\u2019ont depuis exprim\u00e9 aucune explication particuli\u00e8re \u00e0 ce passage \u00e0 l\u2019acte\u00a0\u00bb, explique le parquet.<\/p>\n<p class=\"mb-4 text-lg md:leading-8 break-words\">Selon nos conf\u00e8res d\u2019Europe 1, l\u2019un d\u2019entre eux serait actuellement en poste dans la force Sentinelle. Les policie(&#8230;)<\/p>\n<p class=\"mb-4 text-lg md:leading-8 break-words\"><a href=\"https:\/\/www.20minutes.fr\/faits_divers\/faits-divers-paris\/4183437-20251104-paris-huit-personnes-dont-trois-militaires-placees-garde-vue-apres-agression-deux-policiers?at_medium=RSS%20feed&amp;at_campaign=ynews&amp;utm_source=yahoo&amp;utm_medium=rss&amp;utm_campaign=news_feed&amp;utm_content=read_more_link&quot;\" rel=\"nofollow noopener\" target=\"_blank\" data-ylk=\"slk:Lire la suite sur 20minutes;elm:context_link;itc:0;sec:content-canvas\" class=\"link \">Lire la suite sur 20minutes<\/a><\/p>\n<p>\u00c0 lire aussi :<br \/><a href=\"https:\/\/www.20minutes.fr\/faits_divers\/4183412-20251104-pres-strasbourg-femme-retrouvee-morte-calcinee-fils-recherche?at_medium=RSS%20feed&amp;at_campaign=ynews&amp;utm_source=yahoo&amp;utm_medium=rss&amp;utm_campaign=news_feed&amp;utm_content=related_content_link\" rel=\"nofollow noopener\" target=\"_blank\" data-ylk=\"slk:Pr\u00e8s de Strasbourg, une femme retrouv\u00e9e morte calcin\u00e9e, son fils recherch\u00e9;elm:context_link;itc:0;sec:content-canvas\" class=\"link \">Pr\u00e8s de Strasbourg, une femme retrouv\u00e9e morte calcin\u00e9e, son fils recherch\u00e9<\/a><br \/><a href=\"https:\/\/www.20minutes.fr\/faits_divers\/faits-divers-rennes\/4183394-20251104-rennes-retrouve-cache-camping-homme-reconnait-meurtre-femme-schizophrene?at_medium=RSS%20feed&amp;at_campaign=ynews&amp;utm_source=yahoo&amp;utm_medium=rss&amp;utm_campaign=news_feed&amp;utm_content=related_content_link\" rel=\"nofollow noopener\" target=\"_blank\" data-ylk=\"slk:Rennes\u00a0: Retrouv\u00e9 cach\u00e9 dans un camping, un homme reconna\u00eet le meurtre d\u2019une femme schizophr\u00e8ne;elm:context_link;itc:0;sec:content-canvas\" class=\"link \">Rennes\u00a0: Retrouv\u00e9 cach\u00e9 dans un camping, un homme reconna\u00eet le meurtre d\u2019une femme schizophr\u00e8ne<\/a><\/p>\n","protected":false},"excerpt":{"rendered":"Violences &#8211; Les deux fonctionnaires de police effectuaient un jogging lorsqu\u2019ils ont \u00e9t\u00e9 agress\u00e9s par des hommes alcoolis\u00e9s&hellip;\n","protected":false},"author":2,"featured_media":511048,"comment_status":"","ping_status":"","sticky":false,"template":"","format":"standard","meta":{"footnotes":""},"categories":[1888],"tags":[8337,1111,1928,11,1927,1777,674,1011,27,17306,12,1926,32861,626,1925,6890,25],"class_list":{"0":"post-511047","1":"post","2":"type-post","3":"status-publish","4":"format-standard","5":"has-post-thumbnail","7":"category-paris","8":"tag-19e-arrondissement-de-paris","9":"tag-actu","10":"tag-actu-paris","11":"tag-actualites","12":"tag-actualites-paris","13":"tag-eu","14":"tag-europe","15":"tag-fr","16":"tag-france","17":"tag-les-deux","18":"tag-news","19":"tag-news-paris","20":"tag-parc-de-la-villette","21":"tag-paris","22":"tag-paris-news","23":"tag-policiers","24":"tag-republique-francaise"},"share_on_mastodon":{"url":"https:\/\/pubeurope.com\/@fr\/115491263161002143","error":""},"_links":{"self":[{"href":"https:\/\/www.europesays.com\/fr\/wp-json\/wp\/v2\/posts\/511047","targetHints":{"allow":["GET"]}}],"collection":[{"href":"https:\/\/www.europesays.com\/fr\/wp-json\/wp\/v2\/posts"}],"about":[{"href":"https:\/\/www.europesays.com\/fr\/wp-json\/wp\/v2\/types\/post"}],"author":[{"embeddable":true,"href":"https:\/\/www.europesays.com\/fr\/wp-json\/wp\/v2\/users\/2"}],"replies":[{"embeddable":true,"href":"https:\/\/www.europesays.com\/fr\/wp-json\/wp\/v2\/comments?post=511047"}],"version-history":[{"count":0,"href":"https:\/\/www.europesays.com\/fr\/wp-json\/wp\/v2\/posts\/511047\/revisions"}],"wp:featuredmedia":[{"embeddable":true,"href":"https:\/\/www.europesays.com\/fr\/wp-json\/wp\/v2\/media\/511048"}],"wp:attachment":[{"href":"https:\/\/www.europesays.com\/fr\/wp-json\/wp\/v2\/media?parent=511047"}],"wp:term":[{"taxonomy":"category","embeddable":true,"href":"https:\/\/www.europesays.com\/fr\/wp-json\/wp\/v2\/categories?post=511047"},{"taxonomy":"post_tag","embeddable":true,"href":"https:\/\/www.europesays.com\/fr\/wp-json\/wp\/v2\/tags?post=511047"}],"curies":[{"name":"wp","href":"https:\/\/api.w.org\/{rel}","templated":true}]}}