{"id":511057,"date":"2025-11-04T11:50:19","date_gmt":"2025-11-04T11:50:19","guid":{"rendered":"https:\/\/www.europesays.com\/fr\/511057\/"},"modified":"2025-11-04T11:50:19","modified_gmt":"2025-11-04T11:50:19","slug":"lancien-vice-president-des-etats-unis-dick-cheney-est-mort-a-84-ans","status":"publish","type":"post","link":"https:\/\/www.europesays.com\/fr\/511057\/","title":{"rendered":"L\u2019ancien vice-pr\u00e9sident des \u00c9tats-Unis Dick Cheney est mort \u00e0 84 ans"},"content":{"rendered":"<p>L\u2019ancien vice-pr\u00e9sident am\u00e9ricain, Dick Cheney, est mort \u00e0 l\u2019\u00e2ge de 84 ans, a annonc\u00e9 mardi sa famille cit\u00e9e par des m\u00e9dias am\u00e9ricains.<\/p>\n<p>Homme de l\u2019ombre, r\u00e9put\u00e9 pour sa consid\u00e9rable influence en coulisses, l\u2019ancien num\u00e9ro deux de George W. Bush (2001-2009) s\u2019\u00e9tait forg\u00e9 une r\u00e9putation telle qu\u2019il fut consid\u00e9r\u00e9 comme l\u2019un des vice-pr\u00e9sidents les plus puissants de l\u2019histoire am\u00e9ricaine.<\/p>\n<p>Plus de d\u00e9tails suivront.\n <\/p>\n","protected":false},"excerpt":{"rendered":"L\u2019ancien vice-pr\u00e9sident am\u00e9ricain, Dick Cheney, est mort \u00e0 l\u2019\u00e2ge de 84 ans, a annonc\u00e9 mardi sa famille cit\u00e9e&hellip;\n","protected":false},"author":2,"featured_media":511058,"comment_status":"","ping_status":"","sticky":false,"template":"","format":"standard","meta":{"footnotes":""},"categories":[1589],"tags":[11,73,1866,12,1864,1865,1863,308],"class_list":{"0":"post-511057","1":"post","2":"type-post","3":"status-publish","4":"format-standard","5":"has-post-thumbnail","7":"category-etats-unis","8":"tag-actualites","9":"tag-etats-unis","10":"tag-etats-unis-damerique","11":"tag-news","12":"tag-united-states","13":"tag-united-states-of-america","14":"tag-us","15":"tag-usa"},"share_on_mastodon":{"url":"https:\/\/pubeurope.com\/@fr\/115491282883842237","error":""},"_links":{"self":[{"href":"https:\/\/www.europesays.com\/fr\/wp-json\/wp\/v2\/posts\/511057","targetHints":{"allow":["GET"]}}],"collection":[{"href":"https:\/\/www.europesays.com\/fr\/wp-json\/wp\/v2\/posts"}],"about":[{"href":"https:\/\/www.europesays.com\/fr\/wp-json\/wp\/v2\/types\/post"}],"author":[{"embeddable":true,"href":"https:\/\/www.europesays.com\/fr\/wp-json\/wp\/v2\/users\/2"}],"replies":[{"embeddable":true,"href":"https:\/\/www.europesays.com\/fr\/wp-json\/wp\/v2\/comments?post=511057"}],"version-history":[{"count":0,"href":"https:\/\/www.europesays.com\/fr\/wp-json\/wp\/v2\/posts\/511057\/revisions"}],"wp:featuredmedia":[{"embeddable":true,"href":"https:\/\/www.europesays.com\/fr\/wp-json\/wp\/v2\/media\/511058"}],"wp:attachment":[{"href":"https:\/\/www.europesays.com\/fr\/wp-json\/wp\/v2\/media?parent=511057"}],"wp:term":[{"taxonomy":"category","embeddable":true,"href":"https:\/\/www.europesays.com\/fr\/wp-json\/wp\/v2\/categories?post=511057"},{"taxonomy":"post_tag","embeddable":true,"href":"https:\/\/www.europesays.com\/fr\/wp-json\/wp\/v2\/tags?post=511057"}],"curies":[{"name":"wp","href":"https:\/\/api.w.org\/{rel}","templated":true}]}}