{"id":511059,"date":"2025-11-04T11:51:23","date_gmt":"2025-11-04T11:51:23","guid":{"rendered":"https:\/\/www.europesays.com\/fr\/511059\/"},"modified":"2025-11-04T11:51:23","modified_gmt":"2025-11-04T11:51:23","slug":"getty-images-perd-en-grande-partie-un-proces-historique-au-royaume-uni-concernant-un-generateur-dimages-base-sur-lia-04-11-2025-a-1219","status":"publish","type":"post","link":"https:\/\/www.europesays.com\/fr\/511059\/","title":{"rendered":"Getty Images perd en grande partie un proc\u00e8s historique au Royaume-Uni concernant un g\u00e9n\u00e9rateur d&rsquo;images bas\u00e9 sur l&rsquo;IA &#8211; 04\/11\/2025 \u00e0 12:19"},"content":{"rendered":"<p>\n ((Traduction automatis\u00e9e par Reuters \u00e0 l&rsquo;aide de l&rsquo;apprentissage<br \/>\nautomatique et de l&rsquo;IA g\u00e9n\u00e9rative, veuillez vous r\u00e9f\u00e9rer \u00e0<br \/>\nl&rsquo;avertissement suivant: https:\/\/bit.ly\/rtrsauto))\n<\/p>\n<p>\n (Ajout du commentaire de Getty aux paragraphes 9 et 10)\n<\/p>\n<p>\n Getty Images a largement<br \/>\nperdu son proc\u00e8s historique contre la soci\u00e9t\u00e9 d&rsquo;intelligence<br \/>\nartificielle Stability AI au sujet de son g\u00e9n\u00e9rateur d&rsquo;images<br \/>\ndevant la Haute Cour de Londres ce mardi.\n<\/p>\n<p>\n La soci\u00e9t\u00e9 Getty, bas\u00e9e \u00e0 Seattle, qui produit des contenus<br \/>\n\u00e9ditoriaux et des images et vid\u00e9os cr\u00e9atives, accusait Stability<br \/>\nAI d&rsquo;utiliser ses images pour \u00ab\u00a0entra\u00eener\u00a0\u00bb son syst\u00e8me Stable<br \/>\nDiffusion, qui peut g\u00e9n\u00e9rer des images \u00e0 partir de textes.\n<\/p>\n<p>\n La soci\u00e9t\u00e9 avait poursuivi Stability AI  pour<br \/>\nviolation du droit d&rsquo;auteur au motif que Stable Diffusion avait<br \/>\n\u00e9t\u00e9 entra\u00een\u00e9 \u00e0 l&rsquo;aide des images de Getty et que les images<br \/>\ng\u00e9n\u00e9r\u00e9es par Stable Diffusion reproduisaient ses images<br \/>\nprot\u00e9g\u00e9es par le droit d&rsquo;auteur.\n<\/p>\n<p>\n Mais Getty a abandonn\u00e9 cette partie de l&rsquo;affaire \u00e0<br \/>\nmi-proc\u00e8s, en partie \u00e0 cause d&rsquo;un manque de preuves sur<br \/>\nl&rsquo;endroit o\u00f9 Stable Diffusion a \u00e9t\u00e9 \u00ab\u00a0form\u00e9\u00a0\u00bb, ce qui, selon les<br \/>\navocats sp\u00e9cialis\u00e9s dans la propri\u00e9t\u00e9 intellectuelle, pourrait<br \/>\nlimiter la port\u00e9e plus large de la d\u00e9cision de mardi pour le<br \/>\ndroit de l&rsquo;IA.\n<\/p>\n<p>\n Les plaintes de Getty pour contrefa\u00e7on de marque et pour<br \/>\nviolation secondaire du droit d&rsquo;auteur, all\u00e9guant que Stability<br \/>\nAI a import\u00e9 au Royaume-Uni un mod\u00e8le d&rsquo;IA qui viole son droit<br \/>\nd&rsquo;auteur, sont rest\u00e9es en suspens avant la d\u00e9cision de la Cour.\n<\/p>\n<p>\n La juge Joanna Smith a d\u00e9clar\u00e9 dans une d\u00e9cision \u00e9crite que<br \/>\nGetty avait obtenu gain de cause \u00ab\u00a0en partie\u00a0\u00bb en mati\u00e8re de<br \/>\ncontrefa\u00e7on de marque en ce qui concerne les filigranes Getty<br \/>\ng\u00e9n\u00e9r\u00e9s par les utilisateurs de Stable Diffusion, mais que ses<br \/>\nconclusions \u00e9taient \u00ab\u00a0\u00e0 la fois historiques et d&rsquo;une port\u00e9e<br \/>\nextr\u00eamement limit\u00e9e\u00a0\u00bb.\n<\/p>\n<p>\n Elle a rejet\u00e9 la demande de Getty concernant l&rsquo;atteinte<br \/>\nsecondaire au droit d&rsquo;auteur.\n<\/p>\n<p>\n Getty Images a d\u00e9clar\u00e9 dans un communiqu\u00e9 que la d\u00e9cision<br \/>\n\u00ab\u00a0confirme que l&rsquo;inclusion par Stable Diffusion des marques de<br \/>\nGetty Images dans les r\u00e9sultats g\u00e9n\u00e9r\u00e9s par l&rsquo;IA a port\u00e9<br \/>\natteinte \u00e0 ces marques\u00a0\u00bb.\n<\/p>\n<p>\n La d\u00e9claration ajoute que la d\u00e9cision \u00ab\u00a0a \u00e9tabli un puissant<br \/>\npr\u00e9c\u00e9dent selon lequel les articles immat\u00e9riels, tels que les<br \/>\nmod\u00e8les d&rsquo;IA, peuvent faire l&rsquo;objet de plaintes pour violation<br \/>\ndu droit d&rsquo;auteur de la m\u00eame mani\u00e8re que les articles<br \/>\nmat\u00e9riels\u00a0\u00bb, ce que Getty a d\u00e9clar\u00e9 utiliser dans son proc\u00e8s<br \/>\nparall\u00e8le  contre Stability AI aux \u00c9tats-Unis.\n<\/p>\n<p>\n Les actions de la soci\u00e9t\u00e9 ont d&rsquo;abord baiss\u00e9 de 6,6 % dans<br \/>\nles \u00e9changes avant bourse \u00e0 la suite de la d\u00e9cision, mais \u00e0 1110<br \/>\nGMT, elles \u00e9taient indiqu\u00e9es en hausse de 4,25 %.<\/p>\n","protected":false},"excerpt":{"rendered":"((Traduction automatis\u00e9e par Reuters \u00e0 l&rsquo;aide de l&rsquo;apprentissage automatique et de l&rsquo;IA g\u00e9n\u00e9rative, veuillez vous r\u00e9f\u00e9rer \u00e0 l&rsquo;avertissement&hellip;\n","protected":false},"author":2,"featured_media":15273,"comment_status":"","ping_status":"","sticky":false,"template":"","format":"standard","meta":{"footnotes":""},"categories":[1588],"tags":[400,11,398,408,405,1777,674,403,402,399,404,12,473,1853,401,406,1851,1850,1852,407],"class_list":{"0":"post-511059","1":"post","2":"type-post","3":"status-publish","4":"format-standard","5":"has-post-thumbnail","7":"category-royaume-uni","8":"tag-action-cac-40","9":"tag-actualites","10":"tag-bourse-de-paris","11":"tag-boursorama","12":"tag-cotations","13":"tag-eu","14":"tag-europe","15":"tag-indices-devises","16":"tag-investir","17":"tag-investissement","18":"tag-marche-boursier","19":"tag-news","20":"tag-royaume-uni","21":"tag-royaume-uni-de-grande-bretagne-et-dirlande-du-nord","22":"tag-sicav","23":"tag-trackers","24":"tag-uk","25":"tag-united-kingdom","26":"tag-united-kingdom-of-great-britain-and-northern-ireland","27":"tag-warrants"},"share_on_mastodon":{"url":"https:\/\/pubeurope.com\/@fr\/115491286965685613","error":""},"_links":{"self":[{"href":"https:\/\/www.europesays.com\/fr\/wp-json\/wp\/v2\/posts\/511059","targetHints":{"allow":["GET"]}}],"collection":[{"href":"https:\/\/www.europesays.com\/fr\/wp-json\/wp\/v2\/posts"}],"about":[{"href":"https:\/\/www.europesays.com\/fr\/wp-json\/wp\/v2\/types\/post"}],"author":[{"embeddable":true,"href":"https:\/\/www.europesays.com\/fr\/wp-json\/wp\/v2\/users\/2"}],"replies":[{"embeddable":true,"href":"https:\/\/www.europesays.com\/fr\/wp-json\/wp\/v2\/comments?post=511059"}],"version-history":[{"count":0,"href":"https:\/\/www.europesays.com\/fr\/wp-json\/wp\/v2\/posts\/511059\/revisions"}],"wp:featuredmedia":[{"embeddable":true,"href":"https:\/\/www.europesays.com\/fr\/wp-json\/wp\/v2\/media\/15273"}],"wp:attachment":[{"href":"https:\/\/www.europesays.com\/fr\/wp-json\/wp\/v2\/media?parent=511059"}],"wp:term":[{"taxonomy":"category","embeddable":true,"href":"https:\/\/www.europesays.com\/fr\/wp-json\/wp\/v2\/categories?post=511059"},{"taxonomy":"post_tag","embeddable":true,"href":"https:\/\/www.europesays.com\/fr\/wp-json\/wp\/v2\/tags?post=511059"}],"curies":[{"name":"wp","href":"https:\/\/api.w.org\/{rel}","templated":true}]}}