{"id":511060,"date":"2025-11-04T11:52:16","date_gmt":"2025-11-04T11:52:16","guid":{"rendered":"https:\/\/www.europesays.com\/fr\/511060\/"},"modified":"2025-11-04T11:52:16","modified_gmt":"2025-11-04T11:52:16","slug":"allemagne-le-chancelier-merz-veut-rapatrier-voire-expulser-des-refugies-vers-la-syrie","status":"publish","type":"post","link":"https:\/\/www.europesays.com\/fr\/511060\/","title":{"rendered":"Allemagne : le chancelier Merz veut rapatrier voire expulser des r\u00e9fugi\u00e9s vers la Syrie"},"content":{"rendered":"<p>                                            Monde\n                                                                            <\/p>\n<p>\n                                            Le chancelier allemand Friedrich Merz plaide pour le rapatriement, voire l\u2019expulsion, des r\u00e9fugi\u00e9s syriens pr\u00e9sents en Allemagne, estimant que la guerre civile en Syrie est termin\u00e9e.                                        <\/p>\n<p>                                                Publi\u00e9 le 4 novembre 2025 \u00e0 12h13                                                                                            <\/p>\n<p>                                            <img loading=\"lazy\" width=\"1024\" height=\"683\" src=\"https:\/\/www.europesays.com\/fr\/wp-content\/uploads\/2025\/05\/SIPA_ap22939470_000121-1.jpg\" class=\"attachment-post-thumbnail size-post-thumbnail wp-post-image\" alt=\"Le chancelier Merz veut rapatrier voire expulser des r\u00e9fugi\u00e9s vers la Syrie \u00a9 Markus Schreiber\/AP\/SIPA\" decoding=\"async\"  \/><\/p>\n<p>                                            Le chancelier Merz veut rapatrier voire expulser des r\u00e9fugi\u00e9s vers la Syrie \u00a9 Markus Schreiber\/AP\/SIPA<\/p>\n<p data-start=\"180\" data-end=\"775\">Le chancelier allemand, Friedrich Merz, a d\u00e9fendu lundi l\u2019id\u00e9e de ramener en Syrie les r\u00e9fugi\u00e9s syriens pr\u00e9sents en Allemagne, \u00e9voquant m\u00eame l\u2019option de l\u2019expulsion, au motif que la \u00ab guerre civile \u00e9tait termin\u00e9e en Syrie \u00bb <a href=\"https:\/\/www.lorientlejour.com\/article\/1483535\/le-chancelier-allemand-plaide-pour-des-rapatriements-voire-des-expulsions-de-refugies-vers-la-syrie.html\" target=\"_blank\" rel=\"noopener\">L\u2019Orient-le-Jour<\/a> selon . Quelques jours plus t\u00f4t, jeudi 30 octobre, son ministre des Affaires \u00e9trang\u00e8res, Johann Wadephul, s\u2019\u00e9tait montr\u00e9 plus prudent lors d\u2019une visite \u00e0 Damas, pr\u00e9cisant que le retour des Syriens ne pouvait \u00eatre envisag\u00e9 \u00ab que dans une mesure tr\u00e8s limit\u00e9e car une grande partie des infrastructures de ce pays a \u00e9t\u00e9 d\u00e9truite \u00bb, en raison de treize ann\u00e9es de conflit civil.<\/p>\n<p><a href=\"https:\/\/www.valeursactuelles.com\/monde\/allemagne-les-migrants-sont-un-probleme-dans-le-paysage-urbain-estime-le-chancelier-merz\" class=\"h-flex h-align-items-center h-border-tb h-ptb-15\" target=\"_blank\" rel=\"noopener\">A\u00a0LIRE\u00a0Allemagne : les migrants sont \u00ab un probl\u00e8me dans le paysage urbain \u00bb, estime le chancelier Merz<\/a><\/p>\n<p data-start=\"777\" data-end=\"1313\">Les r\u00e9ticences de Johann Wadephul avaient suscit\u00e9 de vives critiques au sein du parti conservateur, auquel appartiennent Merz et Wadephul. \u00ab Il n\u2019y a d\u00e9sormais plus aucune raison de demander l\u2019asile en Allemagne \u00bb, a affirm\u00e9 Friedrich Merz lors d\u2019un d\u00e9placement \u00e0 Husum, dans le nord du pays, estimant que cela ouvrait la voie \u00e0 des rapatriements vers la Syrie. Il a ajout\u00e9 avoir \u00ab invit\u00e9 en Allemagne le pr\u00e9sident int\u00e9rimaire syrien Ahmad al-Chareh pour discuter avec lui de la mani\u00e8re dont nous pouvons r\u00e9soudre cela ensemble \u00bb.<\/p>\n<p>Pr\u00e8s d\u2019un million de Syriens en Allemagne<\/p>\n<p data-start=\"1364\" data-end=\"1849\">\u00ab Ce pays a maintenant besoin de toutes ses forces, et surtout des Syriens, pour sa reconstruction. Et c\u2019est pourquoi il y aura certainement beaucoup de personnes qui retourneront d\u2019elles-m\u00eames dans leur pays \u00bb, a d\u00e9clar\u00e9 <a href=\"https:\/\/www.valeursactuelles.com\/monde\/israel-fait-le-sale-boulot-pour-nous-en-iran-affirme-le-chancelier-allemand\" target=\"_blank\" rel=\"noopener\">Friedrich Merz<\/a>. Il a ajout\u00e9 ensuite : \u00ab Ceux qui refusent de rentrer dans leur pays, nous pouvons bien s\u00fbr les expulser \u00bb. D\u00e9but juillet, le minist\u00e8re allemand de l\u2019Int\u00e9rieur avait pr\u00e9cis\u00e9 qu\u2019il travaillait \u00e0 l\u2019expulsion de Syriens d\u00e9linquants ou criminels.<\/p>\n<p><a href=\"https:\/\/www.valeursactuelles.com\/monde\/allemagne-le-nouveau-chancelier-friedrich-merz-veut-doter-le-pays-de-larmee-la-plus-puissante-deurope\" class=\"h-flex h-align-items-center h-border-tb h-ptb-15\" target=\"_blank\" rel=\"noopener\">A\u00a0LIRE\u00a0Allemagne : le nouveau chancelier Friedrich Merz veut doter le pays de \u00ab l\u2019arm\u00e9e la plus puissante d\u2019Europe \u00bb<\/a><\/p>\n<p data-start=\"1851\" data-end=\"2281\">En Allemagne, environ un million de Syriens ont trouv\u00e9 refuge, majoritairement lors de l\u2019importante vague migratoire de 2015-2016. Apr\u00e8s la chute de <a href=\"https:\/\/www.valeursactuelles.com\/monde\/syrie-pres-de-300-000-refugies-sont-retournes-dans-le-pays-depuis-la-chute-du-regime-de-bachar-al-assad\" target=\"_blank\" rel=\"noopener\">Bachar el-Assad<\/a> en d\u00e9cembre 2024, plusieurs pays europ\u00e9ens, y compris l\u2019Allemagne, ont suspendu les demandes d\u2019asile. Cette d\u00e9cision survient dans un contexte marqu\u00e9 par la mont\u00e9e des partis conservateurs, accentu\u00e9e par plusieurs attaques imput\u00e9es \u00e0 des ressortissants \u00e9trangers.<\/p>\n","protected":false},"excerpt":{"rendered":"Monde Le chancelier allemand Friedrich Merz plaide pour le rapatriement, voire l\u2019expulsion, des r\u00e9fugi\u00e9s syriens pr\u00e9sents en Allemagne,&hellip;\n","protected":false},"author":2,"featured_media":103986,"comment_status":"","ping_status":"","sticky":false,"template":"","format":"standard","meta":{"footnotes":""},"categories":[1587],"tags":[11,672,1804,1805,1803,1777,674,5219,4710,1801,12,2495,1802,32],"class_list":{"0":"post-511060","1":"post","2":"type-post","3":"status-publish","4":"format-standard","5":"has-post-thumbnail","7":"category-allemagne","8":"tag-actualites","9":"tag-allemagne","10":"tag-bundesrepublik-deutschland","11":"tag-de","12":"tag-deutschland","13":"tag-eu","14":"tag-europe","15":"tag-expulsion","16":"tag-friedrich-merz","17":"tag-germany","18":"tag-news","19":"tag-refugies","20":"tag-republique-federale-dallemagne","21":"tag-syrie"},"share_on_mastodon":{"url":"https:\/\/pubeurope.com\/@fr\/115491291063609696","error":""},"_links":{"self":[{"href":"https:\/\/www.europesays.com\/fr\/wp-json\/wp\/v2\/posts\/511060","targetHints":{"allow":["GET"]}}],"collection":[{"href":"https:\/\/www.europesays.com\/fr\/wp-json\/wp\/v2\/posts"}],"about":[{"href":"https:\/\/www.europesays.com\/fr\/wp-json\/wp\/v2\/types\/post"}],"author":[{"embeddable":true,"href":"https:\/\/www.europesays.com\/fr\/wp-json\/wp\/v2\/users\/2"}],"replies":[{"embeddable":true,"href":"https:\/\/www.europesays.com\/fr\/wp-json\/wp\/v2\/comments?post=511060"}],"version-history":[{"count":0,"href":"https:\/\/www.europesays.com\/fr\/wp-json\/wp\/v2\/posts\/511060\/revisions"}],"wp:featuredmedia":[{"embeddable":true,"href":"https:\/\/www.europesays.com\/fr\/wp-json\/wp\/v2\/media\/103986"}],"wp:attachment":[{"href":"https:\/\/www.europesays.com\/fr\/wp-json\/wp\/v2\/media?parent=511060"}],"wp:term":[{"taxonomy":"category","embeddable":true,"href":"https:\/\/www.europesays.com\/fr\/wp-json\/wp\/v2\/categories?post=511060"},{"taxonomy":"post_tag","embeddable":true,"href":"https:\/\/www.europesays.com\/fr\/wp-json\/wp\/v2\/tags?post=511060"}],"curies":[{"name":"wp","href":"https:\/\/api.w.org\/{rel}","templated":true}]}}