{"id":511065,"date":"2025-11-04T11:55:12","date_gmt":"2025-11-04T11:55:12","guid":{"rendered":"https:\/\/www.europesays.com\/fr\/511065\/"},"modified":"2025-11-04T11:55:12","modified_gmt":"2025-11-04T11:55:12","slug":"son-fils-est-activement-recherche","status":"publish","type":"post","link":"https:\/\/www.europesays.com\/fr\/511065\/","title":{"rendered":"son fils est activement recherch\u00e9"},"content":{"rendered":"<p>            Par<br \/>\n        <strong><br \/>\n            <a href=\"https:\/\/actu.fr\/auteur\/redaction-strasbourg\" title=\"Consulter tous les articles de R\u00e9daction Strasbourg\" target=\"_blank\" rel=\"noopener\">R\u00e9daction Strasbourg<\/a><br \/>\n        <\/strong><\/p>\n<p>        Publi\u00e9 le<\/p>\n<p>            4 nov. 2025 \u00e0 10h09        <\/p>\n<p>Une femme a \u00e9t\u00e9 retrouv\u00e9e morte calcin\u00e9e \u00e0 <a href=\"https:\/\/actu.fr\/grand-est\/molsheim_67300\" target=\"_blank\" rel=\"noopener\">Molsheim<\/a>, pr\u00e8s de Strasbourg, et son <strong>fils de 22 ans est recherch\u00e9<\/strong>, a-t-on appris mardi de source proche de l\u2019enqu\u00eate.<\/p>\n<p class=\" wall-content\">La victime est une <strong>cardiologue roumaine d\u2019une cinquantaine d\u2019ann\u00e9es<\/strong> qui exer\u00e7ait depuis plusieurs ann\u00e9es dans cette commune du Bas-Rhin.<\/p>\n<p class=\" wall-content\">Son fils est \u00ab\u00a0recherch\u00e9 pour \u00eatre entendu dans le cadre de <strong>l\u2019enqu\u00eate<\/strong>\u00ab\u00a0, selon la m\u00eame source.<\/p>\n<p>Un appel \u00e0 t\u00e9moins pour retrouver cet homme de 22 ans<\/p>\n<p class=\" wall-content\">La <a href=\"https:\/\/actu.fr\/tag\/gendarmerie\" target=\"_blank\" rel=\"noopener\">gendarmerie<\/a> du Bas-Rhin a diffus\u00e9 dimanche un <a href=\"https:\/\/actu.fr\/tag\/appel-a-temoins\" target=\"_blank\" rel=\"noopener\">appel \u00e0 t\u00e9moins<\/a> pour localiser cet homme de 22 ans, aux longs cheveux bruns. Il n\u2019avait pas \u00e9t\u00e9 retrouv\u00e9 mardi matin.<\/p>\n<p class=\" wall-content\">Selon les <a href=\"https:\/\/www.dna.fr\/faits-divers-justice\/2025\/11\/03\/corps-calcine-dans-une-maison-le-fils-suspecte-d-avoir-tue-sa-mere\" target=\"_blank\" rel=\"noopener\">DNA<\/a>, c\u2019est une secr\u00e9taire m\u00e9dicale, inqui\u00e8te de ne pas voir arriver la m\u00e9decin alors que la salle d\u2019attente \u00e9tait pleine, qui a donn\u00e9 l\u2019alerte jeudi matin.<\/p>\n<p>    <a href=\"https:\/\/www.facebook.com\/plugins\/post.php?href=https%3A%2F%2Fwww.facebook.com%2FGendarmerieDuBasRhin%2Fposts%2Fpfbid02cY1wKnNpYEUA1GH7YLyXLSx9aWGQ6my6aBSKNFkdksJE1UQ2SdYz6QNSTaNEYrX1l&amp;show_text=true&amp;width=350\" title=\"Ouvrie le lien\" target=\"_blank\" rel=\"noopener\">Cliquez ici pour visualiser le contenu<\/a><\/p>\n<p>Votre r\u00e9gion, votre actu !<\/p>\n<p>Recevez chaque jour les infos qui comptent pour vous.<\/p>\n<p>\t<a href=\"https:\/\/actu.fr\/newsletter\" class=\"ac-btn ac-btn--corner ac-btn--medium ac-btn--blue800\" target=\"_blank\" rel=\"noopener\">S&rsquo;incrire<\/a><br \/>\nLe corps calcin\u00e9 de la radiologue retrouv\u00e9 \u00e0 son domicile<\/p>\n<p class=\" wall-content\">Les secours ont retrouv\u00e9 le <strong>corps calcin\u00e9 de la cardiologue \u00e0 son domicile<\/strong>, situ\u00e9 dans la m\u00eame ville.<\/p>\n<p class=\" wall-content\">\u00ab\u00a0C\u2019est <strong>criminel<\/strong>\u00ab\u00a0, a indiqu\u00e9 la source proche de l\u2019enqu\u00eate, pr\u00e9cisant que pour cette raison, le parquet de Saverne s\u2019est dessaisi au profit de celui de <strong>Strasbourg<\/strong>.<\/p>\n<p class=\" wall-content\"><strong>Avec AFP<\/strong><\/p>\n<p class=\" wall-content\">Personnalisez votre actualit\u00e9 en ajoutant vos villes et m\u00e9dias en favori avec <a href=\"https:\/\/moncompte.actu.fr\" title=\"D\u00e9couvez Mon Actu\" rel=\"nofollow noopener\" data-trk=\"{&quot;cta&quot;:{&quot;action&quot;:&quot;https:\\\/\\\/moncompte.actu.fr&quot;,&quot;category&quot;:&quot;mon compte&quot;,&quot;from&quot;:&quot;article footer&quot;,&quot;name&quot;:&quot;Mon actu&quot;,&quot;type&quot;:&quot;cta&quot;}}\" target=\"_blank\">Mon Actu<\/a>.<\/p>\n","protected":false},"excerpt":{"rendered":"Par R\u00e9daction Strasbourg Publi\u00e9 le 4 nov. 2025 \u00e0 10h09 Une femme a \u00e9t\u00e9 retrouv\u00e9e morte calcin\u00e9e \u00e0&hellip;\n","protected":false},"author":2,"featured_media":511066,"comment_status":"","ping_status":"","sticky":false,"template":"","format":"standard","meta":{"footnotes":""},"categories":[2],"tags":[11,4260,118,1011,27,3381,12,25],"class_list":{"0":"post-511065","1":"post","2":"type-post","3":"status-publish","4":"format-standard","5":"has-post-thumbnail","7":"category-actualites","8":"tag-actualites","9":"tag-appel-a-temoins","10":"tag-faits-divers","11":"tag-fr","12":"tag-france","13":"tag-gendarmerie","14":"tag-news","15":"tag-republique-francaise"},"share_on_mastodon":{"url":"https:\/\/pubeurope.com\/@fr\/115491302585502279","error":""},"_links":{"self":[{"href":"https:\/\/www.europesays.com\/fr\/wp-json\/wp\/v2\/posts\/511065","targetHints":{"allow":["GET"]}}],"collection":[{"href":"https:\/\/www.europesays.com\/fr\/wp-json\/wp\/v2\/posts"}],"about":[{"href":"https:\/\/www.europesays.com\/fr\/wp-json\/wp\/v2\/types\/post"}],"author":[{"embeddable":true,"href":"https:\/\/www.europesays.com\/fr\/wp-json\/wp\/v2\/users\/2"}],"replies":[{"embeddable":true,"href":"https:\/\/www.europesays.com\/fr\/wp-json\/wp\/v2\/comments?post=511065"}],"version-history":[{"count":0,"href":"https:\/\/www.europesays.com\/fr\/wp-json\/wp\/v2\/posts\/511065\/revisions"}],"wp:featuredmedia":[{"embeddable":true,"href":"https:\/\/www.europesays.com\/fr\/wp-json\/wp\/v2\/media\/511066"}],"wp:attachment":[{"href":"https:\/\/www.europesays.com\/fr\/wp-json\/wp\/v2\/media?parent=511065"}],"wp:term":[{"taxonomy":"category","embeddable":true,"href":"https:\/\/www.europesays.com\/fr\/wp-json\/wp\/v2\/categories?post=511065"},{"taxonomy":"post_tag","embeddable":true,"href":"https:\/\/www.europesays.com\/fr\/wp-json\/wp\/v2\/tags?post=511065"}],"curies":[{"name":"wp","href":"https:\/\/api.w.org\/{rel}","templated":true}]}}