{"id":511094,"date":"2025-11-04T12:18:30","date_gmt":"2025-11-04T12:18:30","guid":{"rendered":"https:\/\/www.europesays.com\/fr\/511094\/"},"modified":"2025-11-04T12:18:30","modified_gmt":"2025-11-04T12:18:30","slug":"la-braderie-continue-chez-amazon-co-voici-les-meilleures-offres-en-avant-premiere","status":"publish","type":"post","link":"https:\/\/www.europesays.com\/fr\/511094\/","title":{"rendered":"la braderie continue chez Amazon &#038; Co, voici les meilleures offres en avant-premi\u00e8re\u00a0"},"content":{"rendered":"<p>Non, vous ne r\u00eavez pas ! Novembre commence \u00e0 peine que le Black Friday commence d\u00e9j\u00e0 chez certains e-commer\u00e7ants fran\u00e7ais. Dans cet article, nous allons vous lister les meilleures offres en temps r\u00e9el pour que vous puissiez faire d\u2019excellentes affaires sur les meilleurs produits tech du moment. <\/p>\n<p><a target=\"_blank\" href=\"https:\/\/images.frandroid.com\/wp-content\/uploads\/2025\/11\/pre-black-friday-live.jpg\" class=\"article-content__figure\" rel=\"noopener\"><img fetchpriority=\"high\" decoding=\"async\" loading=\"eager\" width=\"1200\" height=\"675\" src=\"https:\/\/www.europesays.com\/fr\/wp-content\/uploads\/2025\/11\/pre-black-friday-live.jpg\" alt=\"\" class=\"wp-image-2853963 wp-image wp-image\"  \/><\/a><\/p>\n<p>Si le <a href=\"https:\/\/www.frandroid.com\/tag\/black-friday\" target=\"_blank\" rel=\"noopener\">Black Friday<\/a> ne commence officiellement que le 28 novembre prochain, certains e-commer\u00e7ants ont d\u00e9cid\u00e9 de partager quelques offres en avance. Oui, vous pouvez donc d\u2019ores et d\u00e9j\u00e0 profiter de prix in\u00e9dits sur de nombreux produits Tech populaires en ce Mardi 4 novembre 2025, l\u2019id\u00e9al pour pr\u00e9parer en amont vos emplettes de fin d\u2019ann\u00e9e ou tout simplement vos cadeaux de No\u00ebl.<\/p>\n<p>Si vous recherchez un nouveau <a href=\"https:\/\/www.frandroid.com\/bons-plans\/bons-plans-smartphone\" target=\"_blank\" rel=\"noopener\">smartphone<\/a>, <a href=\"https:\/\/www.frandroid.com\/bons-plans\/bons-plans-tablette\" target=\"_blank\" rel=\"noopener\">tablette<\/a>, <a href=\"https:\/\/www.frandroid.com\/bons-plans\/bons-plans-tv\" target=\"_blank\" rel=\"noopener\">TV,<\/a> <a href=\"https:\/\/www.frandroid.com\/bons-plans\/bons-plans-pc-portable\" target=\"_blank\" rel=\"noopener\">PC portable<\/a>, <a href=\"https:\/\/www.frandroid.com\/bons-plans\/bons-plans-audio\" target=\"_blank\" rel=\"noopener\">casque ou \u00e9couteurs sans fil<\/a> ou encore des <a href=\"https:\/\/www.frandroid.com\/bons-plans\/bons-plans-objets-connectes\" target=\"_blank\" rel=\"noopener\">objets connect\u00e9s<\/a>, vous \u00eates au bon endroit. Cet article sera mis \u00e0 jour tr\u00e8s r\u00e9guli\u00e8rement pour vous faire profiter en temps r\u00e9el des meilleurs prix !<\/p>\n<p>Les codes promos du Black Friday 2025<\/p>\n<p>Pendant cette p\u00e9riode de promotions, les diff\u00e9rents codes de r\u00e9duction et coupons vont s\u2019enchainer pour optimiser vos achats. Voici la liste :<\/p>\n<ul class=\"wp-block-list\">\n<li>Il n\u2019y a pas de codes promos actuellement. <\/li>\n<\/ul>\n<p>Pr\u00e9-Black Friday : les meilleures offres en DIRECT<\/p>\n<p>            mises \u00e0 jour disponibles<\/p>\n<p>Philips est un des leaders sur les dalles Oled 4K, qui plus est avec le fameux Ambilight (ici sur trois c\u00f4t\u00e9s), qui ajoute une dose bienvenue d\u2019immersion. On notera aussi la barre de son int\u00e9gr\u00e9e sign\u00e9e Bowers &amp; Wilkins 5.1.2, parfait pour profiter du Dolby Atmos. La TV sera aussi parfaitement adapt\u00e9e pour le gaming avec toutes les compatibilit\u00e9s n\u00e9cessaire.<\/p>\n<p><a target=\"_blank\" href=\"https:\/\/images.frandroid.com\/wp-content\/uploads\/2025\/10\/image-102-1.jpg\" class=\"article-content__figure\" rel=\"noopener\"><img loading=\"lazy\" decoding=\"async\" width=\"1200\" height=\"675\" src=\"https:\/\/www.europesays.com\/fr\/wp-content\/uploads\/2025\/11\/image-102-1-1200x675.jpg\" alt=\"\" class=\"wp-image-2854549 wp-image\"  \/><\/a><\/p>\n<ul class=\"wp-block-list\">\n<li>Dalle OLED Meta 2.0 et processeur P5 AI Dual<\/li>\n<\/ul>\n<ul class=\"wp-block-list\">\n<li>Technologie Ambilight XL sur 3 c\u00f4t\u00e9s\u00a0pour l\u2019immersion<\/li>\n<\/ul>\n<ul class=\"wp-block-list\">\n<li>4 ports HDMI, dont 2 ports HDMI 2.1 compatibles 4K 120 Hz<\/li>\n<\/ul>\n<p>Son-video.com n\u2019a pas rigol\u00e9 sur la promotion : la Philips 65OLED959 profite de 50 % de r\u00e9duction et\u00a0<a href=\"https:\/\/shop.frandroid.com\/t23tgi7k\" target=\"_blank\" rel=\"noreferrer noopener affiliate nofollow\" data-gtm=\"{&quot;event&quot;:&quot;afficlic&quot;,&quot;nom_marchand&quot;:&quot;son_video&quot;,&quot;nom_produit&quot;:&quot;inconnu&quot;,&quot;categorie_produit&quot;:&quot;inconnu&quot;,&quot;module_produit&quot;:&quot;editolink&quot;,&quot;position_marchand&quot;:0,&quot;texte&quot;:&quot;tombe-a-1990-euros&quot;,&quot;offer_url&quot;:&quot;https:\/\/shop.frandroid.com\/t23tgi7k&quot;,&quot;zone&quot;:&quot;contenu-page&quot;}\">tombe \u00e0 1990 euros<\/a>\u00a0au lieu de 3999 euros, un record.<\/p>\n<p>Avec sa tr\u00e8s grande capacit\u00e9, sa puissance de recharge ph\u00e9nom\u00e9nale et plusieurs ports pour recharger diff\u00e9rents appareils simultan\u00e9ment, la batterie externe Ugreen Nexode est le parfait compagnon \u00e0 avoir dans sa poche. Aujourd\u2019hui, elle se n\u00e9gocie avec 40 % de moins. <\/p>\n<p><a target=\"_blank\" href=\"https:\/\/images.frandroid.com\/wp-content\/uploads\/2025\/10\/ugreen-nexode-165w-pre-black-friday.jpg\" class=\"article-content__figure\" rel=\"noopener\"><img loading=\"lazy\" decoding=\"async\" width=\"1200\" height=\"675\" src=\"https:\/\/www.europesays.com\/fr\/wp-content\/uploads\/2025\/11\/ugreen-nexode-165w-pre-black-friday-1200x675.jpg\" alt=\"\" class=\"wp-image-2854471 wp-image\"  \/><\/a><\/p>\n<ul class=\"wp-block-list\">\n<li>Une batterie compacte avec une capacit\u00e9 de 25 000 mAh<\/li>\n<li>Une puissance de charge jusqu\u2019\u00e0 165 W<\/li>\n<li>Charge 4 appareils simultan\u00e9ment <\/li>\n<\/ul>\n<p>Avec un prix conseill\u00e9 \u00e0 99,99 euros, la batterie Ugreen Nexode 165 W<a href=\"https:\/\/shop.frandroid.com\/926romlq\" target=\"_blank\" rel=\"noreferrer noopener affiliate nofollow\" data-gtm=\"{&quot;event&quot;:&quot;afficlic&quot;,&quot;nom_marchand&quot;:&quot;amazon_fr&quot;,&quot;nom_produit&quot;:&quot;inconnu&quot;,&quot;categorie_produit&quot;:&quot;inconnu&quot;,&quot;module_produit&quot;:&quot;editolink&quot;,&quot;position_marchand&quot;:0,&quot;texte&quot;:&quot;se-negocie-actuellement-a-59-99-euros-sur-le-site-d-amazon&quot;,&quot;offer_url&quot;:&quot;https:\/\/shop.frandroid.com\/926romlq&quot;,&quot;zone&quot;:&quot;contenu-page&quot;}\"> se n\u00e9gocie\u00a0actuellement \u00e0 59,99 euros sur le site d\u2019Amazon<\/a> gr\u00e2ce \u00e0 un coupon de r\u00e9duction de 15 %. <\/p>\n<p>La Lenovo Idea Tab Pro est une <a href=\"https:\/\/www.frandroid.com\/guide-dachat\/guide-tablettes\/320702_guide-dachat-tablette-choisir-noel\" target=\"_blank\" rel=\"noopener\">tablette<\/a> Android boost\u00e9e \u00e0 l\u2019IA avec une fiche technique muscl\u00e9e avec un SoC v\u00e9loce, un \u00e9cran fluide et des accessoires la transformant en un v\u00e9ritable laptop. Lors du pr\u00e9-Black Friday on la retrouve avec 45 % de r\u00e9duction.<\/p>\n<p><a href=\"https:\/\/images.frandroid.com\/wp-content\/uploads\/2025\/11\/lenovo-idea-tab-pro-pre-black-friday.jpg\" target=\"_blank\" class=\"article-content__figure\" rel=\"noopener\"><img loading=\"lazy\" decoding=\"async\" width=\"1200\" height=\"675\" src=\"https:\/\/www.europesays.com\/fr\/wp-content\/uploads\/2025\/11\/lenovo-idea-tab-pro-pre-black-friday-1200x675.jpg\" alt=\"\" class=\"wp-image-2853295 wp-image\"  \/><\/a><\/p>\n<ul class=\"wp-block-list\">\n<li>Une dalle 12,7 pouces 3K\u00a0\u00e0 144 Hz<\/li>\n<li>Une puce MediaTek performante<\/li>\n<li>La prise en charge de Google Gemini\u00a0et de la charge rapide<\/li>\n<\/ul>\n<p>La Lenovo Idea Tab Pro (avec stylet et clavier inclus) est disponible <a href=\"https:\/\/shop.frandroid.com\/h4o2q8oi\" target=\"_blank\" rel=\"noreferrer noopener affiliate nofollow\" data-gtm=\"{&quot;event&quot;:&quot;afficlic&quot;,&quot;nom_marchand&quot;:&quot;fnac&quot;,&quot;nom_produit&quot;:&quot;inconnu&quot;,&quot;categorie_produit&quot;:&quot;inconnu&quot;,&quot;module_produit&quot;:&quot;editolink&quot;,&quot;position_marchand&quot;:0,&quot;texte&quot;:&quot;au-prix-de-299-euros-au-lieu-de-549-euros-sur-le-site-de-la-fnac&quot;,&quot;offer_url&quot;:&quot;https:\/\/shop.frandroid.com\/h4o2q8oi&quot;,&quot;zone&quot;:&quot;contenu-page&quot;}\">au prix de 299 euros au lieu de 549 euros sur le site de la Fnac<\/a> et <a href=\"https:\/\/shop.frandroid.com\/v7caadfu\" target=\"_blank\" rel=\"noreferrer noopener affiliate nofollow\" data-gtm=\"{&quot;event&quot;:&quot;afficlic&quot;,&quot;nom_marchand&quot;:&quot;darty&quot;,&quot;nom_produit&quot;:&quot;inconnu&quot;,&quot;categorie_produit&quot;:&quot;inconnu&quot;,&quot;module_produit&quot;:&quot;editolink&quot;,&quot;position_marchand&quot;:0,&quot;texte&quot;:&quot;darty&quot;,&quot;offer_url&quot;:&quot;https:\/\/shop.frandroid.com\/v7caadfu&quot;,&quot;zone&quot;:&quot;contenu-page&quot;}\">Darty<\/a>. <\/p>\n<p>Les Nothing Ear (a) sont des \u00e9couteurs sans fil proposant un excellent rapport qualit\u00e9\/prix. Ces derniers mettent en avant un joli design \u00e9l\u00e9gant avec plusieurs coloris. La qualit\u00e9 audio \u00e9prouv\u00e9e lors de <a href=\"https:\/\/www.frandroid.com\/marques\/nothing\/1997624_test-des-nothing-ear-a-dans-la-cour-des-grands\" target=\"_blank\" rel=\"noopener\">notre test des \u00e9couteurs<\/a> est de haute vol\u00e9e. Le son est plein d\u2019\u00e9nergie avec une excellente r\u00e9duction de bruit active.<\/p>\n<p><a href=\"https:\/\/images.frandroid.com\/wp-content\/uploads\/2025\/11\/nothing-ear-a-black-friday-2025.jpg\" target=\"_blank\" class=\"article-content__figure\" rel=\"noopener\"><img loading=\"lazy\" decoding=\"async\" width=\"1200\" height=\"675\" src=\"https:\/\/www.europesays.com\/fr\/wp-content\/uploads\/2025\/11\/nothing-ear-a-black-friday-2025-1200x675.jpg\" alt=\"\" class=\"wp-image-2852931 wp-image\"  \/><\/a><\/p>\n<ul class=\"wp-block-list\">\n<li>Une qualit\u00e9 audio irr\u00e9prochable<\/li>\n<li>La sc\u00e8ne sonore immersive<\/li>\n<li>Une belle autonomie<\/li>\n<\/ul>\n<p>Au lieu des 99 euros demand\u00e9s lors de leur sortie, les Nothing Ear (a) <a href=\"https:\/\/shop.frandroid.com\/q4dxp77v\" target=\"_blank\" rel=\"noreferrer noopener affiliate nofollow\" data-gtm=\"{&quot;event&quot;:&quot;afficlic&quot;,&quot;nom_marchand&quot;:&quot;amazon_fr&quot;,&quot;nom_produit&quot;:&quot;inconnu&quot;,&quot;categorie_produit&quot;:&quot;inconnu&quot;,&quot;module_produit&quot;:&quot;editolink&quot;,&quot;position_marchand&quot;:0,&quot;texte&quot;:&quot;sont-disponibles-a-68-euros-sur-amazon&quot;,&quot;offer_url&quot;:&quot;https:\/\/shop.frandroid.com\/q4dxp77v&quot;,&quot;zone&quot;:&quot;contenu-page&quot;}\">sont disponibles \u00e0 64 euros sur Amazon<\/a>.<\/p>\n<p>Bambu Lab est une marque bien connue pour ses imprimantes 3D abordable. Le site officiel se lance d\u00e9j\u00e0 dans le pr\u00e9-Black Friday et propose son mod\u00e8le id\u00e9al pour d\u00e9buter, la Bambu Lab A1 Mini, pour 179 euros au lieu de 319 euros \u00e0 son lancement. <\/p>\n<p><a target=\"_blank\" href=\"https:\/\/images.frandroid.com\/wp-content\/uploads\/2025\/06\/bambu-lab-a1-mini-pre-black-friday.jpg\" class=\"article-content__figure\" rel=\"noopener\"><img loading=\"lazy\" decoding=\"async\" width=\"1200\" height=\"675\" src=\"https:\/\/www.europesays.com\/fr\/wp-content\/uploads\/2025\/11\/bambu-lab-a1-mini-pre-black-friday-1200x675.jpg\" alt=\"\" class=\"wp-image-2854141 wp-image\"  \/><\/a><\/p>\n<ul class=\"wp-block-list\">\n<li>Il suffit de la brancher pour qu\u2019elle soit imm\u00e9diatement utilisable<\/li>\n<li>Son format compact permet de l\u2019installer partout<\/li>\n<li>Le logiciel Bambu Studio est pens\u00e9 pour les d\u00e9butants<\/li>\n<\/ul>\n<p>D\u2019abord \u00e0 319 euros, puis r\u00e9duit \u00e0 199 euros, l\u2019imprimante 3D Bambu A1 Mini, dans sa version simple, est <a href=\"https:\/\/shop.frandroid.com\/5bqsxeqz\" target=\"_blank\" rel=\"noreferrer noopener affiliate nofollow\" data-gtm=\"{&quot;event&quot;:&quot;afficlic&quot;,&quot;nom_marchand&quot;:&quot;bambulab&quot;,&quot;nom_produit&quot;:&quot;inconnu&quot;,&quot;categorie_produit&quot;:&quot;inconnu&quot;,&quot;module_produit&quot;:&quot;editolink&quot;,&quot;position_marchand&quot;:0,&quot;texte&quot;:&quot;en-promotion-a-179-euros-au-lieu-de-199-euros&quot;,&quot;offer_url&quot;:&quot;https:\/\/shop.frandroid.com\/5bqsxeqz&quot;,&quot;zone&quot;:&quot;contenu-page&quot;}\">aujourd\u2019hui promotion \u00e0 179 euros<\/a>. Si la version Combo vous int\u00e9resse, elle est aussi en promotion et <a href=\"https:\/\/shop.frandroid.com\/5bqsxeqz\" target=\"_blank\" rel=\"noreferrer noopener affiliate nofollow\" data-gtm=\"{&quot;event&quot;:&quot;afficlic&quot;,&quot;nom_marchand&quot;:&quot;bambulab&quot;,&quot;nom_produit&quot;:&quot;inconnu&quot;,&quot;categorie_produit&quot;:&quot;inconnu&quot;,&quot;module_produit&quot;:&quot;editolink&quot;,&quot;position_marchand&quot;:0,&quot;texte&quot;:&quot;passe-de-349-euros-a-289-euros&quot;,&quot;offer_url&quot;:&quot;https:\/\/shop.frandroid.com\/5bqsxeqz&quot;,&quot;zone&quot;:&quot;contenu-page&quot;}\">passe de 349 euros \u00e0 289 euros<\/a>.<\/p>\n<p>Si les\u00a0<a href=\"https:\/\/www.frandroid.com\/guide-dachat\/smartphones\/332196_10-smartphones-attendus-debut-2016\" target=\"_blank\" rel=\"noopener\">smartphones<\/a>\u00a0sont mieux loti c\u00f4t\u00e9 autonomie, et dont certains sont compatibles avec une bonne puissance de charge, opter pour une batterie externe reste une bonne solution.\u00a0Celle de Samsung d\u2019une capacit\u00e9 de 10 000 mAh passe de 49 euros \u00e0 seulement 9 euros !<\/p>\n<p><a target=\"_blank\" href=\"https:\/\/images.frandroid.com\/wp-content\/uploads\/2025\/11\/batterie-externe-samsung-black-friday-2025.jpg\" class=\"article-content__figure\" rel=\"noopener\"><img loading=\"lazy\" decoding=\"async\" width=\"1200\" height=\"675\" src=\"https:\/\/www.europesays.com\/fr\/wp-content\/uploads\/2025\/11\/batterie-externe-samsung-black-friday-2025-1200x675.jpg\" alt=\"\" class=\"wp-image-2853953 wp-image\"  \/><\/a><\/p>\n<ul class=\"wp-block-list\">\n<li>Compacte, facile \u00e0 transporter<\/li>\n<li>Avec une capacit\u00e9 de 10 000 mAh<\/li>\n<\/ul>\n<ul class=\"wp-block-list\">\n<li>Compatible avec charge rapide 25 W<\/li>\n<\/ul>\n<p>Vendue \u00e0 49,99 euros sur le site de la marque, la batterie externe Samsung 10 000 mAh (25 W) se trouve actuellement \u00e0 29,99 euros sur fnac.com, mais gr\u00e2ce\u00a0\u00e0 <a href=\"https:\/\/static.fnac-static.com\/Multimedia\/editorial\/Digital\/PDF\/2025\/SAMSUNG\/ODR_samsung_accessoires_01_10_31_12_2025.pdf\" target=\"_blank\" rel=\"noreferrer noopener nofollow\">une ODR<\/a> de 20 euros, <a href=\"https:\/\/shop.frandroid.com\/l2viowoc\" target=\"_blank\" rel=\"noreferrer noopener affiliate nofollow\" data-gtm=\"{&quot;event&quot;:&quot;afficlic&quot;,&quot;nom_marchand&quot;:&quot;fnac&quot;,&quot;nom_produit&quot;:&quot;inconnu&quot;,&quot;categorie_produit&quot;:&quot;inconnu&quot;,&quot;module_produit&quot;:&quot;editolink&quot;,&quot;position_marchand&quot;:0,&quot;texte&quot;:&quot;elle-revient-a-9-99-euros-seulement&quot;,&quot;offer_url&quot;:&quot;https:\/\/shop.frandroid.com\/l2viowoc&quot;,&quot;zone&quot;:&quot;contenu-page&quot;}\">elle\u00a0revient \u00e0 9,99 euros seulement.<\/a><\/p>\n<p>Si vous attendiez avec impatience de voir\u00a0<a href=\"https:\/\/www.frandroid.com\/guide-dachat\/689411_guide-meilleurs-pc-portables-gamer\" target=\"_blank\" rel=\"noopener\">un laptop gaming\u00a0<\/a>\u00e9quip\u00e9 des derni\u00e8res RTX de Nvidia, c\u2019est le moment : Darty propose le MSI Vector 16 HX AI avec une RTX 5080 et un Intel Core Ultra 9 avec pr\u00e8s de 25 % de r\u00e9duction.<\/p>\n<p><a target=\"_blank\" href=\"https:\/\/www.europesays.com\/fr\/wp-content\/uploads\/2025\/11\/image-102.jpg\" class=\"article-content__figure\"><img loading=\"lazy\" decoding=\"async\" width=\"768\" height=\"432\" src=\"https:\/\/www.europesays.com\/fr\/wp-content\/uploads\/2025\/11\/image-102.jpg\" alt=\"\" class=\"wp-image-2853973 wp-image\"  \/><\/a><\/p>\n<ul class=\"wp-block-list\">\n<li>Son \u00e9cran de 16 pouces en QHD+ \u00e0 240 Hz<\/li>\n<li>Une config muscl\u00e9e : Intel Core Ultra 9 275HX + 32 Go RAM + 1 To SSD<\/li>\n<li>Sans oublier la pr\u00e9sence de la Nvidia GeForce RTX 5080<\/li>\n<\/ul>\n<p>Lanc\u00e9 au prix de 3 299,99 euros, le MSI Vector 16 HX AI 2XWIG-015FR est actuellement\u00a0<a href=\"https:\/\/shop.frandroid.com\/9rwl40sb\" target=\"_blank\" rel=\"noreferrer noopener affiliate nofollow\" data-gtm=\"{&quot;event&quot;:&quot;afficlic&quot;,&quot;nom_marchand&quot;:&quot;darty&quot;,&quot;nom_produit&quot;:&quot;inconnu&quot;,&quot;categorie_produit&quot;:&quot;inconnu&quot;,&quot;module_produit&quot;:&quot;editolink&quot;,&quot;position_marchand&quot;:0,&quot;texte&quot;:&quot;en-forte-promotion-chez-darty-a-2-499-99-euros&quot;,&quot;offer_url&quot;:&quot;https:\/\/shop.frandroid.com\/9rwl40sb&quot;,&quot;zone&quot;:&quot;contenu-page&quot;}\">en forte promotion chez Darty \u00e0 2 499,99 euros.\u00a0<\/a><\/p>\n<p>La JBL PartyBox Encore Essential 2 est une excellente option pour celles et ceux qui cherchent une sono puissante pour animer de futures soir\u00e9es. <\/p>\n<p><a href=\"https:\/\/images.frandroid.com\/wp-content\/uploads\/2025\/10\/jbl-partybox-encore-essential-2-black-friday-2025.jpg\" target=\"_blank\" class=\"article-content__figure\" rel=\"noopener\"><img loading=\"lazy\" decoding=\"async\" width=\"1200\" height=\"675\" src=\"https:\/\/www.europesays.com\/fr\/wp-content\/uploads\/2025\/10\/jbl-partybox-encore-essential-2-black-friday-2025-1200x675.jpg\" alt=\"\" class=\"wp-image-2849565 wp-image\"  \/><\/a><\/p>\n<ul class=\"wp-block-list\">\n<li>Une sono robuste avec une poign\u00e9e int\u00e9gr\u00e9e pratique <\/li>\n<li>Une puissance de 100 W<\/li>\n<li>Jusqu\u2019\u00e0 15 heures d\u2019autonomie<\/li>\n<\/ul>\n<p>La JBL Partybox Encore Essential 2 est habituellement vendu \u00e0 299 euros, mais en ce moment, on la trouve <a href=\"https:\/\/shop.frandroid.com\/12sxw6pf\" target=\"_blank\" rel=\"noreferrer noopener affiliate nofollow\" data-gtm=\"{&quot;event&quot;:&quot;afficlic&quot;,&quot;nom_marchand&quot;:&quot;boulanger&quot;,&quot;nom_produit&quot;:&quot;inconnu&quot;,&quot;categorie_produit&quot;:&quot;inconnu&quot;,&quot;module_produit&quot;:&quot;editolink&quot;,&quot;position_marchand&quot;:0,&quot;texte&quot;:&quot;en-promotion-a-199-euros-chez-boulanger&quot;,&quot;offer_url&quot;:&quot;https:\/\/shop.frandroid.com\/12sxw6pf&quot;,&quot;zone&quot;:&quot;contenu-page&quot;}\">en promotion \u00e0 199 euros chez Boulanger<\/a>.<\/p>\n<p>Si la taille de votre t\u00e9l\u00e9viseur ne vous suffit pas pour passer un bon moment, vous pouvez passer \u00e0 la taille sup\u00e9rieure en optant pour un vid\u00e9oprojecteur. Pour ne pas faire les choses \u00e0 moiti\u00e9, autant passer \u00e0 la 4K avec le JMGO N1S Infinity qui b\u00e9n\u00e9ficie en plus de <a href=\"https:\/\/shop.frandroid.com\/8sqh14rm\" data-type=\"link\" data-id=\"https:\/\/shop.frandroid.com\/8sqh14rm\" target=\"_blank\" rel=\"noreferrer noopener affiliate nofollow\" data-gtm=\"{&quot;event&quot;:&quot;afficlic&quot;,&quot;nom_marchand&quot;:&quot;fnac&quot;,&quot;nom_produit&quot;:&quot;inconnu&quot;,&quot;categorie_produit&quot;:&quot;inconnu&quot;,&quot;module_produit&quot;:&quot;editolink&quot;,&quot;position_marchand&quot;:0,&quot;texte&quot;:&quot;200-euros-de-reduction&quot;,&quot;offer_url&quot;:&quot;https:\/\/shop.frandroid.com\/tzd3voq7&quot;,&quot;zone&quot;:&quot;contenu-page&quot;}\">200 euros de r\u00e9duction<\/a>.<\/p>\n<p><a href=\"https:\/\/images.frandroid.com\/wp-content\/uploads\/2025\/11\/jmgo-n1s-infinity-4k-pre-black-friday-2025.jpg\" target=\"_blank\" class=\"article-content__figure\" rel=\"noopener\"><img loading=\"lazy\" decoding=\"async\" width=\"1200\" height=\"675\" src=\"https:\/\/www.europesays.com\/fr\/wp-content\/uploads\/2025\/11\/jmgo-n1s-infinity-4k-pre-black-friday-2025-1200x675.jpg\" alt=\"\" class=\"wp-image-2853491 wp-image\"  \/><\/a><\/p>\n<ul class=\"wp-block-list\">\n<li>La technologie Triple Laser 4K<\/li>\n<li>Une luminosit\u00e9 de 2450 lumens<\/li>\n<li>Une bonne sc\u00e8ne audio avec un syst\u00e8me 2 x 20 W<\/li>\n<\/ul>\n<p>Le JMGO N1S Infinity 4K est un bon petit vid\u00e9oprojecteur qu\u2019il est possible <a href=\"https:\/\/shop.frandroid.com\/8sqh14rm\" target=\"_blank\" rel=\"noreferrer noopener affiliate nofollow\" data-gtm=\"{&quot;event&quot;:&quot;afficlic&quot;,&quot;nom_marchand&quot;:&quot;darty&quot;,&quot;nom_produit&quot;:&quot;inconnu&quot;,&quot;categorie_produit&quot;:&quot;inconnu&quot;,&quot;module_produit&quot;:&quot;editolink&quot;,&quot;position_marchand&quot;:0,&quot;texte&quot;:&quot;de-retrouver-chez-darty-pour-1-299-euros&quot;,&quot;offer_url&quot;:&quot;https:\/\/shop.frandroid.com\/8sqh14rm&quot;,&quot;zone&quot;:&quot;contenu-page&quot;}\">de retrouver chez Darty pour 1 299 euros<\/a> alors qu\u2019il co\u00fbte d\u2019habitude 1 499 euros, gr\u00e2ce au pr\u00e9-Black Friday.<\/p>\n<p><a href=\"https:\/\/www.frandroid.com\/marques\/razer\/2353558_test-de-la-razer-wolverine-v3-pro\" data-type=\"link\" data-id=\"https:\/\/www.frandroid.com\/marques\/razer\/2353558_test-de-la-razer-wolverine-v3-pro\" target=\"_blank\" rel=\"noopener\">Test\u00e9e et approuv\u00e9e par nos soins<\/a>, la Razer Wolverine V3 Pro s\u2019adresse aux joueurs intensifs, aux adeptes de l\u2019esport et compagnie. Tant en termes de qualit\u00e9 de fabrication que d\u2019ergonomie et de personnalisation, elle est sup\u00e9rieure aux manettes standard. Son prix est toutefois \u00e9lev\u00e9, mais ce compromis est plus acceptable en cette p\u00e9riode d\u2019avant-premi\u00e8re du Black Friday.<\/p>\n<p><a href=\"https:\/\/images.frandroid.com\/wp-content\/uploads\/2025\/11\/razer-wolverine-v3-pro.jpg\" target=\"_blank\" class=\"article-content__figure\" rel=\"noopener\"><img loading=\"lazy\" decoding=\"async\" width=\"1200\" height=\"675\" src=\"https:\/\/www.europesays.com\/fr\/wp-content\/uploads\/2025\/11\/razer-wolverine-v3-pro-1200x675.jpg\" alt=\"\" class=\"wp-image-2853329 wp-image\"  \/><\/a><\/p>\n<ul class=\"wp-block-list\">\n<li>Conception premium et ergonomie excellente<\/li>\n<li>Joysticks interchangeables<\/li>\n<li>Logiciel simple \u00e0 utiliser<\/li>\n<\/ul>\n<p>Au lieu de 229,99 euros, la Razer Wolverine V3 Pro est aujourd\u2019hui disponible <a href=\"https:\/\/shop.frandroid.com\/yafddysk\" data-type=\"link\" data-id=\"https:\/\/www.fnac.com\/Manette-sans-fil-e-sport-Razer-Wolverine-V3-Pro-8K-Noir-pour-PC\/a21903826\/w-4\" target=\"_blank\" rel=\"noreferrer noopener affiliate nofollow\" data-gtm=\"{&quot;event&quot;:&quot;afficlic&quot;,&quot;nom_marchand&quot;:&quot;fnac&quot;,&quot;nom_produit&quot;:&quot;inconnu&quot;,&quot;categorie_produit&quot;:&quot;inconnu&quot;,&quot;module_produit&quot;:&quot;editolink&quot;,&quot;position_marchand&quot;:0,&quot;texte&quot;:&quot;en-promotion-a-159-99-euros&quot;,&quot;offer_url&quot;:&quot;https:\/\/shop.frandroid.com\/yafddysk&quot;,&quot;zone&quot;:&quot;contenu-page&quot;}\">en promotion \u00e0 159,99 euros<\/a> sur la Fnac.<\/p>\n<p>Le JBL Live 775NC est un casque Bluetooth disponible depuis 2024. On peut le consid\u00e9rer comme une petite \u00e9volution du <a href=\"https:\/\/www.frandroid.com\/produits\/audio-casques-ecouteurs\/jbl\/1784075-jbl-live-770nc\" target=\"_blank\" rel=\"noreferrer noopener\">JBL Live 770NC<\/a>, avec une r\u00e9duction de bruit adaptative True Adaptive Noise Cancelling plus raffin\u00e9e et une meilleure personnalisation sonore. Il int\u00e8gre aussi le Bluetooth 5.3 avec prise en charge future Audio LE.<\/p>\n<p><a href=\"https:\/\/images.frandroid.com\/wp-content\/uploads\/2025\/10\/jbl-live-775-nc-black-friday-2025.jpg\" target=\"_blank\" class=\"article-content__figure\" rel=\"noopener\"><img loading=\"lazy\" decoding=\"async\" width=\"1200\" height=\"675\" src=\"https:\/\/www.europesays.com\/fr\/wp-content\/uploads\/2025\/10\/jbl-live-775-nc-black-friday-2025-1200x675.jpg\" alt=\"\" class=\"wp-image-2849649 wp-image\"  \/><\/a><\/p>\n<ul class=\"wp-block-list\">\n<li>Son autonomie de 65 h, 50 h avec l\u2019ANC activ\u00e9e<\/li>\n<li>La qualit\u00e9 du Bluetooth 5.3 avec connexion multipoint<\/li>\n<li>Il est tr\u00e8s confortable pour de longues sessions d\u2019\u00e9coute<\/li>\n<\/ul>\n<p>Le prix de r\u00e9f\u00e9rence du JBL Live 775NC est de 179,99 euros, mais en ce moment sur Boulanger, vous retrouvez <a href=\"https:\/\/shop.frandroid.com\/ou6vxevd\" target=\"_blank\" rel=\"noreferrer noopener affiliate nofollow\" data-gtm=\"{&quot;event&quot;:&quot;afficlic&quot;,&quot;nom_marchand&quot;:&quot;boulanger&quot;,&quot;nom_produit&quot;:&quot;inconnu&quot;,&quot;categorie_produit&quot;:&quot;inconnu&quot;,&quot;module_produit&quot;:&quot;editolink&quot;,&quot;position_marchand&quot;:0,&quot;texte&quot;:&quot;ce-casque-pour-99-99-euros&quot;,&quot;offer_url&quot;:&quot;https:\/\/shop.frandroid.com\/ou6vxevd&quot;,&quot;zone&quot;:&quot;contenu-page&quot;}\">ce casque pour 99,99 euros<\/a>.<\/p>\n<p>Lanc\u00e9e cette ann\u00e9e, la TCL NxtPaper 11 Plus a un atout que peu de tablettes proposent sur le march\u00e9 : un \u00e9cran qui parvient \u00e0 imiter la texture du papier, ce qui permet notamment de r\u00e9duire la fatigue oculaire. Cette ardoise Android peut donc se transformer en liseuse en un clic. Elle peut aussi \u00eatre adapt\u00e9e au travail, gr\u00e2ce \u00e0 son IA int\u00e9gr\u00e9e qui simplifie les t\u00e2ches. <\/p>\n<p><a href=\"https:\/\/images.frandroid.com\/wp-content\/uploads\/2025\/11\/tcl-nxtpaper-11-plus-black-friday-2025.jpg\" target=\"_blank\" class=\"article-content__figure\" rel=\"noopener\"><img loading=\"lazy\" decoding=\"async\" width=\"1200\" height=\"675\" src=\"https:\/\/www.europesays.com\/fr\/wp-content\/uploads\/2025\/11\/tcl-nxtpaper-11-plus-black-friday-2025-1200x675.jpg\" alt=\"\" class=\"wp-image-2853335 wp-image\"  \/><\/a><\/p>\n<ul class=\"wp-block-list\">\n<li>Un \u00e9cran 2,2K de 11,5 pouces avec un mode \u00ab\u00a0papier\u00a0\u00bb<\/li>\n<li>Des fonctions IA int\u00e9gr\u00e9es<\/li>\n<li>Une batterie de 8 000 mAh<\/li>\n<\/ul>\n<p>Auparavant affich\u00e9e \u00e0 299,99 euros, la tablette tactile TCL NxtPaper 11 Plus est aujourd\u2019hui <a href=\"https:\/\/shop.frandroid.com\/jtrbfqob\" target=\"_blank\" rel=\"noreferrer noopener affiliate nofollow\" data-gtm=\"{&quot;event&quot;:&quot;afficlic&quot;,&quot;nom_marchand&quot;:&quot;amazon_fr&quot;,&quot;nom_produit&quot;:&quot;inconnu&quot;,&quot;categorie_produit&quot;:&quot;inconnu&quot;,&quot;module_produit&quot;:&quot;editolink&quot;,&quot;position_marchand&quot;:0,&quot;texte&quot;:&quot;disponible-en-promotion-a-203-14-euros-sur-amazon&quot;,&quot;offer_url&quot;:&quot;https:\/\/shop.frandroid.com\/jtrbfqob&quot;,&quot;zone&quot;:&quot;contenu-page&quot;}\">disponible en promotion \u00e0 203,14 euros sur Amazon<\/a>.<\/p>\n<p>TCL n\u2019est pas qu\u2019une marque r\u00e9put\u00e9e pour ses t\u00e9l\u00e9viseurs accessibles, la marque s\u2019est aussi diversifi\u00e9e en proposant notamment des \u00e9crans PC, particuli\u00e8rement pour le gaming. Et elle ne fait pas les choses \u00e0 moiti\u00e9 avec ce mod\u00e8le incurv\u00e9 gigantesque de 57 pouces, soit 144,7 cm de diagonale, qui b\u00e9n\u00e9ficie de la technologie Mini LED. Un tr\u00e8s grand \u00e9cran PC, donc, aussi bien par la taille que par son prix.<\/p>\n<p><a href=\"https:\/\/images.frandroid.com\/wp-content\/uploads\/2025\/11\/tcl-57r94-pre-black-friday-2025.jpg\" target=\"_blank\" class=\"article-content__figure\" rel=\"noopener\"><img loading=\"lazy\" decoding=\"async\" width=\"1200\" height=\"675\" src=\"https:\/\/www.europesays.com\/fr\/wp-content\/uploads\/2025\/11\/tcl-57r94-pre-black-friday-2025-1200x675.jpg\" alt=\"\" class=\"wp-image-2853337 wp-image\"  \/><\/a><\/p>\n<ul class=\"wp-block-list\">\n<li>Sa diagonale XXL de 57 pouces<\/li>\n<li>Un taux de rafraichissement \u00e0 120 Hz<\/li>\n<li>La prise en charge d\u2019AMD FreeSync et G-Sync<\/li>\n<\/ul>\n<p>Alors qu\u2019il \u00e9tait lanc\u00e9 \u00e0 1 999 euros, le TCL 57R94 est affich\u00e9 \u00e0 1 550 euros sur Ubaldi. Avec les -5 euros tous les 100 euros gr\u00e2ce <strong>au code promo 5UBA4125<\/strong>, <a href=\"https:\/\/shop.frandroid.com\/ohuzx5hj\" target=\"_blank\" rel=\"noreferrer noopener affiliate nofollow\" data-gtm=\"{&quot;event&quot;:&quot;afficlic&quot;,&quot;nom_marchand&quot;:&quot;ubaldi&quot;,&quot;nom_produit&quot;:&quot;inconnu&quot;,&quot;categorie_produit&quot;:&quot;inconnu&quot;,&quot;module_produit&quot;:&quot;editolink&quot;,&quot;position_marchand&quot;:0,&quot;texte&quot;:&quot;il-passe-a-1-475-euros&quot;,&quot;offer_url&quot;:&quot;https:\/\/shop.frandroid.com\/ohuzx5hj&quot;,&quot;zone&quot;:&quot;contenu-page&quot;}\">il passe \u00e0 1 475 euros<\/a> en p\u00e9riode de pr\u00e9-Black Friday.<\/p>\n<p>Le Samsung Galaxy A56 est le fer de lance de la derni\u00e8re s\u00e9rie A de la marque cor\u00e9enne. Un smartphone qui ne se veut pas forc\u00e9ment innovant mais qui s\u2019am\u00e9liore sur tous les aspects et dont le prix est nettement plus int\u00e9ressant lors du pr\u00e9-Black Friday.<\/p>\n<p><a href=\"https:\/\/images.frandroid.com\/wp-content\/uploads\/2025\/10\/samsung-galaxy-a56-pre-black-firday.jpg\" target=\"_blank\" class=\"article-content__figure\" rel=\"noopener\"><img loading=\"lazy\" decoding=\"async\" width=\"1200\" height=\"675\" src=\"https:\/\/www.europesays.com\/fr\/wp-content\/uploads\/2025\/11\/samsung-galaxy-a56-pre-black-firday-1200x675.jpg\" alt=\"\" class=\"wp-image-2850093 wp-image\"  \/><\/a><\/p>\n<ul class=\"wp-block-list\">\n<li>Une bonne int\u00e9gration de One UI 7 et 6 ans de MAJ<\/li>\n<li>Un processeur solide avec un NPU puissant<\/li>\n<li>Une autonomie qui d\u00e9passe la journ\u00e9e sans chargeur<\/li>\n<\/ul>\n<p>Lanc\u00e9 \u00e0 499 euros, le Samsung Galaxy A56 est aujourd\u2019hui <a href=\"https:\/\/shop.frandroid.com\/2s7rrlkm\" target=\"_blank\" rel=\"noreferrer noopener affiliate nofollow\" data-gtm=\"{&quot;event&quot;:&quot;afficlic&quot;,&quot;nom_marchand&quot;:&quot;cdiscount&quot;,&quot;nom_produit&quot;:&quot;inconnu&quot;,&quot;categorie_produit&quot;:&quot;inconnu&quot;,&quot;module_produit&quot;:&quot;editolink&quot;,&quot;position_marchand&quot;:0,&quot;texte&quot;:&quot;propose-a-306-euros-sur-le-site-cdiscount&quot;,&quot;offer_url&quot;:&quot;https:\/\/shop.frandroid.com\/2s7rrlkm&quot;,&quot;zone&quot;:&quot;contenu-page&quot;}\">propos\u00e9 \u00e0 306 euros sur le site Cdiscount.<\/a> <\/p>\n<p>Si vous avez un PC fixe plut\u00f4t costaud et le budget qui va avec, PC Componentes propose une carte graphique haut de gamme \u00e0 un prix int\u00e9ressant. Il s\u2019agit de la GeForce RTX 5080 version PNY, avec triple ventilateur, 16 Go de RAM GDDR7 d\u00e9di\u00e9 : le top pour jouer et cr\u00e9er, notamment de la 3D. <\/p>\n<p><a href=\"https:\/\/images.frandroid.com\/wp-content\/uploads\/2025\/11\/pny-geforce-rtx-5080-triple-fan-16gb-gddr7-reflex-2-rtx-ai-dlss4-pre-black-friday-2025.jpg\" target=\"_blank\" class=\"article-content__figure\" rel=\"noopener\"><img loading=\"lazy\" decoding=\"async\" width=\"1200\" height=\"675\" src=\"https:\/\/www.europesays.com\/fr\/wp-content\/uploads\/2025\/11\/pny-geforce-rtx-5080-triple-fan-16gb-gddr7-reflex-2-rtx-ai-dlss4-pre-black-friday-2025-1200x675.jpg\" alt=\"\" class=\"wp-image-2853175 wp-image\"  \/><\/a><\/p>\n<ul class=\"wp-block-list\">\n<li>Compatible jusqu\u2019\u00e0 4 \u00e9crans en 8K et VR Ready<\/li>\n<li>Le triple ventilateur assure un refroidissement optimal<\/li>\n<li>Top pour l\u2019IA, la 3D et le ray-tracing<\/li>\n<\/ul>\n<p>Nvidia a lanc\u00e9 sa RTX 5080 en \u00e9dition Founder \u00e0 1 170 euros, mais ce mod\u00e8le pr\u00e9cis du constructeur PNY <a href=\"https:\/\/shop.frandroid.com\/jujivhsr\" target=\"_blank\" rel=\"noreferrer noopener affiliate nofollow\" data-gtm=\"{&quot;event&quot;:&quot;afficlic&quot;,&quot;nom_marchand&quot;:&quot;pc_componentes&quot;,&quot;nom_produit&quot;:&quot;inconnu&quot;,&quot;categorie_produit&quot;:&quot;inconnu&quot;,&quot;module_produit&quot;:&quot;editolink&quot;,&quot;position_marchand&quot;:0,&quot;texte&quot;:&quot;passe-a-1-049-euros-chez-pc-componentes&quot;,&quot;offer_url&quot;:&quot;https:\/\/shop.frandroid.com\/jujivhsr&quot;,&quot;zone&quot;:&quot;contenu-page&quot;}\">passe \u00e0 1 049 euros chez PC Componentes<\/a>. <\/p>\n<p>Amazon poss\u00e8de une large gamme de <a href=\"https:\/\/www.frandroid.com\/guide-dachat\/322031_thermostats-connectes-temps-dy-penser\" target=\"_blank\" rel=\"noopener\">produits connect\u00e9s<\/a>, y compris dans sa gamme Basics, sa marque \u00e0 bas prix. Le g\u00e9ant am\u00e9ricain propose par exemple un interrupteur intelligent, qui nous \u00e9vite de remplacer l\u2019ampoule de notre luminaire <a href=\"https:\/\/www.frandroid.com\/guide-dachat\/guide-objets-connectes\/637570_meilleures-ampoules-connectees-choisir\" target=\"_blank\" rel=\"noopener\">par un mod\u00e8le connect\u00e9<\/a>. De plus, cette r\u00e9f\u00e9rence compatible avec Alexa n\u2019est pas tr\u00e8s peu co\u00fbteuse.<\/p>\n<p><a href=\"https:\/\/images.frandroid.com\/wp-content\/uploads\/2025\/11\/interrupteur-connecte-amazon-black-friday-2025.jpg\" target=\"_blank\" class=\"article-content__figure\" rel=\"noopener\"><img loading=\"lazy\" decoding=\"async\" width=\"1200\" height=\"675\" src=\"https:\/\/www.europesays.com\/fr\/wp-content\/uploads\/2025\/11\/interrupteur-connecte-amazon-black-friday-2025-1200x675.jpg\" alt=\"\" class=\"wp-image-2853151 wp-image\"  \/><\/a><\/p>\n<ul class=\"wp-block-list\">\n<li>Un mod\u00e8le compact et sobre<\/li>\n<li>Compatible avec Alexa<\/li>\n<li>La programmation de routines et le contr\u00f4le \u00e0 distance<\/li>\n<\/ul>\n<p>D\u2019abord affich\u00e9 \u00e0 12,38 euros, l\u2019interrupteur intelligent Amazon Basics est aujourd\u2019hui <a href=\"https:\/\/shop.frandroid.com\/t61ncqc0\" target=\"_blank\" rel=\"noreferrer noopener affiliate nofollow\" data-gtm=\"{&quot;event&quot;:&quot;afficlic&quot;,&quot;nom_marchand&quot;:&quot;amazon_fr&quot;,&quot;nom_produit&quot;:&quot;inconnu&quot;,&quot;categorie_produit&quot;:&quot;inconnu&quot;,&quot;module_produit&quot;:&quot;editolink&quot;,&quot;position_marchand&quot;:0,&quot;texte&quot;:&quot;disponible-en-promotion-a-7-32-euros-sur-amazon&quot;,&quot;offer_url&quot;:&quot;https:\/\/shop.frandroid.com\/t61ncqc0&quot;,&quot;zone&quot;:&quot;contenu-page&quot;}\">disponible en promotion \u00e0 7,32 euros sur Amazon<\/a>.<\/p>\n<p>Le Garmin Edge 540 est un compteur GPS adapt\u00e9 aux v\u00e9los. C\u2019est un produit qui est pour celles et ceux souhaitant suivre leurs performances avec pr\u00e9cision, mais aussi avoir des informations d\u00e9taill\u00e9es sur leurs sorties et m\u00eame obtenir des conseils lors de vos entrainements. <\/p>\n<p><a href=\"https:\/\/images.frandroid.com\/wp-content\/uploads\/2025\/10\/garmin-edge-540-black-friday-2025.jpg\" target=\"_blank\" class=\"article-content__figure\" rel=\"noopener\"><img loading=\"lazy\" decoding=\"async\" width=\"1200\" height=\"675\" src=\"https:\/\/www.europesays.com\/fr\/wp-content\/uploads\/2025\/11\/garmin-edge-540-black-friday-2025-1200x675.jpg\" alt=\"\" class=\"wp-image-2853297 wp-image\"  \/><\/a><\/p>\n<ul class=\"wp-block-list\">\n<li>Une autonomie qui va jusqu\u2019\u00e0 26 h<\/li>\n<li>Le GPS multi-bandes et GNSS est d\u2019une pr\u00e9cision diabolique<\/li>\n<li>Les s\u00e9ances d\u2019entra\u00eenement sugg\u00e9r\u00e9es et adapt\u00e9es au quotidien<\/li>\n<\/ul>\n<p>Au lieu de 399,99 euros, vous pouvez retrouver <a href=\"https:\/\/shop.frandroid.com\/xswh5h3y\" data-type=\"link\" data-id=\"https:\/\/shop.frandroid.com\/xswh5h3y\" target=\"_blank\" rel=\"noreferrer noopener affiliate nofollow\" data-gtm=\"{&quot;event&quot;:&quot;afficlic&quot;,&quot;nom_marchand&quot;:&quot;amazon_fr&quot;,&quot;nom_produit&quot;:&quot;inconnu&quot;,&quot;categorie_produit&quot;:&quot;inconnu&quot;,&quot;module_produit&quot;:&quot;editolink&quot;,&quot;position_marchand&quot;:0,&quot;texte&quot;:&quot;le-garmin-edge-540-seulement-a-222-51-euros-sur-ali-express&quot;,&quot;offer_url&quot;:&quot;https:\/\/shop.frandroid.com\/w74hrmdx&quot;,&quot;zone&quot;:&quot;contenu-page&quot;}\">le Garmin Edge 540 seulement \u00e0 222,51 euros sur AliExpress<\/a> avec le code promo <strong>CDFR20<\/strong>.<\/p>\n<p>Le Xiaomi Smart Band 9 est un excellent rapport qualit\u00e9-prix pour toutes personnes souhaitant suivre ses activit\u00e9s sportives sans trop d\u00e9penser. Ce n\u2019est \u00e9videmment pas le dernier bracelet connect\u00e9 en date de la marque, mais c\u2019est pur \u00e7a qu\u2019il est aussi peu cher aujourd\u2019hui. <\/p>\n<p><a href=\"https:\/\/images.frandroid.com\/wp-content\/uploads\/2025\/10\/xiaomi-smart-band-9-black-friday-2025.jpg\" target=\"_blank\" class=\"article-content__figure\" rel=\"noopener\"><img loading=\"lazy\" decoding=\"async\" width=\"1200\" height=\"675\" src=\"https:\/\/www.europesays.com\/fr\/wp-content\/uploads\/2025\/11\/xiaomi-smart-band-9-black-friday-2025-1200x675.jpg\" alt=\"\" class=\"wp-image-2851781 wp-image\"  \/><\/a><\/p>\n<ul class=\"wp-block-list\">\n<li>Un \u00e9cran tr\u00e8s lumineux, lisible m\u00eame en plein soleil<\/li>\n<li>Un suivi cardio \u00e9tonnamment pr\u00e9cis pour un appareil de cette cat\u00e9gorie<\/li>\n<li>Une bonne autonomie<\/li>\n<\/ul>\n<p>Le Xiaomi Smart Band 9 a \u00e9t\u00e9 lanc\u00e9 \u00e0 49,99 euros, mais en ce moment chez AliExpress,\u00a0<a href=\"https:\/\/shop.frandroid.com\/7nrv2x8z\" data-type=\"link\" data-id=\"https:\/\/fr.aliexpress.com\/item\/1005007587088424.html\" target=\"_blank\" rel=\"noreferrer noopener affiliate nofollow\" data-gtm=\"{&quot;event&quot;:&quot;afficlic&quot;,&quot;nom_marchand&quot;:&quot;aliexpress&quot;,&quot;nom_produit&quot;:&quot;inconnu&quot;,&quot;categorie_produit&quot;:&quot;inconnu&quot;,&quot;module_produit&quot;:&quot;editolink&quot;,&quot;position_marchand&quot;:0,&quot;texte&quot;:&quot;vous-pouvez-l-obtenir-pour-23-37-euros&quot;,&quot;offer_url&quot;:&quot;https:\/\/shop.frandroid.com\/7nrv2x8z&quot;,&quot;zone&quot;:&quot;contenu-page&quot;}\">vous pouvez l\u2019obtenir pour 23,37 euros<\/a> avec le code promo <strong>CDFR04<\/strong>.<\/p>\n<p>On trouve aussi la version Pro de ce mod\u00e8le, <a href=\"https:\/\/shop.frandroid.com\/24mwd1ts\" target=\"_blank\" rel=\"noreferrer noopener affiliate nofollow\">en promotion 45,99 euros sur AliExpress<\/a>, avec le code promo <strong>CDFR07<\/strong>.<\/p>\n<p>Avec ses moniteurs Odyssey, Samsung a su s\u00e9duire les gamers : des \u00e9crans de taille vari\u00e9e, avec une courbe plus ou moins prononc\u00e9e et toujours des atouts pour am\u00e9liorer l\u2019image et la fluidit\u00e9. C\u2019est ce qui vous attend avec ce G9 G91SF, un mod\u00e8le incurv\u00e9 de 49 pouces qui peut afficher 144 images par seconde et que vous retrouvez <a href=\"https:\/\/shop.frandroid.com\/98n6p640\" target=\"_blank\" rel=\"noreferrer noopener affiliate nofollow\" data-gtm=\"{&quot;event&quot;:&quot;afficlic&quot;,&quot;nom_marchand&quot;:&quot;darty&quot;,&quot;nom_produit&quot;:&quot;inconnu&quot;,&quot;categorie_produit&quot;:&quot;inconnu&quot;,&quot;module_produit&quot;:&quot;editolink&quot;,&quot;position_marchand&quot;:0,&quot;texte&quot;:&quot;avec-200-euros-de-reduction-aujourd-hui&quot;,&quot;offer_url&quot;:&quot;https:\/\/shop.frandroid.com\/98n6p640&quot;,&quot;zone&quot;:&quot;contenu-page&quot;}\">avec 200 euros de r\u00e9duction aujourd\u2019hui<\/a>.<\/p>\n<p><a href=\"https:\/\/images.frandroid.com\/wp-content\/uploads\/2025\/11\/samsung-odyssey-g9-g91f-pre-black-friday-2025.jpg\" target=\"_blank\" class=\"article-content__figure\" rel=\"noopener\"><img loading=\"lazy\" decoding=\"async\" width=\"1200\" height=\"675\" src=\"https:\/\/www.europesays.com\/fr\/wp-content\/uploads\/2025\/11\/samsung-odyssey-g9-g91f-pre-black-friday-2025-1200x675.jpg\" alt=\"\" class=\"wp-image-2852831 wp-image\"  \/><\/a><\/p>\n<ul class=\"wp-block-list\">\n<li>Une image \u00e0 144 Hz avec compatibilit\u00e9 FreeSync Premium Pro<\/li>\n<li>Une taille g\u00e9n\u00e9reuse de 49 pouces qui affiche de la QHD<\/li>\n<li>Une seule milliseconde de latence, le paradis du gaming<\/li>\n<\/ul>\n<p>Alors qu\u2019il est habituellement affich\u00e9 \u00e0 799,99 euros, le Samsung G9 G91SF se laisse approcher tel un Pok\u00e9mon sauvage <a href=\"https:\/\/shop.frandroid.com\/98n6p640\" target=\"_blank\" rel=\"noreferrer noopener affiliate nofollow\" data-gtm=\"{&quot;event&quot;:&quot;afficlic&quot;,&quot;nom_marchand&quot;:&quot;darty&quot;,&quot;nom_produit&quot;:&quot;inconnu&quot;,&quot;categorie_produit&quot;:&quot;inconnu&quot;,&quot;module_produit&quot;:&quot;editolink&quot;,&quot;position_marchand&quot;:0,&quot;texte&quot;:&quot;a-599-99-euros-sur-darty&quot;,&quot;offer_url&quot;:&quot;https:\/\/shop.frandroid.com\/98n6p640&quot;,&quot;zone&quot;:&quot;contenu-page&quot;}\">\u00e0 599,99 euros sur Darty<\/a>, soit 25 % de moins avant le Black Friday.<\/p>\n<p>Si vous souhaitez renouveler vos \u00e9couteurs, ou \u00eates simplement r\u00e9ticent au format intra, les AirPods 4 pourraient bien vous plaire. D\u2019ailleurs, le mod\u00e8le sans ANC est en ce moment la r\u00e9f\u00e9rence la plus abordable pour des \u00e9couteurs de la marque \u00e0 la Pomme.\u00a0Ils chutent aujourd\u2019hui \u00e0 moins de 120 euros.<\/p>\n<p><a href=\"https:\/\/images.frandroid.com\/wp-content\/uploads\/2025\/10\/apple-airpods-4-pre-black-firday.jpg\" target=\"_blank\" class=\"article-content__figure\" rel=\"noopener\"><img loading=\"lazy\" decoding=\"async\" width=\"1200\" height=\"675\" src=\"https:\/\/www.europesays.com\/fr\/wp-content\/uploads\/2025\/11\/1762258609_820_apple-airpods-4-pre-black-firday-1200x675.jpg\" alt=\"\" class=\"wp-image-2850117 wp-image\"  \/><\/a><\/p>\n<ul class=\"wp-block-list\">\n<li>Un bo\u00eetier compact et des \u00e9couteurs confortables<\/li>\n<li>L\u2019audio spatial avec suivi dynamique des mouvements de la t\u00eate<\/li>\n<li>La d\u00e9tection des conversations<\/li>\n<\/ul>\n<p>Les AirPods 4 d\u2019Apple, sans r\u00e9duction de bruit, sont vendus \u00e0 149 euros, mais\u00a0lors du pr\u00e9-Black Friday, on les retrouve <a href=\"https:\/\/shop.frandroid.com\/s5x9y2o6\" target=\"_blank\" rel=\"noreferrer noopener affiliate nofollow\" data-gtm=\"{&quot;event&quot;:&quot;afficlic&quot;,&quot;nom_marchand&quot;:&quot;cdiscount&quot;,&quot;nom_produit&quot;:&quot;inconnu&quot;,&quot;categorie_produit&quot;:&quot;inconnu&quot;,&quot;module_produit&quot;:&quot;editolink&quot;,&quot;position_marchand&quot;:0,&quot;texte&quot;:&quot;en-promotion-a-119-euros-sur-cdiscount&quot;,&quot;offer_url&quot;:&quot;https:\/\/shop.frandroid.com\/s5x9y2o6&quot;,&quot;zone&quot;:&quot;contenu-page&quot;}\">en promotion \u00e0 119 euros sur Cdiscount<\/a>. Amazon s\u2019est align\u00e9 et propose lui aussi les <a href=\"https:\/\/shop.frandroid.com\/e4b71zbx\" target=\"_blank\" rel=\"noreferrer noopener affiliate nofollow\">AirPods 4 au m\u00eame prix<\/a>. <\/p>\n<p>Les Philips Hue Play sont des barres lumineuses id\u00e9ales pour apporter une petite touche color\u00e9e \u00e0 une pi\u00e8ce ou \u00e0 un setup gaming. <\/p>\n<p><a href=\"https:\/\/images.frandroid.com\/wp-content\/uploads\/2025\/11\/pack-hue-play-black-friday-2025.jpg\" target=\"_blank\" class=\"article-content__figure\" rel=\"noopener\"><img loading=\"lazy\" decoding=\"async\" width=\"1200\" height=\"675\" src=\"https:\/\/www.europesays.com\/fr\/wp-content\/uploads\/2025\/11\/pack-hue-play-black-friday-2025-1200x675.jpg\" alt=\"\" class=\"wp-image-2852849 wp-image\"  \/><\/a><\/p>\n<ul class=\"wp-block-list\">\n<li>Des barres LED qui peuvent se fixer derri\u00e8re un \u00e9cran <\/li>\n<li>Plus de 16 millions de couleurs disponibles<\/li>\n<li>Compatibles avec les assistants vocaux<\/li>\n<\/ul>\n<p>Initialement affich\u00e9 \u00e0 279,99 euros, le pack de quatre Philips Hue Play est aujourd\u2019hui <a href=\"https:\/\/shop.frandroid.com\/2nl060rt\" target=\"_blank\" rel=\"noreferrer noopener affiliate nofollow\" data-gtm=\"{&quot;event&quot;:&quot;afficlic&quot;,&quot;nom_marchand&quot;:&quot;darty&quot;,&quot;nom_produit&quot;:&quot;inconnu&quot;,&quot;categorie_produit&quot;:&quot;inconnu&quot;,&quot;module_produit&quot;:&quot;editolink&quot;,&quot;position_marchand&quot;:0,&quot;texte&quot;:&quot;disponible-en-promotion-a-149-99-euros-chez-darty&quot;,&quot;offer_url&quot;:&quot;https:\/\/shop.frandroid.com\/2nl060rt&quot;,&quot;zone&quot;:&quot;contenu-page&quot;}\">disponible en promotion \u00e0 159,99 euros chez Darty<\/a>.<\/p>\n<p>En introduisant son nouveau\u00a0<a href=\"https:\/\/www.frandroid.com\/marques\/samsung\/2758797_samsung-pris-de-court-voici-plein-dimages-du-galaxy-s25-fe\" target=\"_blank\" rel=\"noopener\">Galaxy S25 FE<\/a>, Samsung rend cette \u00ab Fan Edition \u00bb encore plus proche des mod\u00e8les premium. Il poss\u00e8de un design similaire au S25+, ajoute les 7 ans de mises \u00e0 jour et l\u2019int\u00e9gralit\u00e9 des fonctions Galaxy AI.<\/p>\n<p><a href=\"https:\/\/images.frandroid.com\/wp-content\/uploads\/2025\/10\/samsung-galaxy-s25-fe-black-friday-2025.jpg\" target=\"_blank\" class=\"article-content__figure\" rel=\"noopener\"><img loading=\"lazy\" decoding=\"async\" width=\"1200\" height=\"675\" src=\"https:\/\/www.europesays.com\/fr\/wp-content\/uploads\/2025\/11\/1762258612_923_samsung-galaxy-s25-fe-black-friday-2025-1200x675.jpg\" alt=\"\" class=\"wp-image-2849783 wp-image\"  \/><\/a><\/p>\n<ul class=\"wp-block-list\">\n<li>Un design quasiment identique au S25+ <\/li>\n<li>Bonnes performances\u00a0<\/li>\n<li>7 ans de mises \u00e0 jours + OneUI 8 et l\u2019int\u00e9gralit\u00e9 des fonctions Galaxy AI<\/li>\n<\/ul>\n<p>Disponible \u00e0 sa sortie \u00e0 749 euros dans sa version 8 + 128 Go, le Samsung Galaxy S25 FE <a href=\"https:\/\/shop.frandroid.com\/qy1hw3ce\" data-type=\"link\" data-id=\"https:\/\/www.boulanger.com\/ref\/1231556\" target=\"_blank\" rel=\"noreferrer noopener affiliate nofollow\" data-gtm=\"{&quot;event&quot;:&quot;afficlic&quot;,&quot;nom_marchand&quot;:&quot;boulanger&quot;,&quot;nom_produit&quot;:&quot;inconnu&quot;,&quot;categorie_produit&quot;:&quot;inconnu&quot;,&quot;module_produit&quot;:&quot;editolink&quot;,&quot;position_marchand&quot;:0,&quot;texte&quot;:&quot;revient-a-599-euros-chez-boulanger&quot;,&quot;offer_url&quot;:&quot;https:\/\/shop.frandroid.com\/qy1hw3ce&quot;,&quot;zone&quot;:&quot;contenu-page&quot;}\">revient \u00e0 599 euros chez Boulanger<\/a>, dans sa version Entreprise Edition.<\/p>\n<p><a href=\"https:\/\/www.frandroid.com\/marques\/nothing\/2521355_test-du-nothing-phone-3a-pro-gros-coup-de-pression-sur-les-champions-du-milieu-de-gamme\" target=\"_blank\" rel=\"noopener\">Le Nothing Phone (3a) Pro<\/a> est un smartphone qui se place dans un excellent rapport qualit\u00e9\/prix. La marque propose toujours un design premium avec une fiche technique comp\u00e9titive. Notamment gr\u00e2ce \u00e0 un appareil photo comportant un zoom p\u00e9riscopique.<\/p>\n<p><a href=\"https:\/\/images.frandroid.com\/wp-content\/uploads\/2025\/11\/nothing-phone-3a-pro-black-friday-2025.jpg\" target=\"_blank\" class=\"article-content__figure\" rel=\"noopener\"><img loading=\"lazy\" decoding=\"async\" width=\"1200\" height=\"675\" src=\"https:\/\/www.europesays.com\/fr\/wp-content\/uploads\/2025\/11\/nothing-phone-3a-pro-black-friday-2025-1200x675.jpg\" alt=\"\" class=\"wp-image-2852917 wp-image\"  \/><\/a><\/p>\n<ul class=\"wp-block-list\">\n<li>Pour son design toujours premium<\/li>\n<li>Son excellent rapport qualit\u00e9\/prix<\/li>\n<li>La qualit\u00e9 de son appareil photo<\/li>\n<\/ul>\n<p>Au lieu de son prix de d\u00e9part affich\u00e9 \u00e0 479 euros, le Nothing Phone (3a) Pro est en promotion. <a href=\"https:\/\/shop.frandroid.com\/5jck2tgq\" data-type=\"link\" data-id=\"https:\/\/shop.frandroid.com\/5jck2tgq\" target=\"_blank\" rel=\"noreferrer noopener affiliate nofollow\">Il est actuellement disponible sur Amazon \u00e0 379 euros<\/a>.<\/p>\n<p>Tout le monde n\u2019a ni la place, ni les comp\u00e9tences n\u00e9cessaires pour manipuler un t\u00e9lescope classique. Les novices de l\u2019observation des \u00e9toiles peuvent heureusement se tourner vers des mod\u00e8les connect\u00e9s, capables d\u2019offrir rapidement des images \u00e9poustouflantes, y compris en pleine ville. C\u2019est par exemple le cas de l\u2019Odyssey Pro, un t\u00e9lescope connect\u00e9 ultra-compact con\u00e7u par la jeune entreprise marseillaise Unistellar et qui est aujourd\u2019hui en promotion. <\/p>\n<p><a href=\"https:\/\/images.frandroid.com\/wp-content\/uploads\/2025\/11\/unistellar-odyssey-pro-black-friday-2025.jpg\" target=\"_blank\" class=\"article-content__figure\" rel=\"noopener\"><img loading=\"lazy\" decoding=\"async\" width=\"1200\" height=\"675\" src=\"https:\/\/www.europesays.com\/fr\/wp-content\/uploads\/2025\/11\/unistellar-odyssey-pro-black-friday-2025-1200x675.jpg\" alt=\"\" class=\"wp-image-2852569 wp-image\"  \/><\/a><\/p>\n<ul class=\"wp-block-list\">\n<li>C\u2019est un t\u00e9lescope connect\u00e9 tr\u00e8s compact (4 kg)<\/li>\n<li>Avec un oculaire pour observer les astres en temps r\u00e9el<\/li>\n<li>Et une base de donn\u00e9es de 5 000 objets c\u00e9lestes<\/li>\n<\/ul>\n<p>Auparavant affich\u00e9 \u00e0 3 999 euros, l\u2019Unistellar Odyssey Pro est aujourd\u2019hui <a href=\"https:\/\/shop.frandroid.com\/6lia57we\" target=\"_blank\" rel=\"noreferrer noopener affiliate nofollow\" data-gtm=\"{&quot;event&quot;:&quot;afficlic&quot;,&quot;nom_marchand&quot;:&quot;unistellar&quot;,&quot;nom_produit&quot;:&quot;inconnu&quot;,&quot;categorie_produit&quot;:&quot;inconnu&quot;,&quot;module_produit&quot;:&quot;editolink&quot;,&quot;position_marchand&quot;:0,&quot;texte&quot;:&quot;disponible-en-promotion-a-3-199-euros-sur-le-site-officiel-d-unistellar&quot;,&quot;offer_url&quot;:&quot;https:\/\/shop.frandroid.com\/6lia57we&quot;,&quot;zone&quot;:&quot;contenu-page&quot;}\">disponible en promotion \u00e0 3 199 euros sur le site officiel d\u2019Unistellar<\/a>. La version classique sans oculaire est quant \u00e0 elle <a href=\"https:\/\/shop.frandroid.com\/qtw9sk0w\" target=\"_blank\" rel=\"noreferrer noopener affiliate nofollow\" data-gtm=\"{&quot;event&quot;:&quot;afficlic&quot;,&quot;nom_marchand&quot;:&quot;unistellar&quot;,&quot;nom_produit&quot;:&quot;inconnu&quot;,&quot;categorie_produit&quot;:&quot;inconnu&quot;,&quot;module_produit&quot;:&quot;editolink&quot;,&quot;position_marchand&quot;:0,&quot;texte&quot;:&quot;proposee-a-1-839-euros-au-lieu-de-2-299-euros&quot;,&quot;offer_url&quot;:&quot;https:\/\/shop.frandroid.com\/qtw9sk0w&quot;,&quot;zone&quot;:&quot;contenu-page&quot;}\">propos\u00e9e \u00e0 1 839 euros au lieu de 2 299 euros<\/a>.<\/p>\n<p>Oui, le <a href=\"https:\/\/www.frandroid.com\/marques\/apple\/842094_test-macbook-air-m1-arm\" target=\"_blank\" rel=\"noopener\">MacBook Air M1<\/a> est sorti en 2020. Mais m\u00eame s\u2019il a depuis \u00e9t\u00e9 remplac\u00e9 par plusieurs g\u00e9n\u00e9rations de laptop, cet ancien PC portable d\u2019Apple reste tout de m\u00eame recommandable. En ce moment, il est affich\u00e9 \u00e0 549 euros en reconditionn\u00e9, au lieu de 799 euros.<\/p>\n<p><a href=\"https:\/\/images.frandroid.com\/wp-content\/uploads\/2025\/10\/macbook-air-m1-pre-black-firday.jpg\" target=\"_blank\" class=\"article-content__figure\" rel=\"noopener\"><img loading=\"lazy\" decoding=\"async\" width=\"1200\" height=\"675\" src=\"https:\/\/www.europesays.com\/fr\/wp-content\/uploads\/2025\/11\/1762258616_110_macbook-air-m1-pre-black-firday-1200x675.jpg\" alt=\"\" class=\"wp-image-2849923 wp-image\"  \/><\/a><\/p>\n<ul class=\"wp-block-list\">\n<li>La puce M1 fait la diff\u00e9rence avec les g\u00e9n\u00e9rations pr\u00e9c\u00e9dentes<\/li>\n<li>Il tourne dans un silence absolu<\/li>\n<li>Il est particuli\u00e8rement compact et relativement l\u00e9ger<\/li>\n<\/ul>\n<p>Pour le Black Friday, la Fnac lance une belle offre pour le MacBook Air M1 en reconditionn\u00e9 grade A : <a href=\"https:\/\/shop.frandroid.com\/kn6zf9l9\" target=\"_blank\" rel=\"noreferrer noopener affiliate nofollow\" data-gtm=\"{&quot;event&quot;:&quot;afficlic&quot;,&quot;nom_marchand&quot;:&quot;darty&quot;,&quot;nom_produit&quot;:&quot;inconnu&quot;,&quot;categorie_produit&quot;:&quot;inconnu&quot;,&quot;module_produit&quot;:&quot;editolink&quot;,&quot;position_marchand&quot;:0,&quot;texte&quot;:&quot;549-euros-contre-799-euros-de-base&quot;,&quot;offer_url&quot;:&quot;https:\/\/shop.frandroid.com\/kn6zf9l9&quot;,&quot;zone&quot;:&quot;contenu-page&quot;}\">549 euros contre 799 euros de base.<\/a><\/p>\n<p>Le Lenovo LOQ 15IRX10 est un <a href=\"https:\/\/www.frandroid.com\/guide-dachat\/689411_guide-meilleurs-pc-portables-gamer\" target=\"_blank\" rel=\"noopener\">laptop gamer<\/a> taill\u00e9 pour la performance\u00a0avec son GPU RTX 5070, son processeur Intel Core i7 de 13e gen et son grand \u00e9cran rafra\u00eechi \u00e0 165 Hz. Bonne nouvelle ce dernier voit son prix s\u2019adoucir \u00e0 l\u2019occasion du pr\u00e9-Black Friday.<\/p>\n<p><a href=\"https:\/\/images.frandroid.com\/wp-content\/uploads\/2025\/11\/lenovo-legion-5-15irx10-pre-black-friday.jpg\" target=\"_blank\" class=\"article-content__figure\" rel=\"noopener\"><img loading=\"lazy\" decoding=\"async\" width=\"1200\" height=\"675\" src=\"https:\/\/www.europesays.com\/fr\/wp-content\/uploads\/2025\/11\/1762258618_815_lenovo-legion-5-15irx10-pre-black-friday-1200x675.jpg\" alt=\"\" class=\"wp-image-2852489 wp-image\"  \/><\/a><\/p>\n<ul class=\"wp-block-list\">\n<li>Une dalle Full HD IPS de 15,3 pouces + 165 Hz<\/li>\n<li>Un Intel Core i7 de 13e gen \u00e9paul\u00e9 par 32 Go de RAM<\/li>\n<li>Une RTX 5070 pour jouer en 1440p<\/li>\n<\/ul>\n<p>Avec un prix barr\u00e9 \u00e0 1 299,99 euros, le Lenovo Legion 5 15IX10 est actuellement <a href=\"https:\/\/shop.frandroid.com\/7wiyv9j7\" target=\"_blank\" rel=\"noreferrer noopener affiliate nofollow\" data-gtm=\"{&quot;event&quot;:&quot;afficlic&quot;,&quot;nom_marchand&quot;:&quot;cdiscount&quot;,&quot;nom_produit&quot;:&quot;inconnu&quot;,&quot;categorie_produit&quot;:&quot;inconnu&quot;,&quot;module_produit&quot;:&quot;editolink&quot;,&quot;position_marchand&quot;:0,&quot;texte&quot;:&quot;en-promotion-a-1-199-99-euros-sur-cdiscount&quot;,&quot;offer_url&quot;:&quot;https:\/\/shop.frandroid.com\/7wiyv9j7&quot;,&quot;zone&quot;:&quot;contenu-page&quot;}\">en promotion \u00e0 1 199,99 euros sur Cdiscount. <\/a><\/p>\n<p>Le MacBook Air <a href=\"https:\/\/www.frandroid.com\/produits\/pc-portables\/apple\/1357363-apple-macbook-air-2022-m2\" target=\"_blank\" rel=\"noopener\">dans sa version M2<\/a> a \u00e9t\u00e9 remplac\u00e9 depuis, mais l\u2019ancien processeur en a encore dans le ch\u00e2ssis pour plusieurs ann\u00e9es. Et si vous souhaitez un bon laptop pour la rentr\u00e9e ce dernier fera tr\u00e8s bien l\u2019affaire, surtout maintenant qu\u2019il co\u00fbte moins de 800 euros.<\/p>\n<p><a href=\"https:\/\/images.frandroid.com\/wp-content\/uploads\/2025\/10\/apple-macbook-air-13-m2.jpg\" target=\"_blank\" class=\"article-content__figure\" rel=\"noopener\"><img loading=\"lazy\" decoding=\"async\" width=\"1200\" height=\"675\" src=\"https:\/\/www.europesays.com\/fr\/wp-content\/uploads\/2025\/11\/1762258620_473_apple-macbook-air-13-m2-1200x675.jpg\" alt=\"\" class=\"wp-image-2850541 wp-image\"  \/><\/a><\/p>\n<ul class=\"wp-block-list\">\n<li>Sa dalle Liquid Retina 13,6 pouces<\/li>\n<li>Sa puce M2, toujours aussi v\u00e9loce<\/li>\n<li>16 Go de RAM &amp; 256 Go en SSD<\/li>\n<\/ul>\n<p>Au lieu de 1 199 euros au lancement, le MacBook Air M2 est aujourd\u2019hui disponible\u00a0<a href=\"https:\/\/shop.frandroid.com\/tgvqurx2\" data-type=\"link\" data-id=\"https:\/\/shop.frandroid.com\/tgvqurx2\" target=\"_blank\" rel=\"noreferrer noopener affiliate nofollow\" data-gtm=\"{&quot;event&quot;:&quot;afficlic&quot;,&quot;nom_marchand&quot;:&quot;boulanger&quot;,&quot;nom_produit&quot;:&quot;inconnu&quot;,&quot;categorie_produit&quot;:&quot;inconnu&quot;,&quot;module_produit&quot;:&quot;editolink&quot;,&quot;position_marchand&quot;:0,&quot;texte&quot;:&quot;en-promotion-a-773-euros-chez-cdiscount&quot;,&quot;offer_url&quot;:&quot;https:\/\/shop.frandroid.com\/y3gc8w2g&quot;,&quot;zone&quot;:&quot;contenu-page&quot;}\">en promotion \u00e0 773 euros chez Cdiscount<\/a> avec le code promo <strong>POMME25<\/strong>.<\/p>\n<p>Dalle ultra-fluide, processeur r\u00e9cent dop\u00e9 \u00e0 l\u2019IA, carte graphique puissante\u2026 Oui, l\u2019Acer Nitro V 16S AI a clairement \u00e9t\u00e9 pens\u00e9 pour les gamers assidus qui ne souhaitent faire aucune concession sur la r\u00e9activit\u00e9. <\/p>\n<p><a href=\"https:\/\/images.frandroid.com\/wp-content\/uploads\/2025\/11\/acer-nitro-16s-ai-black-friday-2025.jpg\" target=\"_blank\" class=\"article-content__figure\" rel=\"noopener\"><img loading=\"lazy\" decoding=\"async\" width=\"1200\" height=\"675\" src=\"https:\/\/www.europesays.com\/fr\/wp-content\/uploads\/2025\/11\/acer-nitro-16s-ai-black-friday-2025-1200x675.jpg\" alt=\"\" class=\"wp-image-2852311 wp-image\"  \/><\/a><\/p>\n<ul class=\"wp-block-list\">\n<li>Un \u00e9cran WQXGA IPS de 16 pouces + 180 Hz<\/li>\n<li>Un combo Ryzen AI 9 365 + RTX 5070 + 16 Go de RAM<\/li>\n<li>Un SSD de 1 To<\/li>\n<\/ul>\n<p>Affich\u00e9 \u00e0 1 999 euros sur le site officiel, l\u2019Acer Nitro V 16S AI est aujourd\u2019hui <a href=\"https:\/\/shop.frandroid.com\/v4035nq7\" target=\"_blank\" rel=\"noreferrer noopener affiliate nofollow\" data-gtm=\"{&quot;event&quot;:&quot;afficlic&quot;,&quot;nom_marchand&quot;:&quot;pc_componentes&quot;,&quot;nom_produit&quot;:&quot;inconnu&quot;,&quot;categorie_produit&quot;:&quot;inconnu&quot;,&quot;module_produit&quot;:&quot;editolink&quot;,&quot;position_marchand&quot;:0,&quot;texte&quot;:&quot;propose-a-1-299-euros-chez-pc-componentes&quot;,&quot;offer_url&quot;:&quot;https:\/\/shop.frandroid.com\/v4035nq7&quot;,&quot;zone&quot;:&quot;contenu-page&quot;}\">propos\u00e9 \u00e0 1 299 euros chez PC Componentes<\/a>.<\/p>\n<p>Si vous \u00eates \u00e0 la recherche d\u2019un <a href=\"https:\/\/www.frandroid.com\/guide-dachat\/1978676_quels-sont-les-meilleurs-videoprojecteurs-pas-chers-en-2024\" target=\"_blank\" rel=\"noopener\">vid\u00e9oprojecteur<\/a> \u00e0 emmener partout avec soi et avec une bonne qualit\u00e9 d\u2019image, le JMGO PicoPlay+ est un bon choix\u00a0gr\u00e2ce \u00e0 sa batterie int\u00e9gr\u00e9e.<\/p>\n<p><a href=\"https:\/\/images.frandroid.com\/wp-content\/uploads\/2025\/10\/jmgo-picoplay-pre-black-firday.jpg\" target=\"_blank\" class=\"article-content__figure\" rel=\"noopener\"><img loading=\"lazy\" decoding=\"async\" width=\"1200\" height=\"675\" src=\"https:\/\/www.europesays.com\/fr\/wp-content\/uploads\/2025\/11\/1762258623_937_jmgo-picoplay-pre-black-firday-1200x675.jpg\" alt=\"\" class=\"wp-image-2849939 wp-image\"  \/><\/a><\/p>\n<ul class=\"wp-block-list\">\n<li>Un picoprojecteur de 720 g<\/li>\n<li>Des images projet\u00e9es en Full HD jusqu\u2019\u00e0 200 pouces<\/li>\n<li>Google TV int\u00e9gr\u00e9<\/li>\n<\/ul>\n<p>Propos\u00e9 au d\u00e9part \u00e0 449 euros, le vid\u00e9oprojecteur JMGO PicoPlay+ se n\u00e9gocie en ce moment <a href=\"https:\/\/shop.frandroid.com\/v2ic5n89\" target=\"_blank\" rel=\"noreferrer noopener affiliate nofollow\" data-gtm=\"{&quot;event&quot;:&quot;afficlic&quot;,&quot;nom_marchand&quot;:&quot;darty&quot;,&quot;nom_produit&quot;:&quot;inconnu&quot;,&quot;categorie_produit&quot;:&quot;inconnu&quot;,&quot;module_produit&quot;:&quot;editolink&quot;,&quot;position_marchand&quot;:0,&quot;texte&quot;:&quot;en-promotion-a-389-euros-sur-le-site-darty&quot;,&quot;offer_url&quot;:&quot;https:\/\/shop.frandroid.com\/v2ic5n89&quot;,&quot;zone&quot;:&quot;contenu-page&quot;}\">en promotion \u00e0 389 euros sur le site Darty.<\/a><\/p>\n<p>Avec cet ordinateur MSICrosshair 16 HX AI, vous avez de quoi faire tourner vos jeux avec tous les taquets au max dans les options graphiques. Cet <a href=\"https:\/\/www.frandroid.com\/guide-dachat\/689411_guide-meilleurs-pc-portables-gamer\" target=\"_blank\" rel=\"noopener\">ordinateur portable de jeu<\/a> extr\u00eamement puissant co\u00fbte aujourd\u2019hui 700 euros de moins.<\/p>\n<p><a href=\"https:\/\/images.frandroid.com\/wp-content\/uploads\/2025\/10\/msi-crosshair-16-hx-ai-pre-black-firday.jpg\" target=\"_blank\" class=\"article-content__figure\" rel=\"noopener\"><img loading=\"lazy\" decoding=\"async\" width=\"1200\" height=\"675\" src=\"https:\/\/www.europesays.com\/fr\/wp-content\/uploads\/2025\/11\/1762258625_528_msi-crosshair-16-hx-ai-pre-black-firday-1200x675.jpg\" alt=\"\" class=\"wp-image-2850005 wp-image\"  \/><\/a><\/p>\n<ul class=\"wp-block-list\">\n<li>Son \u00e9cran 16\u2033 QHD+ rafra\u00eechi \u00e0 240 Hz<\/li>\n<li>Le combo Intel Core Ultra 7 255HX, 16 Go de RAM, coupl\u00e9s \u00e0 un GPU RTX 5070<\/li>\n<li>Un clavier RGB 24 zones, touches Copilot, audio Hi-Res Nahimic<\/li>\n<\/ul>\n<p>Au lieu de 1 999,99 euros, le MSI Crosshair 16 HX est\u00a0aujourd\u2019hui disponible <a href=\"https:\/\/shop.frandroid.com\/8v21aadq\" target=\"_blank\" rel=\"noreferrer noopener affiliate nofollow\" data-gtm=\"{&quot;event&quot;:&quot;afficlic&quot;,&quot;nom_marchand&quot;:&quot;darty&quot;,&quot;nom_produit&quot;:&quot;inconnu&quot;,&quot;categorie_produit&quot;:&quot;inconnu&quot;,&quot;module_produit&quot;:&quot;editolink&quot;,&quot;position_marchand&quot;:0,&quot;texte&quot;:&quot;en-promotion-a-1-299-99-euros-sur-le-site-darty&quot;,&quot;offer_url&quot;:&quot;https:\/\/shop.frandroid.com\/8v21aadq&quot;,&quot;zone&quot;:&quot;contenu-page&quot;}\">en promotion \u00e0 1 299,99 euros sur le site Darty<\/a>. <\/p>\n<p>Un format 32:9 ultra-immersif, une dalle VA rapide, et un taux de rafra\u00eechissement qui colle aux r\u00e9tines. Le Samsung Odyssey G91SF fait un tr\u00e8s bon partenaire de jeu et transforme n\u2019importe quel bureau en simulateur de course, en passerelle spatiale ou en studio de prod XXL. Bonne nouvelle : avec le pr\u00e9-Black Friday, il co\u00fbte 200 euros de moins.<\/p>\n<p><a href=\"https:\/\/images.frandroid.com\/wp-content\/uploads\/2025\/11\/samsung-odyssey-g91sf-pre-black-friday.jpg\" target=\"_blank\" class=\"article-content__figure\" rel=\"noopener\"><img loading=\"lazy\" decoding=\"async\" width=\"1200\" height=\"675\" src=\"https:\/\/www.europesays.com\/fr\/wp-content\/uploads\/2025\/11\/1762258627_831_samsung-odyssey-g91sf-pre-black-friday-1200x675.jpg\" alt=\"\" class=\"wp-image-2852335 wp-image\"  \/><\/a><\/p>\n<ul class=\"wp-block-list\">\n<li>Un format 32:9 immersif comme deux \u00e9crans QHD sans bord au milieu<\/li>\n<li>144Hz + FreeSync Premium Pro<\/li>\n<li>Une courbure de 1000R avec une dalle VA contrast\u00e9e<\/li>\n<\/ul>\n<p>Habituellement propos\u00e9 \u00e0 799,99 euros, le Samsung Odyssey G91SF est\u00a0aujourd\u2019hui disponible <a href=\"https:\/\/shop.frandroid.com\/98n6p640\" target=\"_blank\" rel=\"noreferrer noopener affiliate nofollow\" data-gtm=\"{&quot;event&quot;:&quot;afficlic&quot;,&quot;nom_marchand&quot;:&quot;darty&quot;,&quot;nom_produit&quot;:&quot;inconnu&quot;,&quot;categorie_produit&quot;:&quot;inconnu&quot;,&quot;module_produit&quot;:&quot;editolink&quot;,&quot;position_marchand&quot;:0,&quot;texte&quot;:&quot;en-promotion-a-599-99-euros-sur-le-site-darty&quot;,&quot;offer_url&quot;:&quot;https:\/\/shop.frandroid.com\/98n6p640&quot;,&quot;zone&quot;:&quot;contenu-page&quot;}\">en promotion \u00e0 599,99 euros sur le site Darty.<\/a><\/p>\n<p>Le\u00a02 avril dernier, Nintendo a d\u00e9gain\u00e9 sa\u00a0nouvelle Switch\u00a0lors d\u2019un Direct aussi attendu qu\u2019un nouveau Zelda. Une suite logique pour la console hybride, qui revient en corrigeant les d\u00e9fauts de sa\u00a0<a href=\"https:\/\/www.frandroid.com\/guide-dachat\/guides-dachat-gaming\/995253_nintendo-switch-oled-vs-switch-classique-et-lite-laquelle-est-faite-pour-vous\" target=\"_blank\" rel=\"noopener\">grande s\u0153ur<\/a>\u00a0sans toucher \u00e0 l\u2019essentiel : le fun. Et dans cette ambiance de\u00a0<a href=\"https:\/\/www.frandroid.com\/bons-plans\/1530148_black-friday-2025-les-offres-arriveront-bien-plus-tot-que-vous-ne-le-pensez\" target=\"_blank\" rel=\"noopener\">pr\u00e9-Black Friday<\/a>, la Switch 2 fond d\u00e9j\u00e0 de pr\u00e8s de\u00a0100 euros dans un pack avec Mario Kart World sur AliExpress.<\/p>\n<p><a href=\"https:\/\/images.frandroid.com\/wp-content\/uploads\/2025\/10\/nintendo-switch-2-mario-kart-world-black-friday-frandroid.jpg\" target=\"_blank\" class=\"article-content__figure\" rel=\"noopener\"><img loading=\"lazy\" decoding=\"async\" width=\"1200\" height=\"675\" src=\"https:\/\/www.europesays.com\/fr\/wp-content\/uploads\/2025\/11\/1762258629_449_nintendo-switch-2-mario-kart-world-black-friday-frandroid-1200x675.jpg\" alt=\"\" class=\"wp-image-2850633 wp-image\"  \/><\/a><\/p>\n<ul class=\"wp-block-list\">\n<li>Un nouvel \u00e9cran de 8,4 pouces, compatible HDR et 120 Hz<\/li>\n<li>Un syst\u00e8me de dock repens\u00e9 et des Joy-con magn\u00e9tiques<\/li>\n<li>Une puce Nvidia surboost\u00e9e<\/li>\n<\/ul>\n<p>Au lieu de 509 euros, la Nintendo Switch 2 et Mario Kart World <a href=\"https:\/\/shop.frandroid.com\/swc0k1xt\" target=\"_blank\" rel=\"noreferrer noopener affiliate nofollow\" data-gtm=\"{&quot;event&quot;:&quot;afficlic&quot;,&quot;nom_marchand&quot;:&quot;aliexpress&quot;,&quot;nom_produit&quot;:&quot;inconnu&quot;,&quot;categorie_produit&quot;:&quot;inconnu&quot;,&quot;module_produit&quot;:&quot;editolink&quot;,&quot;position_marchand&quot;:0,&quot;texte&quot;:&quot;sont-aujourd-hui-disponibles-en-promotion-a-411-euros-sur-ali-express&quot;,&quot;offer_url&quot;:&quot;https:\/\/shop.frandroid.com\/swc0k1xt&quot;,&quot;zone&quot;:&quot;contenu-page&quot;}\">sont aujourd\u2019hui disponibles en promotion \u00e0 411 euros sur AliExpress<\/a> en ajoutant le code : <strong>CDFR55<\/strong> (avec une livraison depuis un entrep\u00f4t europ\u00e9en). <strong>Le code fonctionne aussi avec la console seule et passe \u00e0 401 euros seulement<\/strong>. <\/p>\n<p>Si vous pr\u00e9f\u00e9\u00e8rez le pack avec le nouveau L\u00e9gendes Pok\u00e9mon Z-A, on le trouve en ce moment <a href=\"https:\/\/shop.frandroid.com\/l3g9uoof\" target=\"_blank\" rel=\"noreferrer noopener affiliate nofollow\" data-gtm=\"{&quot;event&quot;:&quot;afficlic&quot;,&quot;nom_marchand&quot;:&quot;fnac&quot;,&quot;nom_produit&quot;:&quot;inconnu&quot;,&quot;categorie_produit&quot;:&quot;inconnu&quot;,&quot;module_produit&quot;:&quot;editolink&quot;,&quot;position_marchand&quot;:0,&quot;texte&quot;:&quot;a-la-fnac-pour-seulement-459-euros&quot;,&quot;offer_url&quot;:&quot;https:\/\/shop.frandroid.com\/l3g9uoof&quot;,&quot;zone&quot;:&quot;contenu-page&quot;}\">\u00e0 la Fnac pour seulement 459 euros<\/a>. <\/p>\n<p>L\u2019iPhone 16e est le smartphone de l\u2019entre-deux, celui qui est propos\u00e9 au public entre deux grandes it\u00e9rations. Il s\u2019agit de l\u2019\u00e9quivalent de la gamme SE d\u2019Apple qui est l\u00e0 pour proposer un produit financi\u00e8rement plus accessible que le flagship de la marque, mais tout \u00e7a ne se fait pas sans quelques concessions techniques. <\/p>\n<p><a href=\"https:\/\/images.frandroid.com\/wp-content\/uploads\/2025\/10\/iphone-16e-black-friday-2025.jpg\" target=\"_blank\" class=\"article-content__figure\" rel=\"noopener\"><img loading=\"lazy\" decoding=\"async\" width=\"1200\" height=\"675\" src=\"https:\/\/www.europesays.com\/fr\/wp-content\/uploads\/2025\/11\/iphone-16e-black-friday-2025-1200x675.jpg\" alt=\"\" class=\"wp-image-2851933 wp-image\"  \/><\/a><\/p>\n<ul class=\"wp-block-list\">\n<li>Pour son \u00e9cran OLED HDR Dolby Vision de qualit\u00e9<\/li>\n<li>Parce qu\u2019il a une autonomie au-dessus de la moyenne<\/li>\n<li>Sa puce Apple A18 joue tr\u00e8s bien son r\u00f4le<\/li>\n<\/ul>\n<p>Lanc\u00e9 \u00e0 719 euros dans sa version 128 Go, l\u2019iPhone 16e est aujourd\u2019hui disponible <a href=\"https:\/\/shop.frandroid.com\/x4uxi2ul\" target=\"_blank\" rel=\"noreferrer noopener affiliate nofollow\" data-gtm=\"{&quot;event&quot;:&quot;afficlic&quot;,&quot;nom_marchand&quot;:&quot;rakuten&quot;,&quot;nom_produit&quot;:&quot;inconnu&quot;,&quot;categorie_produit&quot;:&quot;inconnu&quot;,&quot;module_produit&quot;:&quot;editolink&quot;,&quot;position_marchand&quot;:0,&quot;texte&quot;:&quot;a-seulement-519-euros-sur-le-site-rakuten&quot;,&quot;offer_url&quot;:&quot;https:\/\/shop.frandroid.com\/x4uxi2ul&quot;,&quot;zone&quot;:&quot;contenu-page&quot;}\">\u00e0 seulement 519 euros sur le site Rakuten<\/a>.<\/p>\n<p>La Honor Pad X8a est une <a href=\"https:\/\/www.frandroid.com\/guide-dachat\/guide-tablettes\/320702_guide-dachat-tablette-choisir-noel\" target=\"_blank\" rel=\"noopener\">tablette<\/a> tactile familiale d\u2019entr\u00e9e de gamme qui a plus d\u2019un atout. Grand \u00e9cran qui peut se diviser en quatre, IA int\u00e9gr\u00e9e, bonne autonomie\u2026<\/p>\n<p><a href=\"https:\/\/images.frandroid.com\/wp-content\/uploads\/2025\/10\/honor-pad-x8a-black-friday-2025.jpg\" target=\"_blank\" class=\"article-content__figure\" rel=\"noopener\"><img loading=\"lazy\" decoding=\"async\" width=\"1200\" height=\"675\" src=\"https:\/\/www.europesays.com\/fr\/wp-content\/uploads\/2025\/11\/1762258632_713_honor-pad-x8a-black-friday-2025-1200x675.jpg\" alt=\"\" class=\"wp-image-2849713 wp-image\"  \/><\/a><\/p>\n<ul class=\"wp-block-list\">\n<li>Une dalle Full HD+ de 11 pouces rafra\u00eechie \u00e0 90 Hz<\/li>\n<li>Une tablette sous MagicOS 8.0 (Android 14)<\/li>\n<li>Une autonomie de 14 heures (lecture vid\u00e9o)<\/li>\n<\/ul>\n<p>Initialement propos\u00e9 \u00e0 199,45 euros, la Honor Pad X8a est aujourd\u2019hui disponible <a href=\"https:\/\/shop.frandroid.com\/mrba05n8\" data-type=\"link\" data-id=\"https:\/\/www.boulanger.com\/ref\/1230959\" target=\"_blank\" rel=\"noreferrer noopener affiliate nofollow\" data-gtm=\"{&quot;event&quot;:&quot;afficlic&quot;,&quot;nom_marchand&quot;:&quot;boulanger&quot;,&quot;nom_produit&quot;:&quot;inconnu&quot;,&quot;categorie_produit&quot;:&quot;inconnu&quot;,&quot;module_produit&quot;:&quot;editolink&quot;,&quot;position_marchand&quot;:0,&quot;texte&quot;:&quot;en-promotion-a-129-99-euros-chez-boulanger&quot;,&quot;offer_url&quot;:&quot;https:\/\/shop.frandroid.com\/mrba05n8&quot;,&quot;zone&quot;:&quot;contenu-page&quot;}\">en promotion \u00e0 129,99 euros chez Boulanger<\/a>.<\/p>\n<p>Le Google Pixel 9a, le plus accessible de la bande, s\u2019offre une vir\u00e9e en duo avec la JBL Go 3. Un pack calibr\u00e9 pour bouger, streamer, et \u00e9couter partout sans se ruiner.<\/p>\n<p><a href=\"https:\/\/images.frandroid.com\/wp-content\/uploads\/2025\/10\/google-pixel-9a-jbl-go-3-black-friday-frandroid.jpg\" target=\"_blank\" class=\"article-content__figure\" rel=\"noopener\"><img loading=\"lazy\" decoding=\"async\" width=\"1200\" height=\"675\" src=\"https:\/\/www.europesays.com\/fr\/wp-content\/uploads\/2025\/11\/google-pixel-9a-jbl-go-3-black-friday-frandroid-1200x675.jpg\" alt=\"\" class=\"wp-image-2849317 wp-image\"  \/><\/a><\/p>\n<ul class=\"wp-block-list\">\n<li>Un smartphone endurant, avec 7 ans de mise \u00e0 jour<\/li>\n<li>Un Pixel abordable, et bon en photo<\/li>\n<li>Une enceinte compact, \u00e9tanche et surtout styl\u00e9e<\/li>\n<\/ul>\n<p>Au lieu de 599,99 euros, le bundle Google Pixel 9a et la JBL Go 3 est <a href=\"https:\/\/shop.frandroid.com\/ig5hycdt\" target=\"_blank\" rel=\"noreferrer noopener affiliate nofollow\">aujourd\u2019hui disponible en promotion \u00e0 429,99 euros sur Boulanger<\/a>.<\/p>\n<p>Si vous recherchez une batterie externe pas ch\u00e8re aujourd\u2019hui, nous avons s\u00fbrement trouv\u00e9 la bonne affaire qu\u2019il vous faut avec cette batterie externe Belkin \u00e0 moiti\u00e9 prix. <\/p>\n<p><a href=\"https:\/\/images.frandroid.com\/wp-content\/uploads\/2025\/10\/batterie-belkin-10k-mah-black-friday-2025.jpg\" target=\"_blank\" class=\"article-content__figure\" rel=\"noopener\"><img loading=\"lazy\" decoding=\"async\" width=\"1200\" height=\"675\" src=\"https:\/\/www.europesays.com\/fr\/wp-content\/uploads\/2025\/11\/batterie-belkin-10k-mah-black-friday-2025-1200x675.jpg\" alt=\"\" class=\"wp-image-2849575 wp-image\"  \/><\/a><\/p>\n<ul class=\"wp-block-list\">\n<li>Capacit\u00e9 de 10 000 mAh<\/li>\n<li>2 ports uSB-A et un port USB-C<\/li>\n<li>Uniquement en coliris rose gold<\/li>\n<\/ul>\n<p>Au lieu de 29,99 euros habituellement, la PowerBank Belkin de 10 000 mAh est actuellement remis\u00e9 <a href=\"https:\/\/shop.frandroid.com\/qkyf36q4\" target=\"_blank\" rel=\"noreferrer noopener affiliate nofollow\" data-gtm=\"{&quot;event&quot;:&quot;afficlic&quot;,&quot;nom_marchand&quot;:&quot;boulanger&quot;,&quot;nom_produit&quot;:&quot;inconnu&quot;,&quot;categorie_produit&quot;:&quot;inconnu&quot;,&quot;module_produit&quot;:&quot;editolink&quot;,&quot;position_marchand&quot;:0,&quot;texte&quot;:&quot;a-seulement-14-99-euros-chez-boulanger&quot;,&quot;offer_url&quot;:&quot;https:\/\/shop.frandroid.com\/qkyf36q4&quot;,&quot;zone&quot;:&quot;contenu-page&quot;}\">\u00e0 seulement 14,99 euros chez Boulanger<\/a>. <\/p>\n<p>Viser le segment entre l\u2019entr\u00e9e et le milieu de gamme avec un rapport qualit\u00e9-prix agressif, on commence \u00e0 conna\u00eetre les Redmi Note de Xiaomi par c\u0153ur. Cette version 4G (avec un processeur MediaTek) <a href=\"https:\/\/www.frandroid.com\/marques\/xiaomi\/2505261_test-du-redmi-note-14-4g-un-smartphone-pas-cher-equilibre-et-efficace\" data-type=\"link\" data-id=\"https:\/\/www.frandroid.com\/marques\/xiaomi\/2505261_test-du-redmi-note-14-4g-un-smartphone-pas-cher-equilibre-et-efficace\" target=\"_blank\" rel=\"noopener\">a re\u00e7u la note de 7\/10<\/a>. Ce smartphone est bon un peu partout, sans \u00eatre excellent, mais il compense bien ses lacunes avec son prix rabot\u00e9 le plus possible.<\/p>\n<p><a href=\"https:\/\/images.frandroid.com\/wp-content\/uploads\/2025\/10\/xiaomi-redmi-note-14-4g.jpg\" target=\"_blank\" class=\"article-content__figure\" rel=\"noopener\"><img loading=\"lazy\" decoding=\"async\" width=\"1200\" height=\"675\" src=\"https:\/\/www.europesays.com\/fr\/wp-content\/uploads\/2025\/11\/xiaomi-redmi-note-14-4g-1200x675.jpg\" alt=\"\" class=\"wp-image-2849253 wp-image\"  \/><\/a><\/p>\n<ul class=\"wp-block-list\">\n<li>Un \u00e9cran AMOLED de qualit\u00e9 et bien calibr\u00e9<\/li>\n<li>Le MediaTek Helio G99 suffit \u00e0 ce prix-l\u00e0<\/li>\n<li>Une autonomie correcte avec la batterie de 5 500 mAh<\/li>\n<\/ul>\n<p>Au lieu de 249,99 euros, le Xiaomi Redmi Note 14 4G (256 Go) est aujourd\u2019hui disponible en promotion <a href=\"https:\/\/shop.frandroid.com\/ij6r0ghs\" data-type=\"link\" data-id=\"https:\/\/www.boulanger.com\/ref\/1216848\" target=\"_blank\" rel=\"noreferrer noopener affiliate nofollow\" data-gtm=\"{&quot;event&quot;:&quot;afficlic&quot;,&quot;nom_marchand&quot;:&quot;boulanger&quot;,&quot;nom_produit&quot;:&quot;inconnu&quot;,&quot;categorie_produit&quot;:&quot;inconnu&quot;,&quot;module_produit&quot;:&quot;editolink&quot;,&quot;position_marchand&quot;:0,&quot;texte&quot;:&quot;a-169-99-euros-sur-boulanger&quot;,&quot;offer_url&quot;:&quot;https:\/\/shop.frandroid.com\/ij6r0ghs&quot;,&quot;zone&quot;:&quot;contenu-page&quot;}\">\u00e0 169,99 euros sur Boulanger<\/a>.<\/p>\n<p>Apr\u00e8s la s\u00e9rie C5, c\u2019est au tour de l\u2019excellente s\u00e9rie G5 de chez LG de s\u2019afficher en promotion. Ce t\u00e9l\u00e9viseur 4K de 55 pouces, consid\u00e9r\u00e9 comme l\u2019un des meilleurs de cette ann\u00e9e 2025, est actuellement disponible avec 1 000 euros de remise. <\/p>\n<p><a href=\"https:\/\/images.frandroid.com\/wp-content\/uploads\/2025\/10\/lg-oled55g5-black-friday-2025.jpg\" target=\"_blank\" class=\"article-content__figure\" rel=\"noopener\"><img loading=\"lazy\" decoding=\"async\" width=\"1200\" height=\"675\" src=\"https:\/\/www.europesays.com\/fr\/wp-content\/uploads\/2025\/11\/lg-oled55g5-black-friday-2025-1200x675.jpg\" alt=\"\" class=\"wp-image-2851869 wp-image\"  \/><\/a><\/p>\n<ul class=\"wp-block-list\">\n<li>La qualit\u00e9 d\u2019image OLED Evo et son pic de luminosit\u00e9 tr\u00e8s \u00e9lev\u00e9 <\/li>\n<li>Les traitements HDR10, Dolby Vision et Filmmaker Mode, et le Dolby Atmos<\/li>\n<li>Le taux de rafra\u00eechissement \u00e0 165 Hz et ses technologies gaming <\/li>\n<\/ul>\n<p>Le t\u00e9l\u00e9viseur LG OLED55G5 \u00e9tait disponible au prix de 2 290 euros \u00e0 sa sortie, mais aujourd\u2019hui, il revient <a href=\"https:\/\/shop.frandroid.com\/990nwyp1\" data-type=\"link\" data-id=\"https:\/\/shop.frandroid.com\/990nwyp1\" target=\"_blank\" rel=\"noreferrer noopener affiliate nofollow\" data-gtm=\"{&quot;event&quot;:&quot;afficlic&quot;,&quot;nom_marchand&quot;:&quot;boulanger&quot;,&quot;nom_produit&quot;:&quot;inconnu&quot;,&quot;categorie_produit&quot;:&quot;inconnu&quot;,&quot;module_produit&quot;:&quot;editolink&quot;,&quot;position_marchand&quot;:0,&quot;texte&quot;:&quot;a-1-290-euros-chez-ubaldi&quot;,&quot;offer_url&quot;:&quot;https:\/\/shop.frandroid.com\/ystz30dt&quot;,&quot;zone&quot;:&quot;contenu-page&quot;}\">\u00e0 1 290 euros chez Ubaldi<\/a> avec le code promo <strong>600LG4425<\/strong>.<\/p>\n<p>Massive, solide et puissante, l\u2019<a href=\"https:\/\/www.frandroid.com\/produits\/montres-bracelet-connectes\/apple\/1786655-apple-watch-ultra-2\" target=\"_blank\" rel=\"noopener\">Apple Watch Ultra 2<\/a> est une montre connect\u00e9e qui offre notamment des mesures tr\u00e8s pr\u00e9cises. Heureusement, deux ans apr\u00e8s sa sortie et un mois apr\u00e8s l\u2019officialisation de\u00a0<a href=\"https:\/\/www.frandroid.com\/produits\/montres-bracelet-connectes\/apple\/2788703-apple-watch-ultra-3#js-technical-specs-list\" target=\"_blank\" rel=\"noopener\">l\u2019Apple Watch Ultra 3<\/a>, la facture de l\u2019Ultra 2 est moins sal\u00e9e surtout pendant le pr\u00e9-Black Friday. <\/p>\n<p><a href=\"https:\/\/images.frandroid.com\/wp-content\/uploads\/2025\/10\/apple-watch-ultra-2-pre-black-firday.jpg\" target=\"_blank\" class=\"article-content__figure\" rel=\"noopener\"><img loading=\"lazy\" decoding=\"async\" width=\"1200\" height=\"675\" src=\"https:\/\/www.europesays.com\/fr\/wp-content\/uploads\/2025\/11\/1762258641_682_apple-watch-ultra-2-pre-black-firday-1200x675.jpg\" alt=\"\" class=\"wp-image-2850607 wp-image\"  \/><\/a><\/p>\n<ul class=\"wp-block-list\">\n<li>Une grosse montre tr\u00e8s robuste<\/li>\n<li>Un \u00e9cran tr\u00e8s lumineux (jusqu\u2019\u00e0 3 000 nits)<\/li>\n<li>Une mesure de la fr\u00e9quence cardiaque tr\u00e8s pr\u00e9cise<\/li>\n<\/ul>\n<p>Lanc\u00e9e \u00e0 899 euros, l\u2019Apple Watch Ultra 2 se n\u00e9gocie actuellement <a href=\"https:\/\/shop.frandroid.com\/guhrmojl\" data-type=\"link\" data-id=\"https:\/\/fr.shopping.rakuten.com\/mfp\/shop\/9631147\/apple-watch-ultra-2?pid=13160211467&amp;sellerLogin=Boulanger\" target=\"_blank\" rel=\"noreferrer noopener affiliate nofollow\" data-gtm=\"{&quot;event&quot;:&quot;afficlic&quot;,&quot;nom_marchand&quot;:&quot;rakuten&quot;,&quot;nom_produit&quot;:&quot;inconnu&quot;,&quot;categorie_produit&quot;:&quot;inconnu&quot;,&quot;module_produit&quot;:&quot;editolink&quot;,&quot;position_marchand&quot;:0,&quot;texte&quot;:&quot;en-promotion-a-679-euros-chez-rakuten-via-le-vendeur-boulanger&quot;,&quot;offer_url&quot;:&quot;https:\/\/shop.frandroid.com\/guhrmojl&quot;,&quot;zone&quot;:&quot;contenu-page&quot;}\">en promotion \u00e0 699 euros chez Rakuten (via le vendeur Boulanger)<\/a>.<\/p>\n<p>Connu pour m\u00ealer expertise audio et pur esprit rock\u2019n\u2019roll, Marshall nous a livr\u00e9 l\u00e0 une des meilleures enceintes Bluetooth de son catalogue. D\u00e9voil\u00e9e d\u00e9but 2023, elle a r\u00e9colt\u00e9\u00a0<a href=\"https:\/\/www.frandroid.com\/marques\/marshall\/1617539_test-de-la-marshall-middleton-un-puissant-son-a-360-degres\" target=\"_blank\" rel=\"noopener\">la note de 9\/10 dans nos colonnes<\/a>, c\u2019est simple, elle obtient de bons points partout : conception, autonomie, logiciel, et surtout l\u2019audio avec un son puissant et omnidirectionnel. Le seul d\u00e9faut serait son prix, point noir rapidement effac\u00e9 avec cette r\u00e9duction de 120 euros.<\/p>\n<p><a href=\"https:\/\/www.europesays.com\/fr\/wp-content\/uploads\/2025\/11\/1762258642_679_image-99-13.jpg\" target=\"_blank\" class=\"article-content__figure\"><img loading=\"lazy\" decoding=\"async\" width=\"928\" height=\"522\" src=\"https:\/\/www.europesays.com\/fr\/wp-content\/uploads\/2025\/11\/1762258642_679_image-99-13.jpg\" alt=\"\" class=\"wp-image-2850041 wp-image\"  \/><\/a><\/p>\n<ul class=\"wp-block-list\">\n<li>Une enceinte solide, certifi\u00e9e IP67 et au style Marshall inimitable<\/li>\n<li>Un son puissant, \u00e9quilibr\u00e9 et diffus\u00e9 \u00e0 360\u00b0<\/li>\n<li>Une autonomie de pr\u00e8s de 11 heures \u00e0 50 % du volume<\/li>\n<\/ul>\n<p>Au lieu de 299,99 euros, la Marshall Middleton est aujourd\u2019hui disponible\u00a0<a href=\"https:\/\/shop.frandroid.com\/o5r4wfgm\" target=\"_blank\" rel=\"noreferrer noopener affiliate nofollow\">en promotion \u00e0 179,99 euros<\/a>\u00a0sur Boulanger.<\/p>\n<p>La guerre des consoles portables fait rage cette ann\u00e9e, marqu\u00e9e par les sorties de la Nintendo Switch 2 et de la Asus ROG Xbox Ally. M\u00eame Lenovo y a mis son grain de sel avec la Legion Go S. Sous ses airs sages, la b\u00eate embarque un Ryzen Z2 Go taill\u00e9 pour les AAA, afin de trimballer toute votre ludoth\u00e8que sans faire de sacrifices. Son \u00e9cran 8 pouces WUXGA \u00e0\u00a0120 Hz\u00a0assure des sessions nerveuses et nettes, tandis que la Radeon int\u00e9gr\u00e9e balance des graphismes de haute vol\u00e9e.\u00a0<\/p>\n<p><a href=\"https:\/\/images.frandroid.com\/wp-content\/uploads\/2025\/10\/lenovo-legion-go-s-2.jpg\" target=\"_blank\" class=\"article-content__figure\" rel=\"noopener\"><img loading=\"lazy\" decoding=\"async\" width=\"1200\" height=\"675\" src=\"https:\/\/www.europesays.com\/fr\/wp-content\/uploads\/2025\/11\/1762258644_14_lenovo-legion-go-s-2-1200x675.jpg\" alt=\"\" class=\"wp-image-2851507 wp-image\"  \/><\/a><\/p>\n<ul class=\"wp-block-list\">\n<li>Une dalle IPS-LCD grande, lumineuse et \u00e0 120 Hz<\/li>\n<li>Une prise en main r\u00e9ellement confortable<\/li>\n<li>Les g\u00e2chettes double mode analogique\/num\u00e9rique, bien pens\u00e9es<\/li>\n<\/ul>\n<p>Au lieu de 629,99 euros, la Lenovo Legion Go S est aujourd\u2019hui disponible <a href=\"https:\/\/shop.frandroid.com\/t33vj7wl\" data-type=\"link\" data-id=\"https:\/\/www.amazon.fr\/dp\/B0DT9ZLH6Z\" target=\"_blank\" rel=\"noreferrer noopener affiliate nofollow\" data-gtm=\"{&quot;event&quot;:&quot;afficlic&quot;,&quot;nom_marchand&quot;:&quot;amazon_fr&quot;,&quot;nom_produit&quot;:&quot;inconnu&quot;,&quot;categorie_produit&quot;:&quot;inconnu&quot;,&quot;module_produit&quot;:&quot;editolink&quot;,&quot;position_marchand&quot;:0,&quot;texte&quot;:&quot;en-promotion-a-449-99-euros&quot;,&quot;offer_url&quot;:&quot;https:\/\/shop.frandroid.com\/t33vj7wl&quot;,&quot;zone&quot;:&quot;contenu-page&quot;}\">en promotion \u00e0 449,99 euros<\/a> sur Amazon ainsi que chez Boulanger.<\/p>\n<p>La Redmi Pad 2, ou \u00ab\u00a0l\u2019iPad de Xiaomi\u00a0\u00bb si vous voulez, est la derni\u00e8re figure de proue des tablettes tactiles pas ch\u00e8res. M\u00eame pour 200 euros, elle r\u00e9pond a beaucoup d\u2019usages, de la navigation au streaming en passant par les jeux vid\u00e9o, \u00e0 partir du moment o\u00f9 ils sont l\u00e9gers. <\/p>\n<p><a href=\"https:\/\/images.frandroid.com\/wp-content\/uploads\/2025\/11\/xiaomi-redmi-pad-2.jpg\" target=\"_blank\" class=\"article-content__figure\" rel=\"noopener\"><img loading=\"lazy\" decoding=\"async\" width=\"1200\" height=\"675\" src=\"https:\/\/www.europesays.com\/fr\/wp-content\/uploads\/2025\/11\/1762258646_678_xiaomi-redmi-pad-2-1200x675.jpg\" alt=\"\" class=\"wp-image-2851469 wp-image\"  \/><\/a><\/p>\n<ul class=\"wp-block-list\">\n<li>Design premium et \u00e9cran rafra\u00eechi \u00e0 90 Hz<\/li>\n<li>Quatre haut-parleurs aux performances insoup\u00e7onn\u00e9es<\/li>\n<li>La belle autonomie de sa batterie de 9 000 mAh<\/li>\n<\/ul>\n<p>Au lieu de 229,99 euros, le pack Xiaomi Redmi Pad 2 avec son \u00e9tui de protection est aujourd\u2019hui disponible <a href=\"https:\/\/shop.frandroid.com\/02u7sk5z\" data-type=\"link\" data-id=\"https:\/\/www.boulanger.com\/ref\/1231058\" target=\"_blank\" rel=\"noreferrer noopener affiliate nofollow\" data-gtm=\"{&quot;event&quot;:&quot;afficlic&quot;,&quot;nom_marchand&quot;:&quot;boulanger&quot;,&quot;nom_produit&quot;:&quot;inconnu&quot;,&quot;categorie_produit&quot;:&quot;inconnu&quot;,&quot;module_produit&quot;:&quot;editolink&quot;,&quot;position_marchand&quot;:0,&quot;texte&quot;:&quot;en-promotion-a-179-99-euros&quot;,&quot;offer_url&quot;:&quot;https:\/\/shop.frandroid.com\/02u7sk5z&quot;,&quot;zone&quot;:&quot;contenu-page&quot;}\">en promotion \u00e0 179,99 euros<\/a> sur Boulanger.<\/p>\n<p>Le Honor Magic V2 est un smartphone pliant sorti en 2023. Depuis, la marque a lanc\u00e9 son V3, puis son V5, ce qui permet \u00e0 cette ancienne r\u00e9f\u00e9rence de s\u2019afficher aujourd\u2019hui \u00e0 un prix bien plus attractif pour tester ce format mi-smartphone classique mi-tablette. <\/p>\n<p><a href=\"https:\/\/images.frandroid.com\/wp-content\/uploads\/2025\/10\/honor-magic-v2-black-friday-2025.jpg\" target=\"_blank\" class=\"article-content__figure\" rel=\"noopener\"><img loading=\"lazy\" decoding=\"async\" width=\"1200\" height=\"675\" src=\"https:\/\/www.europesays.com\/fr\/wp-content\/uploads\/2025\/11\/1762258648_991_honor-magic-v2-black-friday-2025-1200x675.jpg\" alt=\"\" class=\"wp-image-2851699 wp-image\"  \/><\/a><\/p>\n<ul class=\"wp-block-list\">\n<li>La finesse du smartphone<\/li>\n<li>De beaux \u00e9crans bien calibr\u00e9s<\/li>\n<li>Une belle autonomie<\/li>\n<\/ul>\n<p>Au lieu de 2 000 euros \u00e0 son lancement, le Honor Magic V2 est actuellement en promotion <a href=\"https:\/\/shop.frandroid.com\/1e7ytn0i\" target=\"_blank\" rel=\"noreferrer noopener affiliate nofollow\" data-gtm=\"{&quot;event&quot;:&quot;afficlic&quot;,&quot;nom_marchand&quot;:&quot;aliexpress&quot;,&quot;nom_produit&quot;:&quot;inconnu&quot;,&quot;categorie_produit&quot;:&quot;inconnu&quot;,&quot;module_produit&quot;:&quot;editolink&quot;,&quot;position_marchand&quot;:0,&quot;texte&quot;:&quot;a-seulement-556-euros-sur-ali-express&quot;,&quot;offer_url&quot;:&quot;https:\/\/shop.frandroid.com\/1e7ytn0i&quot;,&quot;zone&quot;:&quot;contenu-page&quot;}\">\u00e0 seulement 556 euros sur AliExpress<\/a> avec le code promo <strong>CDFR70<\/strong>.<\/p>\n<p>Lanc\u00e9e en 2020, puis retouch\u00e9e en 2022 et encore en 2024, la Samsung Galaxy Tab S6 Lite fait son petit bonhomme de chemin dans le segment des tablettes du milieu de gamme. C\u2019est \u00e9videmment la version la plus r\u00e9cente qui est ici en promotion, boost\u00e9e avec une Exynos 1280 et livr\u00e9e avec un S-Pen.<\/p>\n<p><a href=\"https:\/\/images.frandroid.com\/wp-content\/uploads\/2025\/11\/samsung-galaxy-tab-s6-lite.jpg\" target=\"_blank\" class=\"article-content__figure\" rel=\"noopener\"><img loading=\"lazy\" decoding=\"async\" width=\"1200\" height=\"675\" src=\"https:\/\/www.europesays.com\/fr\/wp-content\/uploads\/2025\/11\/1762258650_842_samsung-galaxy-tab-s6-lite-1200x675.jpg\" alt=\"\" class=\"wp-image-2851467 wp-image\"  \/><\/a><\/p>\n<ul class=\"wp-block-list\">\n<li>Une dalle LCD de 10,4 pouces avec 2 000 x 1 200 pixels<\/li>\n<li>Un processeur Exynos 1280 et une batterie de 7 040 mAh<\/li>\n<li>Le S-Pen inclus !<\/li>\n<\/ul>\n<p>Au lieu de 449,99 euros, le pack Samsung Galaxy Tab S6 Lite avec son \u00e9tui de protection est aujourd\u2019hui disponible <a href=\"https:\/\/shop.frandroid.com\/6ur8yqu3\" data-type=\"link\" data-id=\"https:\/\/www.boulanger.com\/ref\/1230958\" target=\"_blank\" rel=\"noreferrer noopener affiliate nofollow\" data-gtm=\"{&quot;event&quot;:&quot;afficlic&quot;,&quot;nom_marchand&quot;:&quot;boulanger&quot;,&quot;nom_produit&quot;:&quot;inconnu&quot;,&quot;categorie_produit&quot;:&quot;inconnu&quot;,&quot;module_produit&quot;:&quot;editolink&quot;,&quot;position_marchand&quot;:0,&quot;texte&quot;:&quot;en-promotion-a-249-99-euros&quot;,&quot;offer_url&quot;:&quot;https:\/\/shop.frandroid.com\/6ur8yqu3&quot;,&quot;zone&quot;:&quot;contenu-page&quot;}\">en promotion \u00e0 249,99 euros<\/a> sur Boulanger.<\/p>\n<p>Avec le Wash G1, Dyson fait une entr\u00e9e remarqu\u00e9e sur le march\u00e9 des balais laveurs de sol. On retrouve d\u2019abord ce design esth\u00e9tique que nous avions d\u00e9j\u00e0 avec ses aspirateurs-balais mais aussi une prise en main agr\u00e9able malgr\u00e9 son poids effleurant les 5 kg. C\u00f4t\u00e9 performances, les rouleaux en microfibre avec une rotation de 265 tours\/minutes font du Wash G1 un balai-laveur efficace. Pour en savoir plus, <a href=\"https:\/\/www.frandroid.com\/marques\/dyson\/2417078_test-du-dyson-wash-g1-un-laveur-de-sol-aussi-efficace-que-style-et-encore-des-imperfections\" data-type=\"link\" data-id=\"https:\/\/www.frandroid.com\/marques\/dyson\/2417078_test-du-dyson-wash-g1-un-laveur-de-sol-aussi-efficace-que-style-et-encore-des-imperfections\" target=\"_blank\" rel=\"noopener\">voici notre test du Dyson Wash G1<\/a>.<\/p>\n<p><a href=\"https:\/\/images.frandroid.com\/wp-content\/uploads\/2025\/10\/dyson-wash-g1.jpg\" target=\"_blank\" class=\"article-content__figure\" rel=\"noopener\"><img loading=\"lazy\" decoding=\"async\" width=\"1200\" height=\"675\" src=\"https:\/\/www.europesays.com\/fr\/wp-content\/uploads\/2025\/11\/1762258652_278_dyson-wash-g1-1200x675.jpg\" alt=\"\" class=\"wp-image-2851611 wp-image\"  \/><\/a><\/p>\n<ul class=\"wp-block-list\">\n<li>Un balai-laveur avec du style et de l\u2019ergonomie<\/li>\n<li>Efficace et peu bruyant lors du lavage<\/li>\n<li>Un entretien facile<\/li>\n<\/ul>\n<p>Au lieu de 699 euros, le Dyson Wash G1 est aujourd\u2019hui disponible <a href=\"https:\/\/shop.frandroid.com\/cl5g70vr\" data-type=\"link\" data-id=\"https:\/\/www.boulanger.com\/ref\/1201676\" target=\"_blank\" rel=\"noreferrer noopener affiliate nofollow\" data-gtm=\"{&quot;event&quot;:&quot;afficlic&quot;,&quot;nom_marchand&quot;:&quot;boulanger&quot;,&quot;nom_produit&quot;:&quot;inconnu&quot;,&quot;categorie_produit&quot;:&quot;inconnu&quot;,&quot;module_produit&quot;:&quot;editolink&quot;,&quot;position_marchand&quot;:0,&quot;texte&quot;:&quot;en-promotion-a-349-euros&quot;,&quot;offer_url&quot;:&quot;https:\/\/shop.frandroid.com\/cl5g70vr&quot;,&quot;zone&quot;:&quot;contenu-page&quot;}\">en promotion \u00e0 349 euros<\/a> sur Boulanger.<\/p>\n<p>Sur le segment des smartphones pliants au format Flip, ceux de Samsung sont une r\u00e9f\u00e9rence. Bien entendu, il faut plus que faire vibrer la corde de la nostalgie pour que ces smartphones \u00e0 clapet soient r\u00e9ussis. Et Samsung fait l\u00e0 un bon travail. D\u2019autant plus que\u00a0<a href=\"https:\/\/www.frandroid.com\/marques\/samsung\/1758157_test-samsung-galaxy-z-flip-5\" target=\"_blank\" rel=\"noopener\">le Galaxy Z Flip 5 not\u00e9 8\/10<\/a>\u00a0chez nous renouvelle un peu la gamme avec une charni\u00e8re retravaill\u00e9e et un \u00e9cran externe beaucoup plus grand.<\/p>\n<p><a href=\"https:\/\/images.frandroid.com\/wp-content\/uploads\/2025\/11\/samsung-galaxy-z-flip-5.jpg\" target=\"_blank\" class=\"article-content__figure\" rel=\"noopener\"><img loading=\"lazy\" decoding=\"async\" width=\"1200\" height=\"675\" src=\"https:\/\/www.europesays.com\/fr\/wp-content\/uploads\/2025\/11\/1762258653_10_samsung-galaxy-z-flip-5-1200x675.jpg\" alt=\"\" class=\"wp-image-2851511 wp-image\"  \/><\/a><\/p>\n<ul class=\"wp-block-list\">\n<li>Un design travaill\u00e9 et une nouvelle charni\u00e8re<\/li>\n<li>Un \u00e9cran externe plus grand et plus agr\u00e9able \u00e0 utiliser<\/li>\n<li>Tourne avec un Snapdragon 8 Gen 2<\/li>\n<\/ul>\n<p>Au lieu de 1 339 euros lors de son lancement, le Samsung Galaxy Z Flip 5 (512 Go) est aujourd\u2019hui disponible\u00a0<a href=\"https:\/\/shop.frandroid.com\/t30gh2sk\" data-type=\"link\" data-id=\"https:\/\/www.darty.com\/nav\/achat\/gps_communication\/telephone_mobile\/telephone_portable\/samsung_zflip5_512go_5g_noir.html\" target=\"_blank\" rel=\"noreferrer noopener affiliate nofollow\" data-gtm=\"{&quot;event&quot;:&quot;afficlic&quot;,&quot;nom_marchand&quot;:&quot;darty&quot;,&quot;nom_produit&quot;:&quot;inconnu&quot;,&quot;categorie_produit&quot;:&quot;inconnu&quot;,&quot;module_produit&quot;:&quot;editolink&quot;,&quot;position_marchand&quot;:0,&quot;texte&quot;:&quot;en-promotion-a-699-euros&quot;,&quot;offer_url&quot;:&quot;https:\/\/shop.frandroid.com\/t30gh2sk&quot;,&quot;zone&quot;:&quot;contenu-page&quot;}\">en promotion \u00e0 699 euros<\/a>\u00a0chez Darty.<\/p>\n<p>Nous connaissons d\u00e9j\u00e0 Garmin pour ses montres connect\u00e9es haut de gamme, notamment ses mod\u00e8les Epix qui sont la cr\u00e8me de la cr\u00e8me de son catalogue. Nous n\u2019avions alors jamais vu une smartwatch aussi compl\u00e8te, <a href=\"https:\/\/www.frandroid.com\/marques\/garmin\/1743413_test-de-la-garmin-epix-pro-gen-2-une-montre-de-sport-oled-a-tout-faire-meme-lampe-torche\" data-type=\"link\" data-id=\"https:\/\/www.frandroid.com\/marques\/garmin\/1743413_test-de-la-garmin-epix-pro-gen-2-une-montre-de-sport-oled-a-tout-faire-meme-lampe-torche\" target=\"_blank\" rel=\"noopener\">c\u2019est notre testeur qui le dit<\/a>. Son prix particuli\u00e8rement \u00e9lev\u00e9 avait de quoi en refroidir plus d\u2019un, mais ce n\u2019est plus le cas aujourd\u2019hui avec cette \u00e9norme r\u00e9duction.<\/p>\n<p><a href=\"https:\/\/images.frandroid.com\/wp-content\/uploads\/2025\/10\/garmin-epix-pro-gen-2.jpg\" target=\"_blank\" class=\"article-content__figure\" rel=\"noopener\"><img loading=\"lazy\" decoding=\"async\" width=\"1200\" height=\"675\" src=\"https:\/\/www.europesays.com\/fr\/wp-content\/uploads\/2025\/11\/1762258655_412_garmin-epix-pro-gen-2-1200x675.jpg\" alt=\"\" class=\"wp-image-2851481 wp-image\"  \/><\/a><\/p>\n<ul class=\"wp-block-list\">\n<li>Une smartwatch avec \u00e9cran OLED et\u2026 lampe-torche !<\/li>\n<li>Des mesures ultra-compl\u00e8tes et pr\u00e9cises<\/li>\n<li>La cartographie et la pr\u00e9cision du GPS<\/li>\n<\/ul>\n<p>Au lieu de 1 049 euros, la Garmin Epix Pro Gen 2 (51 mm \u2013 verre saphir) est aujourd\u2019hui disponible en promotion <a href=\"https:\/\/shop.frandroid.com\/24k972cg\" data-type=\"link\" data-id=\"https:\/\/www.lepape.com\/garmin-epix-pro-gen-2-51mm-sapphire-titane-silver-bracelet-blanc-blanc\" target=\"_blank\" rel=\"noreferrer noopener affiliate nofollow\" data-gtm=\"{&quot;event&quot;:&quot;afficlic&quot;,&quot;nom_marchand&quot;:&quot;le_pape&quot;,&quot;nom_produit&quot;:&quot;inconnu&quot;,&quot;categorie_produit&quot;:&quot;inconnu&quot;,&quot;module_produit&quot;:&quot;editolink&quot;,&quot;position_marchand&quot;:0,&quot;texte&quot;:&quot;a-seulement-489-euros&quot;,&quot;offer_url&quot;:&quot;https:\/\/shop.frandroid.com\/24k972cg&quot;,&quot;zone&quot;:&quot;contenu-page&quot;}\">\u00e0 <strong>seulement 489 euros<\/strong><\/a> sur Lepape.<\/p>\n<p>La Galaxy Tab S11 est le mod\u00e8le standard de la derni\u00e8re g\u00e9n\u00e9ration de tablettes haut de gamme de Samsung. Pas de grande r\u00e9volution au niveau de l\u2019\u00e9cran ou des performances, le cor\u00e9en se concentre ici sur le design fin et l\u00e9ger, l\u2019aspect logiciel avec les nouvelles fonctions Galaxy AI, One UI et Samsung DeX, ainsi que le nouveau S-Pen qui int\u00e8gre des outils IA ainsi que le support de commandes vocales.<\/p>\n<p><a href=\"https:\/\/images.frandroid.com\/wp-content\/uploads\/2025\/11\/samsung-galaxy-tab-s11.jpg\" target=\"_blank\" class=\"article-content__figure\" rel=\"noopener\"><img loading=\"lazy\" decoding=\"async\" width=\"1200\" height=\"675\" src=\"https:\/\/www.europesays.com\/fr\/wp-content\/uploads\/2025\/11\/1762258657_652_samsung-galaxy-tab-s11-1200x675.jpg\" alt=\"\" class=\"wp-image-2851465 wp-image\"  \/><\/a><\/p>\n<ul class=\"wp-block-list\">\n<li>Design ultra-fin et l\u00e9ger et \u00e9cran AMOLED rafra\u00eechi \u00e0 120 Hz<\/li>\n<li>Un MediaTek Dimensity 9400+ et les fonctions Galaxy AI<\/li>\n<li>Un S-Pen am\u00e9lior\u00e9 avec outils IA<\/li>\n<\/ul>\n<p>Au lieu de 959,99 euros, la Samsung Galaxy Tab S11 (Wi-Fi \u2013 256 Go) est aujourd\u2019hui disponible <a href=\"https:\/\/shop.frandroid.com\/yp0h7w2z\" data-type=\"link\" data-id=\"https:\/\/www.boulanger.com\/ref\/1227035\" target=\"_blank\" rel=\"noreferrer noopener affiliate nofollow\" data-gtm=\"{&quot;event&quot;:&quot;afficlic&quot;,&quot;nom_marchand&quot;:&quot;boulanger&quot;,&quot;nom_produit&quot;:&quot;inconnu&quot;,&quot;categorie_produit&quot;:&quot;inconnu&quot;,&quot;module_produit&quot;:&quot;editolink&quot;,&quot;position_marchand&quot;:0,&quot;texte&quot;:&quot;en-promotion-a-759-99-euros&quot;,&quot;offer_url&quot;:&quot;https:\/\/shop.frandroid.com\/yp0h7w2z&quot;,&quot;zone&quot;:&quot;contenu-page&quot;}\">en promotion \u00e0 759,99 euros<\/a> sur Boulanger, en partie gr\u00e2ce \u00e0 un bonus rachat de 100 euros.<\/p>\n<p>Pour celles et ceux qui veulent voir en plus grand, la Samsung Galaxy Tab S11 Ultra (Wi-Fi \u2013 256 Go) est aussi en promotion chez le m\u00eame marchand. Au lieu de 1 339,99 euros, <a href=\"https:\/\/shop.frandroid.com\/ks79orei\" data-type=\"link\" data-id=\"https:\/\/www.boulanger.com\/ref\/1227040\" target=\"_blank\" rel=\"noreferrer noopener affiliate nofollow\" data-gtm=\"{&quot;event&quot;:&quot;afficlic&quot;,&quot;nom_marchand&quot;:&quot;boulanger&quot;,&quot;nom_produit&quot;:&quot;inconnu&quot;,&quot;categorie_produit&quot;:&quot;inconnu&quot;,&quot;module_produit&quot;:&quot;editolink&quot;,&quot;position_marchand&quot;:0,&quot;texte&quot;:&quot;on-la-retrouve-a-989-99-euros&quot;,&quot;offer_url&quot;:&quot;https:\/\/shop.frandroid.com\/ks79orei&quot;,&quot;zone&quot;:&quot;contenu-page&quot;}\">on la retrouve \u00e0 989,99 euros<\/a>, cette fois gr\u00e2ce \u00e0 un bonus reprise de 200 euros.<\/p>\n<p>D\u00e9voil\u00e9 lors du CES 2025, le Samsung The Premiere 5 est un petit vid\u00e9oprojecteur \u00e0 ultra-courte focale qui promet une image en Full HD jusqu\u2019\u00e0 100 pouces. Il a m\u00eame la particularit\u00e9 de diffuser une image tactile gr\u00e2ce \u00e0 un accessoire qui d\u00e9tecte les gestes de main sur la projection. Un petit plus pour les enfants qui peuvent ainsi s\u2019essayer \u00e0 quelques jeux ludiques.<\/p>\n<p><a href=\"https:\/\/images.frandroid.com\/wp-content\/uploads\/2025\/10\/samsung-the-premiere-5.jpg\" target=\"_blank\" class=\"article-content__figure\" rel=\"noopener\"><img loading=\"lazy\" decoding=\"async\" width=\"1200\" height=\"675\" src=\"https:\/\/www.europesays.com\/fr\/wp-content\/uploads\/2025\/11\/1762258658_993_samsung-the-premiere-5-1200x675.jpg\" alt=\"\" class=\"wp-image-2851447 wp-image\"  \/><\/a><\/p>\n<ul class=\"wp-block-list\">\n<li>Image en Full HD de 40 \u00e0 100 pouces avec une technologie triple laser<\/li>\n<li>Les features maison de Samsung : Tizen OS, Q-Symphony, Bixby int\u00e9gr\u00e9\u2026<\/li>\n<li>Mode Ambiant pour diffuser des animations pour se d\u00e9tendre<\/li>\n<\/ul>\n<p>Au lieu de 1 299 euros, le Samsung The Premiere 5 (SP-LPF5D) est aujourd\u2019hui disponible <a href=\"https:\/\/shop.frandroid.com\/u52cja1z\" data-type=\"link\" data-id=\"https:\/\/www.samsung.com\/fr\/projectors\/the-premiere\/the-premiere-lpf5d-touch-interaction-projector-sp-lpf5dsaxxxe\/\" target=\"_blank\" rel=\"noreferrer noopener affiliate nofollow\" data-gtm=\"{&quot;event&quot;:&quot;afficlic&quot;,&quot;nom_marchand&quot;:&quot;samsung&quot;,&quot;nom_produit&quot;:&quot;inconnu&quot;,&quot;categorie_produit&quot;:&quot;inconnu&quot;,&quot;module_produit&quot;:&quot;editolink&quot;,&quot;position_marchand&quot;:0,&quot;texte&quot;:&quot;en-promotion-a-1-090-euros&quot;,&quot;offer_url&quot;:&quot;https:\/\/shop.frandroid.com\/u52cja1z&quot;,&quot;zone&quot;:&quot;contenu-page&quot;}\">en promotion \u00e0 1 090 euros<\/a> en boutique officielle.<\/p>\n<p>Avec son casque ULT Wear, Sony a fait le pari de r\u00e9introduire la technologie Extra Bass, et les fr\u00e9quences basses qui auraient d\u00fb \u00eatre mises \u00e0 l\u2019honneur ici sont en fait sujettes \u00e0 une forte coloration. Si Sony ne pr\u00e9sente pas ici sa meilleure copie en mati\u00e8re d\u2019audio, la partie design reste une fois de plus ma\u00eetris\u00e9e, sans compter l\u2019autonSomie : pr\u00e8s de 30 heures sur une charge.<\/p>\n<p><a href=\"https:\/\/images.frandroid.com\/wp-content\/uploads\/2025\/10\/sony-ult.jpg\" target=\"_blank\" class=\"article-content__figure\" rel=\"noopener\"><img loading=\"lazy\" decoding=\"async\" width=\"1200\" height=\"675\" src=\"https:\/\/www.europesays.com\/fr\/wp-content\/uploads\/2025\/11\/1762258660_18_sony-ult-1200x675.jpg\" alt=\"\" class=\"wp-image-2851433 wp-image\"  \/><\/a><\/p>\n<ul class=\"wp-block-list\">\n<li>Un casque confortable avec d\u00e9tecteur de port<\/li>\n<li>30 heures d\u2019autonomie sur une charge<\/li>\n<li>Une r\u00e9duction de bruit active satisfaisante<\/li>\n<\/ul>\n<p>Au lieu de 199,99 euros, le Sony ULT Wear est aujourd\u2019hui disponible <a href=\"https:\/\/shop.frandroid.com\/y8muovlp\" data-type=\"link\" data-id=\"https:\/\/www.amazon.fr\/dp\/B0CX1TYWC1?th=1\" target=\"_blank\" rel=\"noreferrer noopener affiliate nofollow\" data-gtm=\"{&quot;event&quot;:&quot;afficlic&quot;,&quot;nom_marchand&quot;:&quot;amazon_fr&quot;,&quot;nom_produit&quot;:&quot;inconnu&quot;,&quot;categorie_produit&quot;:&quot;inconnu&quot;,&quot;module_produit&quot;:&quot;editolink&quot;,&quot;position_marchand&quot;:0,&quot;texte&quot;:&quot;en-promotion-a-139-euros&quot;,&quot;offer_url&quot;:&quot;https:\/\/shop.frandroid.com\/y8muovlp&quot;,&quot;zone&quot;:&quot;contenu-page&quot;}\">en promotion \u00e0 139 euros<\/a> sur Amazon ainsi que Boulanger.<\/p>\n<p>Honor \u00e0 r\u00e9cemment r\u00e9ussi une perc\u00e9e dans le haut de gamme mais c\u2019est aussi dans le milieu de gamme qu\u2019il est bien repr\u00e9sent\u00e9 avec ses smartphones. Le Honor 400 en est la preuve la plus r\u00e9cente : belles finitions, MagicOS arm\u00e9 de fonctions IA, 6 ann\u00e9es de mises \u00e0 jour et batterie de 5 300 mAh. Il vaut clairement ses 400 euros pendant l\u2019avant-premi\u00e8re du Black Friday.<\/p>\n<p><a href=\"https:\/\/images.frandroid.com\/wp-content\/uploads\/2025\/10\/honor-400.jpg\" target=\"_blank\" class=\"article-content__figure\" rel=\"noopener\"><img loading=\"lazy\" decoding=\"async\" width=\"1200\" height=\"675\" src=\"https:\/\/www.europesays.com\/fr\/wp-content\/uploads\/2025\/11\/1762258661_598_honor-400-1200x675.jpg\" alt=\"\" class=\"wp-image-2851425 wp-image\"  \/><\/a><\/p>\n<ul class=\"wp-block-list\">\n<li>MagicOS avec une flop\u00e9e de fonctions IA<\/li>\n<li>Quasi 2 jours d\u2019autonomie avec la batterie de 5 300 mAh<\/li>\n<li>Un appareil photo efficace en journ\u00e9e<\/li>\n<\/ul>\n<p>Au lieu de 579,90 euros, la version de 512 Go du Honor 400 est aujourd\u2019hui disponible <a href=\"https:\/\/shop.frandroid.com\/ly6kqmy5\" data-type=\"link\" data-id=\"https:\/\/www.honor.com\/fr\/phones\/honor-400\/buy\/\" target=\"_blank\" rel=\"noreferrer noopener affiliate nofollow\" data-gtm=\"{&quot;event&quot;:&quot;afficlic&quot;,&quot;nom_marchand&quot;:&quot;honor&quot;,&quot;nom_produit&quot;:&quot;inconnu&quot;,&quot;categorie_produit&quot;:&quot;inconnu&quot;,&quot;module_produit&quot;:&quot;editolink&quot;,&quot;position_marchand&quot;:0,&quot;texte&quot;:&quot;en-promotion-a-399-90-euros&quot;,&quot;offer_url&quot;:&quot;https:\/\/shop.frandroid.com\/ly6kqmy5&quot;,&quot;zone&quot;:&quot;contenu-page&quot;}\">en promotion \u00e0 399,90 euros<\/a> en boutique officielle. N\u2019oubliez pas de rentrer le coupon de r\u00e9duction <strong>AHR4BF<\/strong> pour avoir 100 euros de r\u00e9duction.<\/p>\n<p>Barre de son haut de gamme lanc\u00e9e en 2024, parfaite pour accompagner un TV Sony, la Sony Bravia Theatre Bar 8 n\u2019y va pas mollo avec ses 11 haut-parleurs. Compatible avec les formats Dolby Atmos, DTS:X et IMAX Enhanced, elle est aussi puissante qu\u2019immersive, et se suffit \u00e0 elle-m\u00eame si l\u2019on en croit l\u2019absence de caisson de basses.<\/p>\n<p><a href=\"https:\/\/images.frandroid.com\/wp-content\/uploads\/2025\/10\/sony-bravia-theatre-bar-8.jpg\" target=\"_blank\" class=\"article-content__figure\" rel=\"noopener\"><img loading=\"lazy\" decoding=\"async\" width=\"1200\" height=\"675\" src=\"https:\/\/www.europesays.com\/fr\/wp-content\/uploads\/2025\/11\/1762258663_217_sony-bravia-theatre-bar-8-1200x675.jpg\" alt=\"\" class=\"wp-image-2851415 wp-image\"  \/><\/a><\/p>\n<ul class=\"wp-block-list\">\n<li>Une barre de son \u00e9l\u00e9gante avec une connectique moderne<\/li>\n<li>11 haut-parleurs et prise en charge de Dolby Atmos, DTS:X et de IMAX Enhanced<\/li>\n<li>4 woofers pour avoir des basses puissantes sans caisson<\/li>\n<\/ul>\n<p>Au lieu de 999 euros, la Sony Bravia Theatre Bar 8 est aujourd\u2019hui disponible <a href=\"https:\/\/shop.frandroid.com\/kxu0qr54\" data-type=\"link\" data-id=\"https:\/\/www.amazon.fr\/dp\/B0D1858LH3?th=1\" target=\"_blank\" rel=\"noreferrer noopener affiliate nofollow\" data-gtm=\"{&quot;event&quot;:&quot;afficlic&quot;,&quot;nom_marchand&quot;:&quot;amazon_fr&quot;,&quot;nom_produit&quot;:&quot;inconnu&quot;,&quot;categorie_produit&quot;:&quot;inconnu&quot;,&quot;module_produit&quot;:&quot;editolink&quot;,&quot;position_marchand&quot;:0,&quot;texte&quot;:&quot;en-promotion-a-649-euros&quot;,&quot;offer_url&quot;:&quot;https:\/\/shop.frandroid.com\/kxu0qr54&quot;,&quot;zone&quot;:&quot;contenu-page&quot;}\">en promotion \u00e0 649 euros<\/a> sur Amazon.<\/p>\n<p>L\u2019Acer Aspire 14 IA d\u00e9barque avec son processeur Snapdragon X et l\u2019\u00e9cosyst\u00e8me Copilot+. Un ultrabook taill\u00e9 pour le quotidien, la bureautique et l\u2019IA g\u00e9n\u00e9rative\u2026 en version ARM. Pour les pr\u00e9mices du Black Friday, son prix passe \u00e0 549 euros chez au lieu de 699 euros.<\/p>\n<p><a href=\"https:\/\/images.frandroid.com\/wp-content\/uploads\/2025\/10\/acer-spire-14-black-friday-frandroid.jpg\" target=\"_blank\" class=\"article-content__figure\" rel=\"noopener\"><img loading=\"lazy\" decoding=\"async\" width=\"1200\" height=\"675\" src=\"https:\/\/www.europesays.com\/fr\/wp-content\/uploads\/2025\/11\/1762258665_66_acer-spire-14-black-friday-frandroid-1200x675.jpg\" alt=\"\" class=\"wp-image-2851123 wp-image\"  \/><\/a><\/p>\n<ul class=\"wp-block-list\">\n<li>Une architecture ARM propuls\u00e9 par un SoC Snapdragon X1<\/li>\n<li>Un bel \u00e9cran de 14 pouces cadenc\u00e9 \u00e0 120 Hz<\/li>\n<li>Une bonne partie connectique et du Wi-Fi 7<\/li>\n<\/ul>\n<p>Au lieu de 699 euros, le Acer Aspire 14 est <a href=\"https:\/\/shop.frandroid.com\/4y5b9jmj\" target=\"_blank\" rel=\"noreferrer noopener affiliate nofollow\" data-gtm=\"{&quot;event&quot;:&quot;afficlic&quot;,&quot;nom_marchand&quot;:&quot;boulanger&quot;,&quot;nom_produit&quot;:&quot;inconnu&quot;,&quot;categorie_produit&quot;:&quot;inconnu&quot;,&quot;module_produit&quot;:&quot;editolink&quot;,&quot;position_marchand&quot;:0,&quot;texte&quot;:&quot;aujourd-hui-disponible-en-promotion-a-549-euros-sur-boulanger&quot;,&quot;offer_url&quot;:&quot;https:\/\/shop.frandroid.com\/4y5b9jmj&quot;,&quot;zone&quot;:&quot;contenu-page&quot;}\">aujourd\u2019hui disponible en promotion \u00e0 549 euros sur Boulanger<\/a> apr\u00e8s <a href=\"https:\/\/boulanger.scene7.com\/is\/content\/Boulanger\/2.B.com\/Commerce\/EMS\/ODR825MICT3.pdf\" data-type=\"link\" data-id=\"https:\/\/boulanger.scene7.com\/is\/content\/Boulanger\/2.B.com\/Commerce\/EMS\/ODR825MICT3.pdf\" target=\"_blank\" rel=\"noreferrer noopener nofollow\">le passage de l\u2019ODR<\/a>.<\/p>\n<p>Le nouveau <a href=\"https:\/\/www.frandroid.com\/produits\/smartphones\/google\/2757533-google-pixel-10-pro\" target=\"_blank\" rel=\"noopener\">Google Pixel 10 Pro<\/a> est d\u00e9j\u00e0 sous le joug d\u2019une importante r\u00e9duction de prix sur\u00a0le site de Boulanger avec un stand de charge sans fil et un chargeur \u00e0 67 W. <\/p>\n<p><a href=\"https:\/\/images.frandroid.com\/wp-content\/uploads\/2025\/10\/google-pixel-10-pro-pre-black-firday.jpg\" target=\"_blank\" class=\"article-content__figure\" rel=\"noopener\"><img loading=\"lazy\" decoding=\"async\" width=\"1200\" height=\"675\" src=\"https:\/\/www.europesays.com\/fr\/wp-content\/uploads\/2025\/11\/1762258667_559_google-pixel-10-pro-pre-black-firday-1200x675.jpg\" alt=\"\" class=\"wp-image-2851105 wp-image\"  \/><\/a><\/p>\n<ul class=\"wp-block-list\">\n<li>\u00c9cran Super Actua 6,3 pouces OLED LTPO<\/li>\n<li>Triple appareil photo arri\u00e8re : 50 Mpx + 48 Mpx + 48 Mpx<\/li>\n<li>SoC Google Tensor G5 et Gemini : puissance brute et intelligence embarqu\u00e9e<\/li>\n<\/ul>\n<p>Au lieu d\u2019un prix barr\u00e9 \u00e0 1 249 euros, le pack Google Pixel 10 Pro se n\u00e9gocie en ce moment <a href=\"https:\/\/shop.frandroid.com\/ovwuiw54\" target=\"_blank\" rel=\"noreferrer noopener affiliate nofollow\" data-gtm=\"{&quot;event&quot;:&quot;afficlic&quot;,&quot;nom_marchand&quot;:&quot;boulanger&quot;,&quot;nom_produit&quot;:&quot;inconnu&quot;,&quot;categorie_produit&quot;:&quot;inconnu&quot;,&quot;module_produit&quot;:&quot;editolink&quot;,&quot;position_marchand&quot;:0,&quot;texte&quot;:&quot;en-promotion-a-999-euros-chez-boulanger&quot;,&quot;offer_url&quot;:&quot;https:\/\/shop.frandroid.com\/ovwuiw54&quot;,&quot;zone&quot;:&quot;contenu-page&quot;}\">en promotion \u00e0 999 euros chez Boulanger.<\/a><\/p>\n<p>Cet \u00e9cran de gaming Asus XG27UCDMG 4K OLED offre une qualit\u00e9 d\u2019image \u00e0 couper le souffle et un temps de r\u00e9ponse de 0,03 ms. Des qualit\u00e9s qui sauront ravir les joueurs \u00e0 la recherche d\u2019une exp\u00e9rience des plus immersives. En ce pr\u00e9-Black Friday, Boulanger vous fait \u00e9conomiser 100 euros dessus. <\/p>\n<p><a href=\"https:\/\/images.frandroid.com\/wp-content\/uploads\/2025\/10\/lg-65qned86a-black-friday-frandroid-1.jpg\" target=\"_blank\" class=\"article-content__figure\" rel=\"noopener\"><img loading=\"lazy\" decoding=\"async\" width=\"1200\" height=\"675\" src=\"https:\/\/www.europesays.com\/fr\/wp-content\/uploads\/2025\/11\/1762258668_415_lg-65qned86a-black-friday-frandroid-1-1200x675.jpg\" alt=\"Ecran PC Gamer ASUS XG27UCDMG 4K OLED Black Friday\" class=\"wp-image-2850863 wp-image\"  \/><\/a><\/p>\n<ul class=\"wp-block-list\">\n<li>Une qualit\u00e9 d\u2019image \u00e0 couper le souffle<\/li>\n<li>Un temps de r\u00e9ponse ultra-rapide de 0,03 ms et un taux de rafra\u00eechissement de 240 Hz pour offrir une exp\u00e9rience sans ralentissement<\/li>\n<li>La technologie OLED pour des noirs profonds et des couleurs vives<\/li>\n<\/ul>\n<p>Habituellement, son prix est fix\u00e9 \u00e0 899,99 euros, mais <a href=\"https:\/\/shop.frandroid.com\/nvh9tvgz\" target=\"_blank\" rel=\"noreferrer noopener affiliate nofollow\" data-gtm=\"{&quot;event&quot;:&quot;afficlic&quot;,&quot;nom_marchand&quot;:&quot;boulanger&quot;,&quot;nom_produit&quot;:&quot;inconnu&quot;,&quot;categorie_produit&quot;:&quot;inconnu&quot;,&quot;module_produit&quot;:&quot;editolink&quot;,&quot;position_marchand&quot;:0,&quot;texte&quot;:&quot;le-met-en-promotion&quot;,&quot;offer_url&quot;:&quot;https:\/\/shop.frandroid.com\/nvh9tvgz&quot;,&quot;zone&quot;:&quot;contenu-page&quot;}\">Boulanger le baisse<\/a> \u00e0 799,99 euros.<\/p>\n<p>Accompagn\u00e9 de sa station de lavage, ce robot-aspirateur Ecovacs DEEBOT T30C Omni GEN2 se pr\u00e9sente comme un pro de l\u2019entretien. Pour l\u2019essayer, Amazon baisse son prix et, en cette p\u00e9riode de pr\u00e9-Black Friday, il chute \u00e0 349 euros au lieu de 499 euros.<\/p>\n<p><a href=\"https:\/\/images.frandroid.com\/wp-content\/uploads\/2025\/10\/samsung-b-series-hw-b660f-black-friday-frandroid-1-1.jpg\" target=\"_blank\" class=\"article-content__figure\" rel=\"noopener\"><img loading=\"lazy\" decoding=\"async\" width=\"1200\" height=\"675\" src=\"https:\/\/www.europesays.com\/fr\/wp-content\/uploads\/2025\/11\/1762258670_592_samsung-b-series-hw-b660f-black-friday-frandroid-1-1-1200x675.jpg\" alt=\"Aspirateur-robot ECOVACS DEEBOT T30C Omni GEN2\" class=\"wp-image-2850615 wp-image\"  \/><\/a><\/p>\n<ul class=\"wp-block-list\">\n<li>Un nettoyage complet dans les moindres recoins<\/li>\n<li>Une station qui lave et nettoie les serpill\u00e8res \u00e0 75\u00b0C<\/li>\n<li>Un syst\u00e8me qui emp\u00eache l\u2019enchev\u00eatrement des poils et des cheveux<\/li>\n<\/ul>\n<p>Au lieu de 499 euros, cet Ecovacs Deebot T30C Omni GEN 2 est actuellement <a href=\"https:\/\/shop.frandroid.com\/7llsp8t7\" target=\"_blank\" rel=\"noreferrer noopener affiliate nofollow\">en promotion \u00e0 349 euros sur Amazon.<\/a><\/p>\n<p>Si les vid\u00e9oprojecteurs haut de gamme sont un bon investissement, les NeoPix de Philips, beaucoup plus abordables, valent \u00e9galement le coup d\u2019\u0153il. On ne retrouve \u00e9videmment pas les m\u00eames technologies, ni la m\u00eame qualit\u00e9 d\u2019image, mais son prix en fait d\u00e9j\u00e0 une bonne affaire.<\/p>\n<p><a href=\"https:\/\/images.frandroid.com\/wp-content\/uploads\/2025\/10\/image-99-32.jpg\" target=\"_blank\" class=\"article-content__figure\" rel=\"noopener\"><img loading=\"lazy\" decoding=\"async\" width=\"1200\" height=\"675\" src=\"https:\/\/www.europesays.com\/fr\/wp-content\/uploads\/2025\/11\/1762258672_629_image-99-32-1200x675.jpg\" alt=\"\" class=\"wp-image-2850939 wp-image\"  \/><\/a><\/p>\n<ul class=\"wp-block-list\">\n<li>Une projection en Full HD<\/li>\n<li>Une luminosit\u00e9 de 200 lumens<\/li>\n<li>Son format compact et l\u00e9ger<\/li>\n<\/ul>\n<p>Au lieu de 149 euros, le Philips NeoPix 200 est aujourd\u2019hui disponible\u00a0<a href=\"https:\/\/shop.frandroid.com\/sivvs5k9\" target=\"_blank\" rel=\"noreferrer noopener affiliate nofollow\" data-gtm=\"{&quot;event&quot;:&quot;afficlic&quot;,&quot;nom_marchand&quot;:&quot;boulanger&quot;,&quot;nom_produit&quot;:&quot;inconnu&quot;,&quot;categorie_produit&quot;:&quot;inconnu&quot;,&quot;module_produit&quot;:&quot;editolink&quot;,&quot;position_marchand&quot;:0,&quot;texte&quot;:&quot;en-promotion-a-119-euros-sur-boulanger&quot;,&quot;offer_url&quot;:&quot;https:\/\/shop.frandroid.com\/sivvs5k9&quot;,&quot;zone&quot;:&quot;contenu-page&quot;}\">en promotion \u00e0 119 euros\u00a0sur Boulanger.<\/a><\/p>\n<p>Le pr\u00e9-Black Friday est l\u2019occasion parfaite pour choper une machine de guerre \u00e0 bon prix.\u00a0Avec ce Legion 5i, Lenovo balance tout ce qu\u2019il a dans le ventre : un processeur i7-13650HX, une RTX 5070 et 32 Go de RAM. \u00a0Il s\u2019afficher \u00e0 prix tr\u00e8s r\u00e9duit aujourd\u2019hui : 1 299 euros au lieu de 1 799 euros. <\/p>\n<p><a href=\"https:\/\/images.frandroid.com\/wp-content\/uploads\/2025\/10\/lenovo-legion-5i-pre-black-firday.jpg\" target=\"_blank\" class=\"article-content__figure\" rel=\"noopener\"><img loading=\"lazy\" decoding=\"async\" width=\"1200\" height=\"675\" src=\"https:\/\/www.europesays.com\/fr\/wp-content\/uploads\/2025\/11\/1762258673_787_lenovo-legion-5i-pre-black-firday-1200x675.jpg\" alt=\"\" class=\"wp-image-2850741 wp-image\"  \/><\/a><\/p>\n<ul class=\"wp-block-list\">\n<li>Les performances de la RTX 5070 et du Core i7 13e g\u00e9n\u00e9ration<\/li>\n<li>Une dalle de 15 pouces en d\u00e9finition WQXGA et \u00e0 165 Hz<\/li>\n<li>Gestion thermique efficace<\/li>\n<\/ul>\n<p>Au lieu d\u2019un prix barr\u00e9 de 1 799 euros, le Lenovo Legion 5i est maintenant disponible <a href=\"https:\/\/shop.frandroid.com\/tcs52x05\" target=\"_blank\" rel=\"noreferrer noopener affiliate nofollow\" data-gtm=\"{&quot;event&quot;:&quot;afficlic&quot;,&quot;nom_marchand&quot;:&quot;lenovo&quot;,&quot;nom_produit&quot;:&quot;inconnu&quot;,&quot;categorie_produit&quot;:&quot;inconnu&quot;,&quot;module_produit&quot;:&quot;editolink&quot;,&quot;position_marchand&quot;:0,&quot;texte&quot;:&quot;en-promotion-a-1-299-euros-sur-le-site-officiel&quot;,&quot;offer_url&quot;:&quot;https:\/\/shop.frandroid.com\/tcs52x05&quot;,&quot;zone&quot;:&quot;contenu-page&quot;}\">en promotion \u00e0 1 299 euros sur le site officiel.<\/a><\/p>\n<p>Si vous avez un salon ou une cave am\u00e9nag\u00e9e en salle de cin\u00e9ma personnelle adapt\u00e9e pour accueillir une dalle de 100 pouces (soit 2,53 m\u00e8tres de diagonale), alors cette promotion tombe bien. Le Hisense 100U7Q concentre nombre de technologies avanc\u00e9es et prend en charge nombre de formats vid\u00e9o et audio.\u00a0<\/p>\n<p><a href=\"https:\/\/www.europesays.com\/fr\/wp-content\/uploads\/2025\/11\/1762258675_104_image-99-31.jpg\" target=\"_blank\" class=\"article-content__figure\"><img loading=\"lazy\" decoding=\"async\" width=\"768\" height=\"432\" src=\"https:\/\/www.europesays.com\/fr\/wp-content\/uploads\/2025\/11\/1762258675_104_image-99-31.jpg\" alt=\"\" class=\"wp-image-2850663 wp-image\"  \/><\/a><\/p>\n<ul class=\"wp-block-list\">\n<li>Une dalle Mini-LED de 100 pouces en 4K avec HDR10 et Dolby Vision<\/li>\n<li>Quatre ports HDMI 2.1, fr\u00e9quence optimis\u00e9e de 240 Hz<\/li>\n<li>Un syst\u00e8me audio de 50 W avec DTS:X et Dolby Atmos<\/li>\n<\/ul>\n<p>Au lieu de 2 490 euros, le Hisense 100U7Q est aujourd\u2019hui disponible\u00a0e<a href=\"https:\/\/shop.frandroid.com\/vh2rw3fv\" target=\"_blank\" rel=\"noreferrer noopener affiliate nofollow\" data-gtm=\"{&quot;event&quot;:&quot;afficlic&quot;,&quot;nom_marchand&quot;:&quot;boulanger&quot;,&quot;nom_produit&quot;:&quot;inconnu&quot;,&quot;categorie_produit&quot;:&quot;inconnu&quot;,&quot;module_produit&quot;:&quot;editolink&quot;,&quot;position_marchand&quot;:0,&quot;texte&quot;:&quot;n-promotion-a-1-999-euros-sur-boulanger&quot;,&quot;offer_url&quot;:&quot;https:\/\/shop.frandroid.com\/vh2rw3fv&quot;,&quot;zone&quot;:&quot;contenu-page&quot;}\">n promotion \u00e0 1 999 euros\u00a0sur Boulanger.<\/a><\/p>\n<p>Avec ses nombreuses fonctionnalit\u00e9s et le rendu audio immersif qu\u2019elle offre, la Sony Bravia Theatre Bar 8 est une barre de son que l\u2019on peut recommander facilement, surtout pour son prix tr\u00e8s int\u00e9ressant, qui baisse de plus de 300 euros. <\/p>\n<p><a href=\"https:\/\/images.frandroid.com\/wp-content\/uploads\/2025\/10\/sony-bravia-theatre-bar-8-pre-black-firday.jpg\" target=\"_blank\" class=\"article-content__figure\" rel=\"noopener\"><img loading=\"lazy\" decoding=\"async\" width=\"1200\" height=\"675\" src=\"https:\/\/www.europesays.com\/fr\/wp-content\/uploads\/2025\/11\/1762258676_947_sony-bravia-theatre-bar-8-pre-black-firday-1200x675.jpg\" alt=\"\" class=\"wp-image-2850509 wp-image\"  \/><\/a><\/p>\n<ul class=\"wp-block-list\">\n<li>Une barre de son compatible Dolby Atmos, DTS:X, Hi-Res Audio<\/li>\n<li>11 haut-parleurs int\u00e9gr\u00e9s<\/li>\n<li>La technologie 360 Spatial Sound Mapping<\/li>\n<\/ul>\n<p>Initialement affich\u00e9e \u00e0 990 euros, la barre de son Sony Bravia Theatre Bar 8\u00a0est en ce moment <a href=\"https:\/\/shop.frandroid.com\/5p3kn32d\" target=\"_blank\" rel=\"noreferrer noopener affiliate nofollow\" data-gtm=\"{&quot;event&quot;:&quot;afficlic&quot;,&quot;nom_marchand&quot;:&quot;boulanger&quot;,&quot;nom_produit&quot;:&quot;inconnu&quot;,&quot;categorie_produit&quot;:&quot;inconnu&quot;,&quot;module_produit&quot;:&quot;editolink&quot;,&quot;position_marchand&quot;:0,&quot;texte&quot;:&quot;remisee-a-649-euros-chez-boulanger&quot;,&quot;offer_url&quot;:&quot;https:\/\/shop.frandroid.com\/5p3kn32d&quot;,&quot;zone&quot;:&quot;contenu-page&quot;}\">remis\u00e9e \u00e0 649 euros chez Boulanger.<\/a><\/p>\n<p>La Huawei Watch Fit 4 a beau \u00eatre la plus accessible des montres de la marque, elle allie \u00e9l\u00e9gance, fonctionnalit\u00e9s sportives solides et confort d\u2019utilisation. <\/p>\n<p><a href=\"https:\/\/images.frandroid.com\/wp-content\/uploads\/2025\/10\/huawei-watch-fit-4-pre-black-firday.jpg\" target=\"_blank\" class=\"article-content__figure\" rel=\"noopener\"><img loading=\"lazy\" decoding=\"async\" width=\"1200\" height=\"675\" src=\"https:\/\/www.europesays.com\/fr\/wp-content\/uploads\/2025\/11\/1762258678_731_huawei-watch-fit-4-pre-black-firday-1200x675.jpg\" alt=\"\" class=\"wp-image-2850469 wp-image\"  \/><\/a><\/p>\n<ul class=\"wp-block-list\">\n<li>Un \u00e9cran AMOLED 1,82 pouce ultra-lumineux<\/li>\n<li>Une autonomie d\u2019une dizaine de jours<\/li>\n<li>Un suivi complet, sommeil, SpO2, fr\u00e9quence cardiaque, stress et plus<\/li>\n<\/ul>\n<p>Au lieu de 169 euros, la Huawei Watch Fit 4 est aujourd\u2019hui en <a href=\"https:\/\/shop.frandroid.com\/a3dn4u23\" target=\"_blank\" rel=\"noreferrer noopener affiliate nofollow\" data-gtm=\"{&quot;event&quot;:&quot;afficlic&quot;,&quot;nom_marchand&quot;:&quot;boulanger&quot;,&quot;nom_produit&quot;:&quot;inconnu&quot;,&quot;categorie_produit&quot;:&quot;inconnu&quot;,&quot;module_produit&quot;:&quot;editolink&quot;,&quot;position_marchand&quot;:0,&quot;texte&quot;:&quot;promotion-a-119-euros-sur-le-site-boulanger&quot;,&quot;offer_url&quot;:&quot;https:\/\/shop.frandroid.com\/a3dn4u23&quot;,&quot;zone&quot;:&quot;contenu-page&quot;}\">promotion \u00e0 119 euros sur le site Boulanger.<\/a> <\/p>\n<p>Si vous attendiez le pr\u00e9-Black Friday pour enfin renouveler votre \u00e9quipement de travail sans y laisser un rein, laissez-nous vous dire que vous avez bien fait. En ce moment, vous pouvez par exemple trouver un <a href=\"https:\/\/shop.frandroid.com\/2w9wukif\" target=\"_blank\" rel=\"noreferrer noopener affiliate nofollow\" data-gtm=\"{&quot;event&quot;:&quot;afficlic&quot;,&quot;nom_marchand&quot;:&quot;boulanger&quot;,&quot;nom_produit&quot;:&quot;inconnu&quot;,&quot;categorie_produit&quot;:&quot;inconnu&quot;,&quot;module_produit&quot;:&quot;editolink&quot;,&quot;position_marchand&quot;:0,&quot;texte&quot;:&quot;pack-a-28&quot;,&quot;offer_url&quot;:&quot;https:\/\/shop.frandroid.com\/2w9wukif&quot;,&quot;zone&quot;:&quot;contenu-page&quot;}\">pack \u00e0 -28 %<\/a> qui inclut notamment un PC portable Acer Aspire AG15, un mod\u00e8le l\u00e9ger embarquant un Ryzen 5 7430U ainsi qu\u2019un grand \u00e9cran pour bosser confortablement<\/p>\n<p><a href=\"https:\/\/images.frandroid.com\/wp-content\/uploads\/2025\/10\/pack-acer-aspire-ag15-black-friday-2025.jpg\" target=\"_blank\" class=\"article-content__figure\" rel=\"noopener\"><img loading=\"lazy\" decoding=\"async\" width=\"1200\" height=\"675\" src=\"https:\/\/www.europesays.com\/fr\/wp-content\/uploads\/2025\/11\/pack-acer-aspire-ag15-black-friday-2025-1200x675.jpg\" alt=\"\" class=\"wp-image-2849093 wp-image\"  \/><\/a><\/p>\n<ul class=\"wp-block-list\">\n<li>Un laptop l\u00e9ger<\/li>\n<li>Un grand \u00e9cran Full HD de 15,6 pouces<\/li>\n<li>Un combo Ryzen 5 + 16 Go de RAM + SSD de 512 Go<\/li>\n<\/ul>\n<p>Auparavant affich\u00e9 \u00e0 699 euros, le pack Acer Aspire AG15 est aujourd\u2019hui <a href=\"https:\/\/shop.frandroid.com\/2w9wukif\" target=\"_blank\" rel=\"noreferrer noopener affiliate nofollow\" data-gtm=\"{&quot;event&quot;:&quot;afficlic&quot;,&quot;nom_marchand&quot;:&quot;boulanger&quot;,&quot;nom_produit&quot;:&quot;inconnu&quot;,&quot;categorie_produit&quot;:&quot;inconnu&quot;,&quot;module_produit&quot;:&quot;editolink&quot;,&quot;position_marchand&quot;:0,&quot;texte&quot;:&quot;disponible-en-promotion-a-499-euros-chez-boulanger&quot;,&quot;offer_url&quot;:&quot;https:\/\/shop.frandroid.com\/2w9wukif&quot;,&quot;zone&quot;:&quot;contenu-page&quot;}\">disponible en promotion \u00e0 499 euros chez Boulanger<\/a>.<\/p>\n<p>Que vous vouliez partir en vacances l\u2019esprit tranquille ou pour garder un \u0153il sur votre foyer au quotidien, la TP-LINK Tapo C225 \u00e0 moiti\u00e9 prix est s\u00fbrement faite pour vous !<\/p>\n<p><a href=\"https:\/\/images.frandroid.com\/wp-content\/uploads\/2025\/10\/copie-de-preblackfriday-frandroid-solo.jpg\" target=\"_blank\" class=\"article-content__figure\" rel=\"noopener\"><img loading=\"lazy\" decoding=\"async\" width=\"1200\" height=\"675\" src=\"https:\/\/www.europesays.com\/fr\/wp-content\/uploads\/2025\/11\/1762258682_906_copie-de-preblackfriday-frandroid-solo-1200x675.jpg\" alt=\"TP-LINK Tapo C225 Black Friday\" class=\"wp-image-2849981 wp-image\"  \/><\/a><\/p>\n<ul class=\"wp-block-list\">\n<li>La pr\u00e9sence de l\u2019intelligence artificielle pour une s\u00e9curit\u00e9 optimale<\/li>\n<li>Une captation des images en 2K QHD enrichies par la technologie HDR<\/li>\n<li>Un mode physique pour assurer la confidentialit\u00e9<\/li>\n<\/ul>\n<p>Habituellement vendue \u00e0 69,90 euros, Boulanger fait une promotion de 43 % et en cette p\u00e9riode de pr\u00e9-Black Friday, elle est donc <a href=\"https:\/\/shop.frandroid.com\/3d2vkk97\" target=\"_blank\" rel=\"noreferrer noopener affiliate nofollow\">disponible \u00e0 seulement 39,90 euros<\/a>.<\/p>\n<p>Le Samsung Galaxy Z Flip 4 est sorti il y a maintenant 3 ans et il reste toujours une r\u00e9f\u00e9rence. L\u2019avantage de son \u00e2ge ? Son prix qui baisse, encore plus durant le Black Friday, o\u00f9 vous le retrouvez \u00e0 499 euros au lieu de 1 109 euros comme \u00e0 son lancement. Un bon moyen de tester le format pliant sans se ruiner.<\/p>\n<p><a href=\"https:\/\/images.frandroid.com\/wp-content\/uploads\/2025\/10\/samsung-galaxy-z-flip-4-pre-black-firday.jpg\" target=\"_blank\" class=\"article-content__figure\" rel=\"noopener\"><img loading=\"lazy\" decoding=\"async\" width=\"1200\" height=\"675\" src=\"https:\/\/www.europesays.com\/fr\/wp-content\/uploads\/2025\/11\/1762258684_172_samsung-galaxy-z-flip-4-pre-black-firday-1200x675.jpg\" alt=\"\" class=\"wp-image-2849999 wp-image\"  \/><\/a><\/p>\n<ul class=\"wp-block-list\">\n<li>Une fois pli\u00e9, il ne prend plus du tout de place<\/li>\n<li>L\u2019\u00e9cran externe pratique pour g\u00e9rer les notifications<\/li>\n<li>Le mode Flex du smartphone, une vraie valeur ajout\u00e9e<\/li>\n<\/ul>\n<p>Commercialis\u00e9 \u00e0 1109 euros, le Samsung Galaxy Z Flip 4 est disponible en promotion <a href=\"https:\/\/shop.frandroid.com\/hhcaf54i\" target=\"_blank\" rel=\"noreferrer noopener affiliate nofollow\" data-gtm=\"{&quot;event&quot;:&quot;afficlic&quot;,&quot;nom_marchand&quot;:&quot;darty&quot;,&quot;nom_produit&quot;:&quot;inconnu&quot;,&quot;categorie_produit&quot;:&quot;inconnu&quot;,&quot;module_produit&quot;:&quot;editolink&quot;,&quot;position_marchand&quot;:0,&quot;texte&quot;:&quot;a-seulement-499-euros-chez-darty&quot;,&quot;offer_url&quot;:&quot;https:\/\/shop.frandroid.com\/hhcaf54i&quot;,&quot;zone&quot;:&quot;contenu-page&quot;}\">\u00e0 seulement 499 euros chez Darty.<\/a> <\/p>\n<p>Les JBL Live Pro 2 sont plus anciens dans le catalogue du constructeur, ils ont tout de m\u00eame \u00e9t\u00e9 d\u00e9voil\u00e9s lors du CES de 2022. Ces \u00e9couteurs intra-auriculaires dot\u00e9s d\u2019une tige font beaucoup penser aux AirPods Pro et leur fiche technique reste int\u00e9ressante aujourd\u2019hui. En plus de la r\u00e9duction de bruit active, on retrouve la signature sonore de JBL et la connexion multipoint. Toutefois, l\u2019absence de codec avanc\u00e9 n\u2019en font pas un bon choix pour les gamers et les audiophiles.<\/p>\n<p><a href=\"https:\/\/images.frandroid.com\/wp-content\/uploads\/2025\/10\/jbl-live-pro-2.jpg\" target=\"_blank\" class=\"article-content__figure\" rel=\"noopener\"><img loading=\"lazy\" decoding=\"async\" width=\"1200\" height=\"675\" src=\"https:\/\/www.europesays.com\/fr\/wp-content\/uploads\/2025\/11\/1762258686_930_jbl-live-pro-2-1200x675.jpg\" alt=\"\" class=\"wp-image-2850039 wp-image\"  \/><\/a><\/p>\n<ul class=\"wp-block-list\">\n<li>Une belle autonomie de 40 heures et recharge sans fil Qi<\/li>\n<li>R\u00e9duction de bruit active, mode transparence, connexion multipoint<\/li>\n<li>Des \u00e9couteurs l\u00e9gers et certifi\u00e9s IPX5<\/li>\n<\/ul>\n<p>Au lieu de 149,99 euros, les JBL Live Pro 2 sont aujourd\u2019hui disponibles <a href=\"https:\/\/shop.frandroid.com\/5gghctfq\" data-type=\"link\" data-id=\"https:\/\/www.boulanger.com\/ref\/1181177\" target=\"_blank\" rel=\"noreferrer noopener affiliate nofollow\" data-gtm=\"{&quot;event&quot;:&quot;afficlic&quot;,&quot;nom_marchand&quot;:&quot;boulanger&quot;,&quot;nom_produit&quot;:&quot;inconnu&quot;,&quot;categorie_produit&quot;:&quot;inconnu&quot;,&quot;module_produit&quot;:&quot;editolink&quot;,&quot;position_marchand&quot;:0,&quot;texte&quot;:&quot;en-promotion-a-99-99-euros&quot;,&quot;offer_url&quot;:&quot;https:\/\/shop.frandroid.com\/5gghctfq&quot;,&quot;zone&quot;:&quot;contenu-page&quot;}\">en promotion \u00e0 99,99 euros<\/a> sur Boulanger.<\/p>\n<p>Il n\u2019y a pas que l\u2019OLED dans la vie. Le 65QNED86A de LG en est la preuve vivante : une dalle de 65 pouces bien lumineuse, bien calibr\u00e9e, taill\u00e9e pour le jeu comme pour les longues nuits de s\u00e9ries. <\/p>\n<p><a href=\"https:\/\/images.frandroid.com\/wp-content\/uploads\/2025\/10\/lg-65qned86a-black-friday-frandroid.jpg\" target=\"_blank\" class=\"article-content__figure\" rel=\"noopener\"><img loading=\"lazy\" decoding=\"async\" width=\"1200\" height=\"675\" src=\"https:\/\/www.europesays.com\/fr\/wp-content\/uploads\/2025\/11\/lg-65qned86a-black-friday-frandroid-1200x675.jpg\" alt=\"\" class=\"wp-image-2849117 wp-image\"  \/><\/a><\/p>\n<ul class=\"wp-block-list\">\n<li>Un r\u00e9tro\u00e9clairage Mini LED qui fait ses preuves<\/li>\n<li>Une dalle compatible Dolby Vision, HDR10, et cadenc\u00e9e \u00e0 144 Hz pour les joueurs<\/li>\n<li>Un son Dolby Atmos<\/li>\n<\/ul>\n<p>Au lieu de 899 euros, le LG 65QNED85A est <a href=\"https:\/\/shop.frandroid.com\/ilzg7dma\" target=\"_blank\" rel=\"noreferrer noopener affiliate nofollow\" data-gtm=\"{&quot;event&quot;:&quot;afficlic&quot;,&quot;nom_marchand&quot;:&quot;boulanger&quot;,&quot;nom_produit&quot;:&quot;inconnu&quot;,&quot;categorie_produit&quot;:&quot;inconnu&quot;,&quot;module_produit&quot;:&quot;editolink&quot;,&quot;position_marchand&quot;:0,&quot;texte&quot;:&quot;aujourd-hui-disponible-en-promotion-a-749-euros-sur-boulanger&quot;,&quot;offer_url&quot;:&quot;https:\/\/shop.frandroid.com\/ilzg7dma&quot;,&quot;zone&quot;:&quot;contenu-page&quot;}\">aujourd\u2019hui disponible en promotion \u00e0 749 euros sur Boulanger<\/a>.<\/p>\n<p>Pour offrir une immersion d\u2019une qualit\u00e9 optimale, la barre de son Samsung HW-B760F\u00a0s\u2019est dot\u00e9e de la technologie DTS Virtual:X capable de donner l\u2019impression que le son se diffuse tout autour de nous. <\/p>\n<p><a href=\"https:\/\/images.frandroid.com\/wp-content\/uploads\/2025\/10\/samsung-b-series-hw-b660f-black-friday-frandroid-1.jpg\" target=\"_blank\" class=\"article-content__figure\" rel=\"noopener\"><img loading=\"lazy\" decoding=\"async\" width=\"1200\" height=\"675\" src=\"https:\/\/www.europesays.com\/fr\/wp-content\/uploads\/2025\/11\/1762258689_24_samsung-b-series-hw-b660f-black-friday-frandroid-1-1200x675.jpg\" alt=\"Barre de son SAMSUNG HW-B760F\" class=\"wp-image-2849803 wp-image\"  \/><\/a><\/p>\n<ul class=\"wp-block-list\">\n<li>La technologie DTS Virtual:X pour une immersion optimale<\/li>\n<li>Un caisson de basse pour restituer les sons les plus graves<\/li>\n<li>L\u2019Adaptive Sound pour rendre les dialogues plus faciles \u00e0 entendre<\/li>\n<\/ul>\n<p>Au lieu de 349 euros, la barre de son Samsung HW-B760F est aujourd\u2019hui disponible en promotion \u00e0 <a href=\"https:\/\/shop.frandroid.com\/o2yh76kv\" target=\"_blank\" rel=\"noreferrer noopener affiliate nofollow\" data-gtm=\"{&quot;event&quot;:&quot;afficlic&quot;,&quot;nom_marchand&quot;:&quot;boulanger&quot;,&quot;nom_produit&quot;:&quot;inconnu&quot;,&quot;categorie_produit&quot;:&quot;inconnu&quot;,&quot;module_produit&quot;:&quot;editolink&quot;,&quot;position_marchand&quot;:0,&quot;texte&quot;:&quot;xxx-euros-chez-boulanger&quot;,&quot;offer_url&quot;:&quot;https:\/\/shop.frandroid.com\/o2yh76kv&quot;,&quot;zone&quot;:&quot;contenu-page&quot;}\">229 euros chez Boulanger<\/a>.<\/p>\n<p>Une dalle de 11\u2033 fluide, une autonomie solide et un stylet inclus, c\u2019est ce que propose la tablette Lenovo Tab K11 Plus. Et, pour l\u2019avant Black Friday, elle chute sous les 200 euros. <\/p>\n<p><a href=\"https:\/\/images.frandroid.com\/wp-content\/uploads\/2025\/10\/lenovo-tab-k11-plus-black-friday-frandroid.jpg\" target=\"_blank\" class=\"article-content__figure\" rel=\"noopener\"><img loading=\"lazy\" decoding=\"async\" width=\"1200\" height=\"675\" src=\"https:\/\/www.europesays.com\/fr\/wp-content\/uploads\/2025\/11\/1762258691_164_lenovo-tab-k11-plus-black-friday-frandroid-1200x675.jpg\" alt=\"\" class=\"wp-image-2849893 wp-image\"  \/><\/a><\/p>\n<ul class=\"wp-block-list\">\n<li>Une tablette l\u00e9g\u00e8re avec quatre haut-parleurs compatible Dolby Atmos<\/li>\n<li>Un trio SoC Mediatek Helio G88, 8 Go de RAM et 256 Go de stockage<\/li>\n<li>Le stylet Lenovo Tab Pen offre une pression de 4096 niveaux<\/li>\n<\/ul>\n<p>Au lieu de 319 euros, la Lenovo Tab K11 Plus est <a href=\"https:\/\/shop.frandroid.com\/949i5cw0\" target=\"_blank\" rel=\"noreferrer noopener affiliate nofollow\" data-gtm=\"{&quot;event&quot;:&quot;afficlic&quot;,&quot;nom_marchand&quot;:&quot;boulanger&quot;,&quot;nom_produit&quot;:&quot;inconnu&quot;,&quot;categorie_produit&quot;:&quot;inconnu&quot;,&quot;module_produit&quot;:&quot;editolink&quot;,&quot;position_marchand&quot;:0,&quot;texte&quot;:&quot;aujourd-hui-disponible-en-promotion-a-199-euros-sur-boulanger&quot;,&quot;offer_url&quot;:&quot;https:\/\/shop.frandroid.com\/949i5cw0&quot;,&quot;zone&quot;:&quot;contenu-page&quot;}\">aujourd\u2019hui disponible en promotion \u00e0 199 euros sur Boulanger<\/a>.<\/p>\n<p>Pour celles et ceux qui veulent d\u00e9penser encore moins, il y a l\u2019alternative toujours sign\u00e9e Lenovo \u00e0 159 euros. M\u00eame esprit, m\u00eame dalle 11 pouces fluide \u00e0 90 Hz, mais un processeur un peu plus sage et un stockage all\u00e9g\u00e9 (128 Go). La tablette IdeaPad <a href=\"https:\/\/shop.frandroid.com\/sd63qtjk\" target=\"_blank\" rel=\"noreferrer noopener affiliate nofollow\" data-gtm=\"{&quot;event&quot;:&quot;afficlic&quot;,&quot;nom_marchand&quot;:&quot;boulanger&quot;,&quot;nom_produit&quot;:&quot;inconnu&quot;,&quot;categorie_produit&quot;:&quot;inconnu&quot;,&quot;module_produit&quot;:&quot;editolink&quot;,&quot;position_marchand&quot;:0,&quot;texte&quot;:&quot;s-affiche-a-159-euros-au-lieu-de-229-chez-boulanger&quot;,&quot;offer_url&quot;:&quot;https:\/\/shop.frandroid.com\/sd63qtjk&quot;,&quot;zone&quot;:&quot;contenu-page&quot;}\">s\u2019affiche \u00e0 159 euros au lieu de 229 chez Boulanger<\/a>.<\/p>\n<p>Si votre salon est trop petit, mais que vous souhaitez tout de m\u00eame y installer un vid\u00e9oprojecteur plut\u00f4t qu\u2019un t\u00e9l\u00e9viseur, alors il faut vous diriger vers un mod\u00e8le \u00e0 ultra-courte focale. Ils peuvent en effet projeter une tr\u00e8s grande image tout en \u00e9tant pos\u00e9 \u00e0 quelques dizaines de centim\u00e8tres du mur. C\u2019est justement ce que peut faire le Samsung The Premiere 7, d\u00e9voil\u00e9 l\u2019ann\u00e9e derni\u00e8re.<\/p>\n<p><a href=\"https:\/\/images.frandroid.com\/wp-content\/uploads\/2025\/10\/samsung-the-premiere-7-black-friday-2025.jpg\" target=\"_blank\" class=\"article-content__figure\" rel=\"noopener\"><img loading=\"lazy\" decoding=\"async\" width=\"1200\" height=\"675\" src=\"https:\/\/www.europesays.com\/fr\/wp-content\/uploads\/2025\/11\/samsung-the-premiere-7-black-friday-2025-1200x675.jpg\" alt=\"\" class=\"wp-image-2849051 wp-image\"  \/><\/a><\/p>\n<ul class=\"wp-block-list\">\n<li>Un vid\u00e9oprojecteur \u00e9l\u00e9gant \u00e0 ultra-courte\u00a0focale<\/li>\n<li>Des images en 4K jusqu\u2019\u00e0 120 pouces<\/li>\n<li>Une intelligence artificielle int\u00e9gr\u00e9e pour am\u00e9liorer chaque image<\/li>\n<\/ul>\n<p>Auparavant propos\u00e9 \u00e0 2 490 euros, puis r\u00e9duit \u00e0 1 999 euros, le Samsung The Premiere 7 2024 est aujourd\u2019hui <a href=\"https:\/\/shop.frandroid.com\/6kym0c9z\" target=\"_blank\" rel=\"noreferrer noopener affiliate nofollow\" data-gtm=\"{&quot;event&quot;:&quot;afficlic&quot;,&quot;nom_marchand&quot;:&quot;boulanger&quot;,&quot;nom_produit&quot;:&quot;inconnu&quot;,&quot;categorie_produit&quot;:&quot;inconnu&quot;,&quot;module_produit&quot;:&quot;editolink&quot;,&quot;position_marchand&quot;:0,&quot;texte&quot;:&quot;disponible-en-promotion-a-1-499-euros-chez-boulanger&quot;,&quot;offer_url&quot;:&quot;https:\/\/shop.frandroid.com\/6kym0c9z&quot;,&quot;zone&quot;:&quot;contenu-page&quot;}\">disponible en promotion \u00e0 1 499 euros chez Boulanger<\/a>.<\/p>\n<p>Le march\u00e9 des aspirateurs balais est certes domin\u00e9 par Dyson, mais d\u2019autres marques ont aussi investi ce march\u00e9 avec succ\u00e8s. Prenons par exemple Samsung, qui a con\u00e7u plusieurs mod\u00e8les int\u00e9ressants, \u00e0 l\u2019image du Jet 85 Pro. Accompagn\u00e9 d\u2019une multitude d\u2019accessoires, dont un embout \u00e9quip\u00e9 de serpilli\u00e8res, cet appareil peut aspirer, mais aussi laver les sols correctement, tout en restant bien maniable. <\/p>\n<p><a href=\"https:\/\/images.frandroid.com\/wp-content\/uploads\/2025\/10\/samsung-jet-85-pro-black-friday-2025.jpg\" target=\"_blank\" class=\"article-content__figure\" rel=\"noopener\"><img loading=\"lazy\" decoding=\"async\" width=\"1200\" height=\"675\" src=\"https:\/\/www.europesays.com\/fr\/wp-content\/uploads\/2025\/11\/samsung-jet-85-pro-black-friday-2025-1200x675.jpg\" alt=\"\" class=\"wp-image-2849087 wp-image\"  \/><\/a><\/p>\n<ul class=\"wp-block-list\">\n<li>Un balai aspirateur maniable<\/li>\n<li>Une batterie d\u2019embouts pour toutes les situations<\/li>\n<li>Une autonomie de 60 minutes<\/li>\n<\/ul>\n<p>Initialement affich\u00e9 \u00e0 699 euros, le Samsung Jet 85 Pro est aujourd\u2019hui <a href=\"https:\/\/shop.frandroid.com\/jl8zw9p4\" target=\"_blank\" rel=\"noreferrer noopener affiliate nofollow\" data-gtm=\"{&quot;event&quot;:&quot;afficlic&quot;,&quot;nom_marchand&quot;:&quot;boulanger&quot;,&quot;nom_produit&quot;:&quot;inconnu&quot;,&quot;categorie_produit&quot;:&quot;inconnu&quot;,&quot;module_produit&quot;:&quot;editolink&quot;,&quot;position_marchand&quot;:0,&quot;texte&quot;:&quot;disponible-en-promotion-a-399-euros-chez-boulanger&quot;,&quot;offer_url&quot;:&quot;https:\/\/shop.frandroid.com\/jl8zw9p4&quot;,&quot;zone&quot;:&quot;contenu-page&quot;}\">disponible en promotion \u00e0 399 euros chez Boulanger<\/a>.<\/p>\n<p>Si vous voulez commencer \u00e0 \u00e9quiper votre domicile en \u00e9clairage connect\u00e9, alors vous aurez tout int\u00e9r\u00eat \u00e0 miser sur Philips Hue, dont les r\u00e9f\u00e9rences intelligentes comptent parmi les plus efficaces du march\u00e9. Facilement pilotables et riches en fonctionnalit\u00e9s, elles s\u2019int\u00e8grent dans un \u00e9cosyst\u00e8me vraiment fiable.<\/p>\n<p><a href=\"https:\/\/images.frandroid.com\/wp-content\/uploads\/2025\/10\/pack-philips-hue-black-friday-2025.jpg\" target=\"_blank\" class=\"article-content__figure\" rel=\"noopener\"><img loading=\"lazy\" decoding=\"async\" width=\"1200\" height=\"675\" src=\"https:\/\/www.europesays.com\/fr\/wp-content\/uploads\/2025\/11\/pack-philips-hue-black-friday-2025-1200x675.jpg\" alt=\"\" class=\"wp-image-2849079 wp-image\"  \/><\/a><\/p>\n<ul class=\"wp-block-list\">\n<li>Deux ampoules qui peuvent diffuser une lumi\u00e8re color\u00e9e et personnalis\u00e9e<\/li>\n<li>Un pont de connexion qui d\u00e9bloque de nombreuses fonctionnalit\u00e9s<\/li>\n<li>Un interrupteur pour contr\u00f4ler l\u2019\u00e9clairage<\/li>\n<li>Une prise pour transformer n\u2019importe quelle lampe en lampe intelligente<\/li>\n<\/ul>\n<p>Initialement affich\u00e9 \u00e0 199,99 euros, le pack d\u00e9couverte Philips Hue avec deux ampoules connect\u00e9es White &amp; Color, un Hue Bridge, un Smart Plug et un interrupteur\/variateur est aujourd\u2019hui <a href=\"https:\/\/shop.frandroid.com\/ypamd40j\" target=\"_blank\" rel=\"noreferrer noopener affiliate nofollow\" data-gtm=\"{&quot;event&quot;:&quot;afficlic&quot;,&quot;nom_marchand&quot;:&quot;boulanger&quot;,&quot;nom_produit&quot;:&quot;inconnu&quot;,&quot;categorie_produit&quot;:&quot;inconnu&quot;,&quot;module_produit&quot;:&quot;editolink&quot;,&quot;position_marchand&quot;:0,&quot;texte&quot;:&quot;disponible-en-promotion-a-89-99-euros-chez-boulanger&quot;,&quot;offer_url&quot;:&quot;https:\/\/shop.frandroid.com\/ypamd40j&quot;,&quot;zone&quot;:&quot;contenu-page&quot;}\">disponible en promotion \u00e0 89,99 euros chez Boulanger<\/a>.<\/p>\n<p>Il est peut-\u00eatre plus abordable que le Lenovo Yoga Slim 7 ci-dessus, ce HP OmniBook 5 m\u00e9rite tout de m\u00eame le coup d\u2019\u0153il vu qu\u2019il embarque un Snapdragon X \u00e0 8 c\u0153urs associ\u00e9 \u00e0 16 Go de RAM. Et Snapdragon X oblige, ce PC portable embarque \u00e9galement l\u2019assistant Copilot+. Une autre de ses caract\u00e9ristiques m\u00e9rite d\u2019\u00eatre mise \u00e0 l\u2019\u00e9preuve : son autonomie. Le constructeur am\u00e9ricain communique une endurance de 34 heures avant que la batterie ne tombe \u00e0 plat.<\/p>\n<p><a href=\"https:\/\/images.frandroid.com\/wp-content\/uploads\/2025\/10\/hp-omnibook-5.jpg\" target=\"_blank\" class=\"article-content__figure\" rel=\"noopener\"><img loading=\"lazy\" decoding=\"async\" width=\"1200\" height=\"675\" src=\"https:\/\/www.europesays.com\/fr\/wp-content\/uploads\/2025\/11\/hp-omnibook-5-1200x675.jpg\" alt=\"\" class=\"wp-image-2849327 wp-image\"  \/><\/a><\/p>\n<ul class=\"wp-block-list\">\n<li>Une dalle OLED de 16 pouces en Full HD<\/li>\n<li>Un Snapdragon X (8 c\u0153urs) avec 16 Go de RAM)<\/li>\n<li>Une autonomie de 34 heures selon HP<\/li>\n<\/ul>\n<p>Au lieu de 899,99 euros, le HP OmniBook 5 est aujourd\u2019hui disponible <a href=\"https:\/\/shop.frandroid.com\/rvsudua6\" data-type=\"link\" data-id=\"https:\/\/www.boulanger.com\/ref\/1222843\" target=\"_blank\" rel=\"noreferrer noopener affiliate nofollow\" data-gtm=\"{&quot;event&quot;:&quot;afficlic&quot;,&quot;nom_marchand&quot;:&quot;boulanger&quot;,&quot;nom_produit&quot;:&quot;inconnu&quot;,&quot;categorie_produit&quot;:&quot;inconnu&quot;,&quot;module_produit&quot;:&quot;editolink&quot;,&quot;position_marchand&quot;:0,&quot;texte&quot;:&quot;en-promotion-a-699-99-euros&quot;,&quot;offer_url&quot;:&quot;https:\/\/shop.frandroid.com\/rvsudua6&quot;,&quot;zone&quot;:&quot;contenu-page&quot;}\">en promotion \u00e0 699,99 euros<\/a> sur Boulanger.<\/p>\n<p>La Huawei Watch Fit 4 a beau \u00eatre la plus accessible des montres de la marque, elle offre un excellent suivi de sant\u00e9 et d\u2019activit\u00e9 pour un prix encore plus bas aujourd\u2019hui.<\/p>\n<p><a href=\"https:\/\/images.frandroid.com\/wp-content\/uploads\/2025\/10\/huawei-watch-fit-4-black-friday-2025.jpg\" target=\"_blank\" class=\"article-content__figure\" rel=\"noopener\"><img loading=\"lazy\" decoding=\"async\" width=\"1200\" height=\"675\" src=\"https:\/\/www.europesays.com\/fr\/wp-content\/uploads\/2025\/11\/huawei-watch-fit-4-black-friday-2025-1200x675.jpg\" alt=\"\" class=\"wp-image-2849629 wp-image\"  \/><\/a><\/p>\n<ul class=\"wp-block-list\">\n<li>Un \u00e9cran AMOLED 1,82 pouce ultra-lumineux<\/li>\n<li>Une autonomie d\u2019une dizaine de jours<\/li>\n<li>Un suivi complet, sommeil, SpO2, fr\u00e9quence cardiaque, stress et plus<\/li>\n<\/ul>\n<p>Au lieu de 169 euros, la Huawei Watch Fit 4 est aujourd\u2019hui disponible en promotion \u00e0 139 euros chez <a href=\"https:\/\/shop.frandroid.com\/a3dn4u23\" data-type=\"link\" data-id=\"https:\/\/www.boulanger.com\/ref\/1221713\" target=\"_blank\" rel=\"noreferrer noopener affiliate nofollow\" data-gtm=\"{&quot;event&quot;:&quot;afficlic&quot;,&quot;nom_marchand&quot;:&quot;boulanger&quot;,&quot;nom_produit&quot;:&quot;inconnu&quot;,&quot;categorie_produit&quot;:&quot;inconnu&quot;,&quot;module_produit&quot;:&quot;editolink&quot;,&quot;position_marchand&quot;:0,&quot;texte&quot;:&quot;boulanger-en-vous-abonnant&quot;,&quot;offer_url&quot;:&quot;https:\/\/shop.frandroid.com\/a3dn4u23&quot;,&quot;zone&quot;:&quot;contenu-page&quot;}\">Boulanger<\/a>. De plus, un bracelet suppl\u00e9mentaire est offert dans le panier !<\/p>\n<p>Si le constructeur fait beaucoup parler de ces casques et micros haut de gamme, il ne n\u00e9glige pas pour autant la qualit\u00e9 de ses produits au tarif plus limit\u00e9. Comme pour le HyperX Cloud Alpha, un casque gamer sorti en 2017 mais toujours recommandable aujourd\u2019hui, surtout \u00e0 moiti\u00e9 prix. <\/p>\n<p><a href=\"https:\/\/images.frandroid.com\/wp-content\/uploads\/2025\/10\/hyperx-cloud-alpha-black-friday-2025.jpg\" target=\"_blank\" class=\"article-content__figure\" rel=\"noopener\"><img loading=\"lazy\" decoding=\"async\" width=\"1200\" height=\"675\" src=\"https:\/\/www.europesays.com\/fr\/wp-content\/uploads\/2025\/11\/hyperx-cloud-alpha-black-friday-2025-1200x675.jpg\" alt=\"\" class=\"wp-image-2849619 wp-image\"  \/><\/a><\/p>\n<ul class=\"wp-block-list\">\n<li>Un casque filaire confortable<\/li>\n<li>Un son st\u00e9r\u00e9o de bonne qualit\u00e9<\/li>\n<li>Un micro de bonne facture<\/li>\n<\/ul>\n<p>Au lieu de 99,99 euros habituellement, le HyperX Cloud Alpha est maintenant disponible\u00a0<a href=\"https:\/\/shop.frandroid.com\/ja66kwx6\" data-type=\"link\" data-id=\"https:\/\/www.boulanger.com\/ref\/1173709?at_medium=affiliate&amp;at_campaign=boulanger&amp;at_type=64&amp;at_identifier=1395037010&amp;at_variant=EGC&amp;eff_cpt=13467184&amp;eff_sub1=ppr-fr-1797727504\" target=\"_blank\" rel=\"noreferrer noopener affiliate nofollow\" data-gtm=\"{&quot;event&quot;:&quot;afficlic&quot;,&quot;nom_marchand&quot;:&quot;boulanger&quot;,&quot;nom_produit&quot;:&quot;inconnu&quot;,&quot;categorie_produit&quot;:&quot;inconnu&quot;,&quot;module_produit&quot;:&quot;editolink&quot;,&quot;position_marchand&quot;:0,&quot;texte&quot;:&quot;en-promotion-a-49-99-euros-chez-boulanger&quot;,&quot;offer_url&quot;:&quot;https:\/\/shop.frandroid.com\/ja66kwx6&quot;,&quot;zone&quot;:&quot;contenu-page&quot;}\">en promotion \u00e0 49,99 euros chez Boulanger<\/a> et <a href=\"https:\/\/shop.frandroid.com\/3l9vl8ay\" target=\"_blank\" rel=\"noreferrer noopener affiliate nofollow\" data-gtm=\"{&quot;event&quot;:&quot;afficlic&quot;,&quot;nom_marchand&quot;:&quot;amazon_fr&quot;,&quot;nom_produit&quot;:&quot;inconnu&quot;,&quot;categorie_produit&quot;:&quot;inconnu&quot;,&quot;module_produit&quot;:&quot;editolink&quot;,&quot;position_marchand&quot;:0,&quot;texte&quot;:&quot;sur-amazon&quot;,&quot;offer_url&quot;:&quot;https:\/\/shop.frandroid.com\/3l9vl8ay&quot;,&quot;zone&quot;:&quot;contenu-page&quot;}\">sur Amazon<\/a>.<\/p>\n<p>Le Lenovo LOQ 15IRX10 est un laptop gamer taill\u00e9 pour la performance avec sa carte graphique puissante et son \u00e9cran bien fluide.<\/p>\n<p><a href=\"https:\/\/images.frandroid.com\/wp-content\/uploads\/2025\/10\/lenovo-loq-15irx10-black-friday-2025.jpg\" target=\"_blank\" class=\"article-content__figure\" rel=\"noopener\"><img loading=\"lazy\" decoding=\"async\" width=\"1200\" height=\"675\" src=\"https:\/\/www.europesays.com\/fr\/wp-content\/uploads\/2025\/11\/lenovo-loq-15irx10-black-friday-2025-1200x675.jpg\" alt=\"\" class=\"wp-image-2849083 wp-image\"  \/><\/a><\/p>\n<ul class=\"wp-block-list\">\n<li>Une dalle Full HD IPS de 15,6 pouces + 144 Hz<\/li>\n<li>Un Intel Core i7 de 13e gen \u00e9paul\u00e9 par 16 Go de RAM <\/li>\n<li>Une RTX 5070 pour jouer en 1440p<\/li>\n<\/ul>\n<p>Auparavant affich\u00e9 \u00e0 1 799,99 euros, le Lenovo LOQ 15IRX10 est aujourd\u2019hui <a href=\"https:\/\/shop.frandroid.com\/gqzvg1kk\" target=\"_blank\" rel=\"noreferrer noopener affiliate nofollow\" data-gtm=\"{&quot;event&quot;:&quot;afficlic&quot;,&quot;nom_marchand&quot;:&quot;boulanger&quot;,&quot;nom_produit&quot;:&quot;inconnu&quot;,&quot;categorie_produit&quot;:&quot;inconnu&quot;,&quot;module_produit&quot;:&quot;editolink&quot;,&quot;position_marchand&quot;:0,&quot;texte&quot;:&quot;disponible-en-promotion-a-1-299-99-euros-chez-boulanger&quot;,&quot;offer_url&quot;:&quot;https:\/\/shop.frandroid.com\/gqzvg1kk&quot;,&quot;zone&quot;:&quot;contenu-page&quot;}\">disponible en promotion \u00e0 1 299,99 euros chez Boulanger<\/a>.<\/p>\n<p>C\u2019est vrai qu\u2019il n\u2019y en a que pour les Samsung Galaxy S et parfois les pliants Z, mais ne jetons pas non plus les Galaxy A dans les orties. Ces smartphones \u00e0 un tarif beaucoup plus accessible misent sur l\u2019essentiel, ce qui est notamment le cas du Samsung Galaxy A17 4G. Vous pouvez vous r\u00e9f\u00e9rer \u00e0 <a href=\"https:\/\/www.frandroid.com\/test\/2770815_test-samsung-galaxy-a17-5g-arrivee-timide-lia-mais-aucune-evolution-technique-significative\" data-type=\"link\" data-id=\"https:\/\/www.frandroid.com\/test\/2770815_test-samsung-galaxy-a17-5g-arrivee-timide-lia-mais-aucune-evolution-technique-significative\" target=\"_blank\" rel=\"noopener\">notre test de la version 5G (7\/10)<\/a> qui partage beaucoup de points communs tels que la qualit\u00e9 de l\u2019\u00e9cran OLED ou le suivi logiciel de 6 ans.<\/p>\n<p><a href=\"https:\/\/images.frandroid.com\/wp-content\/uploads\/2025\/10\/samsung-galaxy-a17-4g.jpg\" target=\"_blank\" class=\"article-content__figure\" rel=\"noopener\"><img loading=\"lazy\" decoding=\"async\" width=\"1200\" height=\"675\" src=\"https:\/\/www.europesays.com\/fr\/wp-content\/uploads\/2025\/11\/samsung-galaxy-a17-4g-1200x675.jpg\" alt=\"\" class=\"wp-image-2849257 wp-image\"  \/><\/a><\/p>\n<ul class=\"wp-block-list\">\n<li>One UI et le suivi logiciel avec 6 ans de MAJ Android<\/li>\n<li>Un appareil photo plut\u00f4t bon, avec un nouveau stabilisateur<\/li>\n<li>Une batterie de 5 000 mAh et une recharge de 25 W<\/li>\n<\/ul>\n<p>Au lieu de 199,99 euros, le Samsung Galaxy A17 (128 Go) est aujourd\u2019hui disponible <a href=\"https:\/\/shop.frandroid.com\/a86r5juq\" data-type=\"link\" data-id=\"https:\/\/www.boulanger.com\/ref\/1227532\" target=\"_blank\" rel=\"noreferrer noopener affiliate nofollow\" data-gtm=\"{&quot;event&quot;:&quot;afficlic&quot;,&quot;nom_marchand&quot;:&quot;boulanger&quot;,&quot;nom_produit&quot;:&quot;inconnu&quot;,&quot;categorie_produit&quot;:&quot;inconnu&quot;,&quot;module_produit&quot;:&quot;editolink&quot;,&quot;position_marchand&quot;:0,&quot;texte&quot;:&quot;en-promotion-a-179-euros&quot;,&quot;offer_url&quot;:&quot;https:\/\/shop.frandroid.com\/a86r5juq&quot;,&quot;zone&quot;:&quot;contenu-page&quot;}\">en promotion \u00e0 179 euros<\/a> sur Amazon.<\/p>\n<p>Son nom laisse penser \u00e0 un mod\u00e8le au rabais, mais le Honor 400 Lite ne se laisse pas r\u00e9sumer en un mot. Il affiche un design \u00e9l\u00e9gant, 7,3 mm d\u2019\u00e9paisseur, un dos satin\u00e9, et un poids plume de 171 g qui le rend agr\u00e9able \u00e0 utiliser d\u2019une seule main.<\/p>\n<p><a href=\"https:\/\/images.frandroid.com\/wp-content\/uploads\/2025\/10\/honor-400-lite-buds-black-friday-frandroid.jpg\" target=\"_blank\" class=\"article-content__figure\" rel=\"noopener\"><img loading=\"lazy\" decoding=\"async\" width=\"1200\" height=\"675\" src=\"https:\/\/www.europesays.com\/fr\/wp-content\/uploads\/2025\/11\/honor-400-lite-buds-black-friday-frandroid-1200x675.jpg\" alt=\"\" class=\"wp-image-2849301 wp-image\"  \/><\/a><\/p>\n<ul class=\"wp-block-list\">\n<li>Un smartphone \u00e9l\u00e9gant avec une belle dalle AMOLED<\/li>\n<li>Un capteur photo principal de 108 m\u00e9gapixels<\/li>\n<li>Des \u00e9couteurs ultra-l\u00e9gers avec r\u00e9duction de bruit<\/li>\n<\/ul>\n<p>Au lieu de 301,99 euros, le duo Honor 400 Lite et Buds Choice X7i est <a href=\"https:\/\/shop.frandroid.com\/zc2w5nza\" target=\"_blank\" rel=\"noreferrer noopener affiliate nofollow\" data-gtm=\"{&quot;event&quot;:&quot;afficlic&quot;,&quot;nom_marchand&quot;:&quot;boulanger&quot;,&quot;nom_produit&quot;:&quot;inconnu&quot;,&quot;categorie_produit&quot;:&quot;inconnu&quot;,&quot;module_produit&quot;:&quot;editolink&quot;,&quot;position_marchand&quot;:0,&quot;texte&quot;:&quot;aujourd-hui-disponible-en-promotion-a-199-99-euros-sur-boulanger&quot;,&quot;offer_url&quot;:&quot;https:\/\/shop.frandroid.com\/zc2w5nza&quot;,&quot;zone&quot;:&quot;contenu-page&quot;}\">aujourd\u2019hui disponible en promotion \u00e0 199,99 euros sur Boulanger<\/a>. <\/p>\n<p>Entre t\u00e9l\u00e9viseurs trop plats et dialogues qu\u2019on devine plus qu\u2019on entend, la barre de son Samsung B-Series HW-B660F arrive comme un sauveur, surtout \u00e0 moins de 200 euros. <\/p>\n<p><a href=\"https:\/\/images.frandroid.com\/wp-content\/uploads\/2025\/10\/samsung-b-series-hw-b660f-black-friday-frandroid.jpg\" target=\"_blank\" class=\"article-content__figure\" rel=\"noopener\"><img loading=\"lazy\" decoding=\"async\" width=\"1200\" height=\"675\" src=\"https:\/\/www.europesays.com\/fr\/wp-content\/uploads\/2025\/11\/samsung-b-series-hw-b660f-black-friday-frandroid-1200x675.jpg\" alt=\"\" class=\"wp-image-2849245 wp-image\"  \/><\/a><\/p>\n<ul class=\"wp-block-list\">\n<li>Un son spatial Dolby Atmos<\/li>\n<li>Un caisson de basses sans fil<\/li>\n<li>Des modes jeu et nuit pour s\u2019adapter \u00e0 chaque contenu<\/li>\n<\/ul>\n<p>Au lieu de 329 euros, la Samsung HW-B660F est <a href=\"https:\/\/shop.frandroid.com\/r2vea1pn\" target=\"_blank\" rel=\"noreferrer noopener affiliate nofollow\" data-gtm=\"{&quot;event&quot;:&quot;afficlic&quot;,&quot;nom_marchand&quot;:&quot;fnac&quot;,&quot;nom_produit&quot;:&quot;inconnu&quot;,&quot;categorie_produit&quot;:&quot;inconnu&quot;,&quot;module_produit&quot;:&quot;editolink&quot;,&quot;position_marchand&quot;:0,&quot;texte&quot;:&quot;aujourd-hui-disponible-en-promotion-a-199-euros-sur-la-fnac&quot;,&quot;offer_url&quot;:&quot;https:\/\/shop.frandroid.com\/r2vea1pn&quot;,&quot;zone&quot;:&quot;contenu-page&quot;}\">aujourd\u2019hui disponible en promotion \u00e0 199 euros sur la Fnac<\/a>, ainsi <a href=\"https:\/\/shop.frandroid.com\/ah2qnaai\" target=\"_blank\" rel=\"noreferrer noopener affiliate nofollow\" data-gtm=\"{&quot;event&quot;:&quot;afficlic&quot;,&quot;nom_marchand&quot;:&quot;darty&quot;,&quot;nom_produit&quot;:&quot;inconnu&quot;,&quot;categorie_produit&quot;:&quot;inconnu&quot;,&quot;module_produit&quot;:&quot;editolink&quot;,&quot;position_marchand&quot;:0,&quot;texte&quot;:&quot;que-sur-darty&quot;,&quot;offer_url&quot;:&quot;https:\/\/shop.frandroid.com\/ah2qnaai&quot;,&quot;zone&quot;:&quot;contenu-page&quot;}\">que sur Darty<\/a>.<\/p>\n<p>Le Pixel 10 est la nouvelle it\u00e9ration du smartphone devenu culte de Google. Il poursuit le sillon creus\u00e9 par le g\u00e9ant de Mountain View avec son savoir-faire en photo, et surtout l\u2019IA omnipr\u00e9sente. <\/p>\n<p><a href=\"https:\/\/images.frandroid.com\/wp-content\/uploads\/2025\/10\/google-pixel-10-pre-black-friday-frandroid.jpg\" target=\"_blank\" class=\"article-content__figure\" rel=\"noopener\"><img loading=\"lazy\" decoding=\"async\" width=\"1200\" height=\"675\" src=\"https:\/\/www.europesays.com\/fr\/wp-content\/uploads\/2025\/11\/google-pixel-10-pre-black-friday-frandroid-1200x675.jpg\" alt=\"\" class=\"wp-image-2849057 wp-image\"  \/><\/a><\/p>\n<ul class=\"wp-block-list\">\n<li>Une dalle LTPO OLED cadenc\u00e9e \u00e0 120 Hz<\/li>\n<li>Le SoC Tensor G5 parfaitement optimis\u00e9<\/li>\n<li>Un t\u00e9l\u00e9objectif x5 et de l\u2019IA partout<\/li>\n<\/ul>\n<p>Au lieu de 899 euros, le Google Pixel 10 est aujourd\u2019hui disponible <a href=\"https:\/\/shop.frandroid.com\/mughnire\" target=\"_blank\" rel=\"noreferrer noopener affiliate nofollow\">en promotion \u00e0 699 euros sur Boulanger<\/a>, en faisant <a href=\"https:\/\/boulanger.scene7.com\/is\/content\/Boulanger\/2.B.com\/Commerce\/EMS\/bonusrachat.pdf\" data-type=\"link\" data-id=\"https:\/\/boulanger.scene7.com\/is\/content\/Boulanger\/2.B.com\/Commerce\/EMS\/bonusrachat.pdf\" target=\"_blank\" rel=\"noreferrer noopener nofollow\">fonctionner le bonus de reprise<\/a>.<\/p>\n<p>Les dates du Black Friday en France<\/p>\n<p>Aux \u00c9tats-Unis, les dates du Black Friday sont fix\u00e9es <strong>du vendredi 28 au dimanche 30 novembre 2025 inclus<\/strong>. En France, c\u2019est un peu plus compliqu\u00e9 que \u00e7a, puisque les promotions commencent d\u00e8s maintenant sous le signe de l\u2019avant-premi\u00e8re. Dans tous les cas, le c\u00e9l\u00e8bre <strong><a href=\"https:\/\/www.frandroid.com\/tag\/cyber-monday\" target=\"_blank\" rel=\"noopener\">Cyber Monday<\/a><\/strong> cl\u00f4turera le tout pendant la journ\u00e9e du lundi 1er d\u00e9cembre.<\/p>\n<p>Les e-commer\u00e7ants participants<\/p>\n<p>Black Friday 2025 : pour ne rien rater des offres en avant-premi\u00e8re<\/p>\n<p>Le v\u00e9ritable Black Friday ne commencera que le 28 novembre prochain, mais les e-commer\u00e7ants ont d\u00e9j\u00e0 partag\u00e9 des offres en avance. Une aubaine si vous voulez anticiper vos achats de fin d\u2019ann\u00e9e. <\/p>\n<p>Si vous n\u2019avez pas trouv\u00e9 votre bonheur dans les s\u00e9lections pr\u00e9c\u00e9demment cit\u00e9es, voici ce qu\u2019il vous reste \u00e0 faire : <\/p>\n<ul class=\"wp-block-list\">\n<li>Suivez notre compte X\u00a0<a href=\"https:\/\/twitter.com\/FrandroidPromos\" target=\"_blank\" rel=\"noreferrer noopener\">@FrandroidPromos<\/a> uniquement d\u00e9di\u00e9 aux bons plans (pensez \u00e0 activer la cloche pour recevoir les notifications en temps r\u00e9el)<\/li>\n<li><a href=\"https:\/\/whatsapp.com\/channel\/0029VabYxm5LI8YhSlD8xc05\" target=\"_blank\" rel=\"noreferrer noopener\">Rejoignez notre canal WhatsApp<\/a> pour recevoir une fois par jour un condens\u00e9 des meilleures offres<\/li>\n<li>T\u00e9l\u00e9chargez notre <a href=\"https:\/\/www.frandroid.com\/telecharger\/apps\/frandroid\" target=\"_blank\" rel=\"noreferrer noopener\">application Frandroid<\/a> (disponible sur iOS et Android) pour activer les notifications de la cat\u00e9gorie \u00ab Bons Plans \u00bb et ainsi recevoir en temps r\u00e9el les nouveaux articles li\u00e9s aux Black Friday 2025<\/li>\n<li>Abonnez-vous \u00e0 notre newsletter pour \u00eatre s\u00fbr de recevoir les offres en avant-premi\u00e8re (pas plus d\u2019un mail par jour, d\u00e9sinscription en 1 clic, aucune diffusion \u00e0 des tiers) :<\/li>\n<\/ul>\n<p class=\"newsletter-form__title is-size-6 is-size-7-mobile is-uppercase has-text-good-deals has-text-weight-semibold mb-4 px-5\">Frandroid Bons plans<\/p>\n<p class=\"has-text-centered-tablet newsletter-form__subtitle is-size-4 has-text-weight-bold has-text-primary column is-9-tablet is-10-mobile\">\n                C\u2019est enregistr\u00e9 ! Surveillez votre bo\u00eete aux lettres, vous allez entendre parler de nous\u00a0!\n            <\/p>\n<p class=\"newsletter-form__subtitle is-size-4 has-text-weight-bold has-text-gradient-pink\">Ne manquez aucun bon plan avec notre newsletter<\/p>\n<p class=\"is-size-7\">\n                Les donn\u00e9es transmises par le biais de ce formulaire sont destin\u00e9es \u00e0 Humanoid,<br \/>\n                soci\u00e9t\u00e9 \u00e9ditrice du site Frandroid en sa qualit\u00e9 de responsable de traitement.<br \/>\n                Elles ne seront en aucun cas c\u00e9d\u00e9es \u00e0 des tiers. Ces donn\u00e9es sont trait\u00e9es sous r\u00e9serve d\u2019obtention de<br \/>\n                votre consentement pour vous envoyer par e-mail des actualit\u00e9s et informations relatives aux contenus<br \/>\n                \u00e9ditoriaux publi\u00e9s sur Frandroid. Vous pouvez vous opposer \u00e0 tout moment \u00e0 ces e-mails<br \/>\n                en cliquant sur les liens de d\u00e9sinscriptions pr\u00e9sents dans chacun d\u2019eux. Pour plus d\u2019informations, vous<br \/>\n                pouvez consulter l\u2019int\u00e9gralit\u00e9 de notre <a href=\"https:\/\/www.frandroid.com\/politique-donnees-personnelles\" target=\"_blank\" rel=\"noopener\"><br \/>\n                politique de traitement de vos donn\u00e9es personnelles<\/a>.<br \/>\n                Vous disposez d\u2019un droit d\u2019acc\u00e8s, de rectification, d\u2019effacement, de limitation, de portabilit\u00e9 et<br \/>\n                d\u2019opposition pour motif l\u00e9gitime aux donn\u00e9es personnelles vous concernant. Pour exercer l\u2019un de ces droits,<br \/>\n                merci d\u2019effectuer votre demande via notre <a href=\"https:\/\/www.frandroid.com\/contact\/#RGPD\" target=\"_blank\" rel=\"noopener\">formulaire<br \/>\n                de demandes d\u2019exercices de droits d\u00e9di\u00e9<\/a>.\n            <\/p>\n<p>            <script async src=\"https:\/\/platform.twitter.com\/widgets.js\" charset=\"utf-8\"><\/script><\/p>\n","protected":false},"excerpt":{"rendered":"Non, vous ne r\u00eavez pas ! Novembre commence \u00e0 peine que le Black Friday commence d\u00e9j\u00e0 chez certains&hellip;\n","protected":false},"author":2,"featured_media":511095,"comment_status":"","ping_status":"","sticky":false,"template":"","format":"standard","meta":{"footnotes":""},"categories":[7],"tags":[62374,13052,1011,27,43,40,41,39,42,44],"class_list":{"0":"post-511094","1":"post","2":"type-post","3":"status-publish","4":"format-standard","5":"has-post-thumbnail","7":"category-sciences-et-technologies","8":"tag-black-friday-2025","9":"tag-bons-plans-rakuten","10":"tag-fr","11":"tag-france","12":"tag-science","13":"tag-science-and-technology","14":"tag-sciences","15":"tag-sciences-et-technologies","16":"tag-technologies","17":"tag-technology"},"share_on_mastodon":{"url":"https:\/\/pubeurope.com\/@fr\/115491400575067475","error":""},"_links":{"self":[{"href":"https:\/\/www.europesays.com\/fr\/wp-json\/wp\/v2\/posts\/511094","targetHints":{"allow":["GET"]}}],"collection":[{"href":"https:\/\/www.europesays.com\/fr\/wp-json\/wp\/v2\/posts"}],"about":[{"href":"https:\/\/www.europesays.com\/fr\/wp-json\/wp\/v2\/types\/post"}],"author":[{"embeddable":true,"href":"https:\/\/www.europesays.com\/fr\/wp-json\/wp\/v2\/users\/2"}],"replies":[{"embeddable":true,"href":"https:\/\/www.europesays.com\/fr\/wp-json\/wp\/v2\/comments?post=511094"}],"version-history":[{"count":0,"href":"https:\/\/www.europesays.com\/fr\/wp-json\/wp\/v2\/posts\/511094\/revisions"}],"wp:featuredmedia":[{"embeddable":true,"href":"https:\/\/www.europesays.com\/fr\/wp-json\/wp\/v2\/media\/511095"}],"wp:attachment":[{"href":"https:\/\/www.europesays.com\/fr\/wp-json\/wp\/v2\/media?parent=511094"}],"wp:term":[{"taxonomy":"category","embeddable":true,"href":"https:\/\/www.europesays.com\/fr\/wp-json\/wp\/v2\/categories?post=511094"},{"taxonomy":"post_tag","embeddable":true,"href":"https:\/\/www.europesays.com\/fr\/wp-json\/wp\/v2\/tags?post=511094"}],"curies":[{"name":"wp","href":"https:\/\/api.w.org\/{rel}","templated":true}]}}