{"id":511119,"date":"2025-11-04T12:31:12","date_gmt":"2025-11-04T12:31:12","guid":{"rendered":"https:\/\/www.europesays.com\/fr\/511119\/"},"modified":"2025-11-04T12:31:12","modified_gmt":"2025-11-04T12:31:12","slug":"au-debut-la-metropole-netait-pas-daccord","status":"publish","type":"post","link":"https:\/\/www.europesays.com\/fr\/511119\/","title":{"rendered":"\u00ab Au d\u00e9but, la M\u00e9tropole n&rsquo;\u00e9tait pas d&rsquo;accord \u00bb"},"content":{"rendered":"<p>            Par<br \/>\n        <strong><br \/>\n            <a href=\"https:\/\/actu.fr\/auteur\/emilien-jacques\" title=\"Consulter tous les articles de Emilien Jacques\" target=\"_blank\" rel=\"noopener\">Emilien Jacques<\/a><br \/>\n        <\/strong><\/p>\n<p>        Publi\u00e9 le<\/p>\n<p>            4 nov. 2025 \u00e0 12h18        <\/p>\n<p><strong>Deux heures d\u2019\u00e9clairage public suppl\u00e9mentaires<\/strong>. C\u2019est ce dont b\u00e9n\u00e9ficient les habitants <a href=\"https:\/\/actu.fr\/normandie\/isneauville_76377\" target=\"_blank\" rel=\"noopener\">d\u2019Isneauville<\/a>, pr\u00e8s de Rouen, depuis la mi-octobre, apr\u00e8s que la commune a d\u00e9cid\u00e9 d\u2019allonger la dur\u00e9e de l\u2019\u00e9clairage nocturne. Celui-ci est d\u00e9sormais interrompu de 1 h \u00e0 5 h, alors qu\u2019il l\u2019\u00e9tait de 23 h \u00e0 6 h auparavant.<\/p>\n<p>Horaires adapt\u00e9s aux transports en commun<\/p>\n<p class=\" wall-content\">Cette d\u00e9cision a \u00e9t\u00e9 motiv\u00e9e<strong> par une demande des habitants<\/strong> en lien avec les transports en commun. La ligne de bus F1, dont le terminus se situe \u00e0 l\u2019entr\u00e9e d\u2019Isneauville (arr\u00eat Plaine de la Ronce) dessert la commune jusqu\u2019\u00e0 minuit pass\u00e9e. Or, la configuration de la ville est telle que certains habitants doivent effectuer <strong>un long trajet \u00e0 pied<\/strong> pour rejoindre leur domicile. Trajet effectu\u00e9 dans le noir lorsque les lumi\u00e8res s\u2019\u00e9teignent \u00e0 23 h et que les usagers utilisent les derniers bus.<\/p>\n<p class=\" wall-content\">La maire Sylvie Laroche a donc d\u00e9cid\u00e9 d\u2019interrompre l\u2019\u00e9clairage \u00e0 1 h. Elle explique : \u00ab Il y a des gens qui peuvent mettre <strong>30 minutes pour rentrer chez eux en sortant du F1<\/strong>. Je comprends que traverser la ville en pleine nuit, sans \u00e9clairage, puisse ne pas \u00eatre rassurant \u00bb. L\u2019\u00e9lue prend notamment en exemple \u00ab les jeunes qui sortent le soir et aussi les gens qui travaillent avec des horaires d\u00e9cal\u00e9s \u00bb.<\/p>\n<p class=\" wall-content\">Cette mesure s\u2019applique sur l\u2019ensemble du territoire communal, \u00e0 l\u2019exception de la route de Neufch\u00e2tel, la rue de l\u2019\u00c9glise et la rue Augustin Fresnel, en raison du dispositif de vid\u00e9oprotection dont ces trois rues sont \u00e9quip\u00e9es.<\/p>\n<p>N\u00e9gociations avec la M\u00e9tropole<\/p>\n<p class=\" wall-content\">Ces ajustements ont \u00e9t\u00e9 rendus possible <strong>par de longues tractations avec la M\u00e9tropole<\/strong>, comp\u00e9tente en mati\u00e8re d\u2019\u00e9clairage public. \u00ab \u00c7a fait plus d\u2019un an qu\u2019on souhaite rallumer partiellement. Au d\u00e9but, la M\u00e9tropole n\u2019\u00e9tait pas d\u2019accord. mais nous \u00e9tions plusieurs communes \u00e0 vouloir rallumer \u00bb, rapporte Sylvie Laroche.<\/p>\n<p class=\" wall-content\">Des discussions ont alors eu lieu \u00e0 l\u2019\u00e9t\u00e9 dernier entre les \u00e9lus communaux et m\u00e9tropolitains. Elles ont d\u00e9bouch\u00e9, fin septembre,<strong> \u00e0 un accord financier adapt\u00e9<\/strong>. Les communes optant pour un simple ajustement horaire de leur \u00e9clairage nocturne, comme Isneauville, verront le surco\u00fbt engendr\u00e9 pris en charge par la M\u00e9tropole. En revanche, les communes d\u00e9cidant de maintenir leur \u00e9clairage toute la nuit <strong>assumeront \u00e0 elles seules le surco\u00fbt.<\/strong><\/p>\n<p>Votre r\u00e9gion, votre actu !<\/p>\n<p>Recevez chaque jour les infos qui comptent pour vous.<\/p>\n<p>\t<a href=\"https:\/\/actu.fr\/newsletter\" class=\"ac-btn ac-btn--corner ac-btn--medium ac-btn--blue800\" target=\"_blank\" rel=\"noopener\">S&rsquo;incrire<\/a><\/p>\n<p class=\" wall-content\">La volont\u00e9 de Sylvie Laroche de ne pas avoir recours \u00e0 un \u00e9clairage nocturne int\u00e9gral comporte un int\u00e9r\u00eat financier, mais s\u2019inscrit aussi dans une d\u00e9marche de sobri\u00e9t\u00e9 \u00e9nerg\u00e9tique. \u00ab On va bient\u00f4t \u00eatre \u00e9quip\u00e9s en ampoules \u00e0 basse consommation d\u2019\u00e9nergie \u00bb, informe par ailleurs l\u2019\u00e9lue qui s\u2019attache \u00e0 trouver un \u00e9quilibre entre le respect de l\u2019environnement et le confort des habitants.<\/p>\n<p>Suivez l\u2019actualit\u00e9 de Rouen <a href=\"https:\/\/www.whatsapp.com\/channel\/0029VaKfnf99hXF2ddApFB1D\" target=\"_blank\" rel=\"noopener\">sur notre cha\u00eene WhatsApp<\/a> et <a href=\"https:\/\/www.tiktok.com\/@76actu.fr?lang=fr\" target=\"_blank\" rel=\"noopener\">sur notre compte TikTok<\/a><\/p>\n<p class=\" wall-content\">Personnalisez votre actualit\u00e9 en ajoutant vos villes et m\u00e9dias en favori avec <a href=\"https:\/\/moncompte.actu.fr\" title=\"D\u00e9couvez Mon Actu\" rel=\"nofollow noopener\" data-trk=\"{&quot;cta&quot;:{&quot;action&quot;:&quot;https:\\\/\\\/moncompte.actu.fr&quot;,&quot;category&quot;:&quot;mon compte&quot;,&quot;from&quot;:&quot;article footer&quot;,&quot;name&quot;:&quot;Mon actu&quot;,&quot;type&quot;:&quot;cta&quot;}}\" target=\"_blank\">Mon Actu<\/a>.<\/p>\n<p>                    <script async src=\"\/\/www.tiktok.com\/embed.js\"><\/script><\/p>\n","protected":false},"excerpt":{"rendered":"Par Emilien Jacques Publi\u00e9 le 4 nov. 2025 \u00e0 12h18 Deux heures d\u2019\u00e9clairage public suppl\u00e9mentaires. C\u2019est ce dont&hellip;\n","protected":false},"author":2,"featured_media":511120,"comment_status":"","ping_status":"","sticky":false,"template":"","format":"standard","meta":{"footnotes":""},"categories":[9587],"tags":[1111,11,1777,674,1011,27,2825,9725,12,5161,25,9590,104,2803],"class_list":{"0":"post-511119","1":"post","2":"type-post","3":"status-publish","4":"format-standard","5":"has-post-thumbnail","7":"category-rouen","8":"tag-actu","9":"tag-actualites","10":"tag-eu","11":"tag-europe","12":"tag-fr","13":"tag-france","14":"tag-insecurite","15":"tag-metropole-rouen","16":"tag-news","17":"tag-normandie","18":"tag-republique-francaise","19":"tag-rouen","20":"tag-societe","21":"tag-transport"},"share_on_mastodon":{"url":"https:\/\/pubeurope.com\/@fr\/115491444267143192","error":""},"_links":{"self":[{"href":"https:\/\/www.europesays.com\/fr\/wp-json\/wp\/v2\/posts\/511119","targetHints":{"allow":["GET"]}}],"collection":[{"href":"https:\/\/www.europesays.com\/fr\/wp-json\/wp\/v2\/posts"}],"about":[{"href":"https:\/\/www.europesays.com\/fr\/wp-json\/wp\/v2\/types\/post"}],"author":[{"embeddable":true,"href":"https:\/\/www.europesays.com\/fr\/wp-json\/wp\/v2\/users\/2"}],"replies":[{"embeddable":true,"href":"https:\/\/www.europesays.com\/fr\/wp-json\/wp\/v2\/comments?post=511119"}],"version-history":[{"count":0,"href":"https:\/\/www.europesays.com\/fr\/wp-json\/wp\/v2\/posts\/511119\/revisions"}],"wp:featuredmedia":[{"embeddable":true,"href":"https:\/\/www.europesays.com\/fr\/wp-json\/wp\/v2\/media\/511120"}],"wp:attachment":[{"href":"https:\/\/www.europesays.com\/fr\/wp-json\/wp\/v2\/media?parent=511119"}],"wp:term":[{"taxonomy":"category","embeddable":true,"href":"https:\/\/www.europesays.com\/fr\/wp-json\/wp\/v2\/categories?post=511119"},{"taxonomy":"post_tag","embeddable":true,"href":"https:\/\/www.europesays.com\/fr\/wp-json\/wp\/v2\/tags?post=511119"}],"curies":[{"name":"wp","href":"https:\/\/api.w.org\/{rel}","templated":true}]}}