{"id":511200,"date":"2025-11-04T13:18:12","date_gmt":"2025-11-04T13:18:12","guid":{"rendered":"https:\/\/www.europesays.com\/fr\/511200\/"},"modified":"2025-11-04T13:18:12","modified_gmt":"2025-11-04T13:18:12","slug":"nicolas-canteloup-remporte-un-jackpot-en-justice-ne-le-cherchez-pas","status":"publish","type":"post","link":"https:\/\/www.europesays.com\/fr\/511200\/","title":{"rendered":"Nicolas Canteloup remporte un jackpot en justice : ne le cherchez pas !"},"content":{"rendered":"<p><strong>Ce 4 novembre 2025, Nicolas Canteloup f\u00eate ses 62 ans. <\/strong>Les Fran\u00e7ais l\u2019adorent pour ses imitations hilarantes et son humour corrosif, qui d\u00e9zinguent politiques et stars sans piti\u00e9. <\/p>\n<p>Sur TF1, il a cartonn\u00e9 entre 2011 et 2025 avec \u00ab\u00a0Apr\u00e8s le 20H c\u2019est Canteloup\u00a0\u00bb (devenu \u00ab\u00a0C\u2019est Canteloup\u00a0\u00bb en 2013). Dans cette pastille satirique quotidienne \u00e0 <a href=\"https:\/\/www.public.fr\/alessandra-sublet-ses-emouvants-adieux-a-c-canteloup\" target=\"_blank\" rel=\"noopener\">20h45 o\u00f9, avec H\u00e9l\u00e8ne Mannarino<\/a>, il <strong>parodie l\u2019actualit\u00e9 en d\u00e9tournant images et voix.<br \/><\/strong><br \/>Mais sa gloire doit beaucoup \u00e0 Canal+, o\u00f9 il a brill\u00e9 de 1995 \u00e0 2011 dans Les Guignols de l\u2019info. Une collaboration f\u00e9conde qui a mal tourn\u00e9. Licenci\u00e9 pour \u00ab\u00a0faute grave\u00a0\u00bb en pleine rivalit\u00e9 avec TF1,<strong> il a tra\u00een\u00e9 la cha\u00eene en justice pendant des ann\u00e9es.<\/strong><\/p>\n<p>L\u2019\u00e2ge d\u2019or des Guignols<\/p>\n<p>De juillet 1995 \u00e0 2011, Nicolas Canteloup est un des piliers vocaux des Guignols de l\u2019info sur Canal+ (avec notamment Yves Lecoq). Il pr\u00eate sa voix \u00e0 une quarantaine de personnalit\u00e9s. Il va de Fran\u00e7ois Bayrou, Fran\u00e7ois Hollande, Nelson Montfort, Richard Virenque, Fabien Barthez, Bernard Laporte, Aim\u00e9 Jacquet, mais aussi et m\u00eame Carla Bruni !<\/p>\n<p>En 2004, il confie au Parisien qu&rsquo;il ne court pas apr\u00e8s les apparitions au petit \u00e9cran. \u00ab\u00a0Pas vraiment, confirme-t-il. En fait, la base de nom m\u00e9tier, c&rsquo;est plut\u00f4t la sc\u00e8ne et\u2026 les Guignols\u00a0\u00bb.<\/p>\n<p>Cette \u00e9poque est g\u00e9niale pour la com\u00e9die crypt\u00e9e : les Guignols, lanc\u00e9s en 1988, deviennent un ph\u00e9nom\u00e8ne culturel, moquant l\u2019actualit\u00e9 avec une libert\u00e9 totale. Nicolas Canteloup enregistre souvent \u00e0 distance, une \u00e0 deux fois par semaine, gr\u00e2ce \u00e0 un statut privil\u00e9gi\u00e9. Canal+ le paie grassement, plus de 20 000 euros brut par mois via des CDD successifs. <strong>\u00ab\u00a0Les Guignols, c\u2019\u00e9tait une famille, une machine \u00e0 humour imparable\u00a0\u00bb<\/strong>, confiait-il plus tard.<\/p>\n<p>Spectacles, Drucker, puis TF1<\/p>\n<p>Gr\u00e2ce aux Guignols, Canteloup explose. En 2001, il appara\u00eet dans Dr\u00f4le de sc\u00e8ne sur M6, sa premi\u00e8re t\u00e9l\u00e9 en solo. D\u00e8s 2003, il squatte <strong>Vivement dimanche prochain de Michel Drucker<\/strong> sur France 2, jusqu\u2019en 2011, imitant en live pour des millions de fans. <\/p>\n<p>Et sur sc\u00e8ne aussi, c\u2019est l\u2019euphorie : Olympia en 2005, Palais des Glaces, tourn\u00e9es nationales. En 2008, 2e Couche triomphe, retransmis en direct de Nantes en 2010. \u00c0 la radio, \u00e0 partir de 2005, il anime La Revue de presque en matinale d\u2019Europe 1. France 2 lui offre m\u00eame une soir\u00e9e en 2008 : Canteloup, y es-tu ?. <\/p>\n<p>Mais TF1 frappe \u00e0 la porte : en 2011, on lui propose Apr\u00e8s le 20H c\u2019est Canteloup avec Nikos Aliagas. D\u00e8s qu\u2019il dit oui, l\u2019enfer commence \u00e0 Canal. \u00ab\u00a0Son arriv\u00e9e sur TF1 \u00e0 la rentr\u00e9e pour une pastille d\u2019humour n&rsquo;aurait pas arrang\u00e9 les rapports entre Nicolas Canteloup et la cha\u00eene crypt\u00e9e\u00a0\u00bb, \u00e9crivait Le Parisien. Canal+ tente de le faire d\u00e9missionner, lui reproche son <strong>\u00ab\u00a0comportement impr\u00e9visible\u00a0\u00bb<\/strong> et refuse les enregistrements \u00e0 distance, imposant une pr\u00e9sence physique pour le bloquer. \u00ab\u00a0Votre comportement impr\u00e9visible conduit \u00e0 la d\u00e9sorganisation de nos services\u00a0\u00bb, ass\u00e8ne un mail de Canal le 20 septembre 2011, mettant fin \u00e0 16 ans de collaboration.<\/p>\n<p>Nicolas Canteloup re\u00e7oit 287 000 euros<\/p>\n<p>Licenci\u00e9 pour \u00ab\u00a0faute grave\u00a0\u00bb, Canteloup saisit les prud\u2019hommes en 2011, r\u00e9clamant une requalification de ses CDD en CDI et r\u00e9paration pour \u00ab\u00a0licenciement sans cause r\u00e9elle et s\u00e9rieuse\u00a0\u00bb. L\u2019affaire rebondit : Cour d\u2019appel de Versailles, Cour de cassation, retour \u00e0 Versailles. Cinq ans plus tard, en 2016, il obtient gain de cause. <\/p>\n<p>\u00ab\u00a0Les juges ont donn\u00e9 raison \u00e0 l&rsquo;imitateur : ils ont ordonn\u00e9 une requalification en CDI et rejet\u00e9 les accusations de \u2018faute grave\u2019 avanc\u00e9es par Canal+\u00a0\u00bb, rapportait Le Figaro. Nulle Part Ailleurs Production, filiale de Canal, est condamn\u00e9e <strong>\u00e0 22 000 euros d\u2019indemnit\u00e9 de requalification, 150 000 euros pour licenciement abusif, 48 250 euros de pr\u00e9avis, 4 825 euros de cong\u00e9s pay\u00e9s et 62 725 euros d\u2019indemnit\u00e9 l\u00e9gale. Total : 287 000 euros. <\/strong><\/p>\n<p>Vir\u00e9 apr\u00e8s 16 ans d\u2019antenne, Nicolas Canteloup n&rsquo;a jamais dig\u00e9r\u00e9 son \u00e9viction des Guignols de l\u2019info, soulignait le journal. Canteloup dit avoir \u00e9t\u00e9 victime de la rivalit\u00e9 opposant les deux cha\u00eenes, avec Canal+ qui lui a impos\u00e9 une pr\u00e9sence physique<strong> pour l\u2019emp\u00eacher de travailler sur TF1.<br \/><\/strong><br \/>Quelques ann\u00e9es plus tard, Canteloup est encore capable de rebondir. <a href=\"https:\/\/vsd.fr\/18239-polemique-nicolas-canteloup-epingle-pour-sa-chronique-homophobe\/\" target=\"_blank\" rel=\"noopener\">\u00c9vinc\u00e9 d\u2019Europe 1 en 2021,<\/a> on ne l&rsquo;a plus vu sur TF1 depuis mai 2025. De fait, \u00e0 la rentr\u00e9e derni\u00e8re, l&rsquo;imitateur a sign\u00e9 avec RMC pour Face \u00e0 Canteloup, chronique impertinente \u00e0 8h50 dans la matinale d\u2019Apolline de Malherbe. Lanc\u00e9e le 29 septembre 2025, il a d\u00e9clar\u00e9 \u00e0 propos de ce nouveau boulot : \u00ab\u00a0<strong>Sur RMC, on me garantit une totale libert\u00e9 de parole\u00a0\u00bb, <\/strong>dans les colonnes du Parisien. <\/p>\n<p>\n          Hits &amp; People en continu\n        <\/p>\n<p>\n          Public Radio\n        <\/p>\n<p>      Mentionn\u00e9s dans cet article<\/p>\n<p>      Sur le m\u00eame sujet<\/p>\n","protected":false},"excerpt":{"rendered":"Ce 4 novembre 2025, Nicolas Canteloup f\u00eate ses 62 ans. Les Fran\u00e7ais l\u2019adorent pour ses imitations hilarantes et&hellip;\n","protected":false},"author":2,"featured_media":511201,"comment_status":"","ping_status":"","sticky":false,"template":"","format":"standard","meta":{"footnotes":""},"categories":[1359],"tags":[63220,58,59,1011,27,63221,5902,973],"class_list":{"0":"post-511200","1":"post","2":"type-post","3":"status-publish","4":"format-standard","5":"has-post-thumbnail","7":"category-people","8":"tag-cest-canteloup","9":"tag-divertissement","10":"tag-entertainment","11":"tag-fr","12":"tag-france","13":"tag-les-guignols-de-linfo","14":"tag-nicolas-canteloup","15":"tag-people"},"share_on_mastodon":{"url":"https:\/\/pubeurope.com\/@fr\/115491629103468169","error":""},"_links":{"self":[{"href":"https:\/\/www.europesays.com\/fr\/wp-json\/wp\/v2\/posts\/511200","targetHints":{"allow":["GET"]}}],"collection":[{"href":"https:\/\/www.europesays.com\/fr\/wp-json\/wp\/v2\/posts"}],"about":[{"href":"https:\/\/www.europesays.com\/fr\/wp-json\/wp\/v2\/types\/post"}],"author":[{"embeddable":true,"href":"https:\/\/www.europesays.com\/fr\/wp-json\/wp\/v2\/users\/2"}],"replies":[{"embeddable":true,"href":"https:\/\/www.europesays.com\/fr\/wp-json\/wp\/v2\/comments?post=511200"}],"version-history":[{"count":0,"href":"https:\/\/www.europesays.com\/fr\/wp-json\/wp\/v2\/posts\/511200\/revisions"}],"wp:featuredmedia":[{"embeddable":true,"href":"https:\/\/www.europesays.com\/fr\/wp-json\/wp\/v2\/media\/511201"}],"wp:attachment":[{"href":"https:\/\/www.europesays.com\/fr\/wp-json\/wp\/v2\/media?parent=511200"}],"wp:term":[{"taxonomy":"category","embeddable":true,"href":"https:\/\/www.europesays.com\/fr\/wp-json\/wp\/v2\/categories?post=511200"},{"taxonomy":"post_tag","embeddable":true,"href":"https:\/\/www.europesays.com\/fr\/wp-json\/wp\/v2\/tags?post=511200"}],"curies":[{"name":"wp","href":"https:\/\/api.w.org\/{rel}","templated":true}]}}