{"id":51121,"date":"2025-04-25T06:47:23","date_gmt":"2025-04-25T06:47:23","guid":{"rendered":"https:\/\/www.europesays.com\/fr\/51121\/"},"modified":"2025-04-25T06:47:23","modified_gmt":"2025-04-25T06:47:23","slug":"une-explosion-dans-une-citerne-de-bitume-provoque-un-incendie-ce-que-lon-sait","status":"publish","type":"post","link":"https:\/\/www.europesays.com\/fr\/51121\/","title":{"rendered":"une explosion dans une citerne de bitume provoque un incendie, ce que l&rsquo;on sait"},"content":{"rendered":"<p>            Par<br \/>\n        <strong><br \/>\n            <a href=\"https:\/\/actu.fr\/auteur\/ivan-capecchi\" title=\"Consulter tous les articles de Ivan CAPECCHI\" rel=\"nofollow noopener\" target=\"_blank\">Ivan CAPECCHI<\/a><br \/>\n        <\/strong><\/p>\n<p>        Publi\u00e9 le<\/p>\n<p>            25 avr. 2025 \u00e0 7h52        <\/p>\n<p>Ce jeudi 24\u00a0avril 2025, un <a href=\"https:\/\/actu.fr\/tag\/incendie\" rel=\"nofollow noopener\" target=\"_blank\">incendie<\/a> s\u2019est d\u00e9clar\u00e9 sur le site de l\u2019entreprise <strong>Soprema<\/strong>, \u00e0 <strong>Strasbourg (Bas-Rhin)<\/strong>.<\/p>\n<p class=\" wall-content\"><strong>Entre 60 et 70 sapeurs-pompiers<\/strong> ont \u00e9t\u00e9 mobilis\u00e9s, ainsi qu\u2019une trentaine d\u2019<strong>engins<\/strong>.<\/p>\n<p class=\" wall-content\">\n<p>Mini explosion dans une citerne de bitume<\/p>\n<p class=\" wall-content\">D\u2019apr\u00e8s Olivier Weymannn, directeur Strat\u00e9gie et Performance Environnementale (RSE) chez Soprema, il y a eu un \u00ab\u00a0<strong>flash (mini explosion) dans une citerne de bitume<\/strong>\u00ab\u00a0. \u00ab\u00a0<strong>Il n\u2019y a pas de bless\u00e9s et pas d\u2019incident sur l\u2019environnement<\/strong>\u00ab\u00a0, compl\u00e8te-t-il.\u00a0<\/p>\n<p class=\" wall-content\">L\u2019entreprise a \u00e9t\u00e9 <strong>contrainte d\u2019arr\u00eater la production<\/strong>. <strong>150 personnes ont \u00e9t\u00e9 \u00e9vacu\u00e9es<\/strong>. \u00ab\u00a0<strong>Elles sont en train de reprendre le travail<\/strong>\u00ab\u00a0, informe M. Weymannn.<\/p>\n<p>\u00ab\u00a0Le sinistre est ma\u00eetris\u00e9\u00a0\u00bb<\/p>\n<p class=\" wall-content\">\u00ab\u00a0On a fait une reconnaissance avec l\u2019exploitant. <strong>Le sinistre est b\u00e9nin<\/strong>\u00ab\u00a0, d\u00e9clare Herv\u00e9 Claudon, chef de site et commandant des op\u00e9rations de secours.<\/p>\n<p>Vid\u00e9os : en ce moment sur Actu<\/p>\n<p class=\" wall-content\">\u00ab\u00a0<strong>Pour l\u2019instant le sinistre est ma\u00eetris\u00e9<\/strong>\u00ab\u00a0, ajoute-t-il.<\/p>\n<p>Un incendie en 2018<\/p>\n<p class=\" wall-content\">En juillet\u00a02018, Soprema avait \u00e9t\u00e9 <a href=\"https:\/\/actu.fr\/grand-est\/strasbourg_67482\/strasbourg-gigantesque-incendie-port-rhin-dans-locaux-lentreprise-soprema_17864493.html\" rel=\"nofollow noopener\" target=\"_blank\">victime d\u2019un incendie<\/a>, plus de 3\u2009000\u00a0m\u00e8tres carr\u00e9s \u00e9taient partis en fum\u00e9e, entra\u00eenant un ch\u00f4mage technique pour une cinquantaine de personnes.<\/p>\n<p class=\" wall-content\">L\u2019incendie n\u2019avait pas fait de bless\u00e9.<\/p>\n<p class=\" wall-content\"><strong>Avec Margot Fourni\u00e9<\/strong><\/p>\n<p class=\" wall-content\">Suivez toute l\u2019actualit\u00e9 de vos villes et m\u00e9dias favoris en vous inscrivant \u00e0 <a href=\"https:\/\/moncompte.actu.fr\" title=\"D\u00e9couvez Mon Actu\" rel=\"nofollow noopener\" data-trk=\"{&quot;cta&quot;:{&quot;action&quot;:&quot;https:\\\/\\\/moncompte.actu.fr&quot;,&quot;category&quot;:&quot;mon compte&quot;,&quot;from&quot;:&quot;article footer&quot;,&quot;name&quot;:&quot;Mon actu&quot;,&quot;type&quot;:&quot;cta&quot;}}\" target=\"_blank\">Mon Actu<\/a>.<\/p>\n","protected":false},"excerpt":{"rendered":"Par Ivan CAPECCHI Publi\u00e9 le 25 avr. 2025 \u00e0 7h52 Ce jeudi 24\u00a0avril 2025, un incendie s\u2019est d\u00e9clar\u00e9&hellip;\n","protected":false},"author":2,"featured_media":51122,"comment_status":"","ping_status":"","sticky":false,"template":"","format":"standard","meta":{"footnotes":""},"categories":[2820],"tags":[1111,11,1777,674,118,1011,27,775,1310,12,1072,1311,25,640],"class_list":{"0":"post-51121","1":"post","2":"type-post","3":"status-publish","4":"format-standard","5":"has-post-thumbnail","7":"category-strasbourg","8":"tag-actu","9":"tag-actualites","10":"tag-eu","11":"tag-europe","12":"tag-faits-divers","13":"tag-fr","14":"tag-france","15":"tag-grand-est","16":"tag-incendie","17":"tag-news","18":"tag-police","19":"tag-pompiers","20":"tag-republique-francaise","21":"tag-strasbourg"},"share_on_mastodon":{"url":"https:\/\/pubeurope.com\/@fr\/114397265466682014","error":""},"_links":{"self":[{"href":"https:\/\/www.europesays.com\/fr\/wp-json\/wp\/v2\/posts\/51121","targetHints":{"allow":["GET"]}}],"collection":[{"href":"https:\/\/www.europesays.com\/fr\/wp-json\/wp\/v2\/posts"}],"about":[{"href":"https:\/\/www.europesays.com\/fr\/wp-json\/wp\/v2\/types\/post"}],"author":[{"embeddable":true,"href":"https:\/\/www.europesays.com\/fr\/wp-json\/wp\/v2\/users\/2"}],"replies":[{"embeddable":true,"href":"https:\/\/www.europesays.com\/fr\/wp-json\/wp\/v2\/comments?post=51121"}],"version-history":[{"count":0,"href":"https:\/\/www.europesays.com\/fr\/wp-json\/wp\/v2\/posts\/51121\/revisions"}],"wp:featuredmedia":[{"embeddable":true,"href":"https:\/\/www.europesays.com\/fr\/wp-json\/wp\/v2\/media\/51122"}],"wp:attachment":[{"href":"https:\/\/www.europesays.com\/fr\/wp-json\/wp\/v2\/media?parent=51121"}],"wp:term":[{"taxonomy":"category","embeddable":true,"href":"https:\/\/www.europesays.com\/fr\/wp-json\/wp\/v2\/categories?post=51121"},{"taxonomy":"post_tag","embeddable":true,"href":"https:\/\/www.europesays.com\/fr\/wp-json\/wp\/v2\/tags?post=51121"}],"curies":[{"name":"wp","href":"https:\/\/api.w.org\/{rel}","templated":true}]}}