{"id":511225,"date":"2025-11-04T13:32:13","date_gmt":"2025-11-04T13:32:13","guid":{"rendered":"https:\/\/www.europesays.com\/fr\/511225\/"},"modified":"2025-11-04T13:32:13","modified_gmt":"2025-11-04T13:32:13","slug":"les-joueurs-et-les-joueuses-de-lasse-bientot-en-dedicaces-a-saint-etienne","status":"publish","type":"post","link":"https:\/\/www.europesays.com\/fr\/511225\/","title":{"rendered":"Les joueurs et les joueuses de l&rsquo;ASSE bient\u00f4t en d\u00e9dicaces \u00e0 Saint-\u00c9tienne"},"content":{"rendered":"<p>Le mercredi 12 novembre, au sein de l&rsquo;H\u00f4tel de Ville de Saint-\u00c9tienne, les supporters des Verts pourront assister \u00e0 une s\u00e9ance de d\u00e9dicaces des joueurs et des joueuses de l&rsquo;ASSE.<\/p>\n<p>En l&rsquo;espace d&rsquo;une semaine, il ne faudra pas manquer deux gros rendez-vous si vous \u00eates fans des Verts !<\/p>\n<p>Radio SCOOP dans le Chaudron !<\/p>\n<p>Mercredi 5 novembre, <b>Radio SCOOP organise une \u00e9mission exceptionnelle dans l&rsquo;enceinte de\u00a0Geoffroy-Guichard<\/b>.<\/p>\n<p>Notre animateur <b>Pierre-Alex<\/b> et notre journaliste <b>Ga\u00ebtan Barralon<\/b> seront en direct dans My SCOOP, dans les vestiaires des Verts, entre 16h et 18h.<\/p>\n<p>Trois joueurs seront pr\u00e9sents pour l&rsquo;occasion : <b>Lucas Stassin<\/b>, <b>Irvin Cardona<\/b> et le tout jeune\u00a0<b>Luan Gadegbeku<\/b> (18 ans seulement !).<\/p>\n<p>Les Verts en d\u00e9dicaces \u00e0 Saint-\u00c9tienne<\/p>\n<p>Et puis, une semaine plus tard, <b>le mercredi 12 novembre<\/b>, place \u00e0 <b>une s\u00e9ance de d\u00e9dicaces<\/b> dans les salons de l&rsquo;H\u00f4tel de Ville de Saint-\u00c9tienne.<\/p>\n<p>Des joueurs de l&rsquo;\u00e9quipe masculine et des joueuses de l&rsquo;\u00e9quipe f\u00e9minine seront pr\u00e9sents pour rencontrer les supporters de l&rsquo;ASSE ! Ce sera <b>entre 14h et 15h30<\/b> et la s\u00e9ance est ouverte \u00e0 tous.<\/p>\n<p><img loading=\"lazy\" decoding=\"async\" src=\"https:\/\/www.europesays.com\/fr\/wp-content\/uploads\/2025\/11\/1762263133_732_img\" width=\"350\" height=\"200\" border=\"0\" title=\"Baptiste Chassagne avec un maillot de l'ASSE\"\/><\/p>\n<p>\u25baSport<\/p>\n<p style=\"font-size: 22px;\"><b>Radio SCOOP a rencontr\u00e9 Baptiste Chassagne, l&rsquo;ultra-traileur et supporter des Verts<\/b><\/p>\n<p>\u00c0 l&rsquo;occasion du match ASSE-Pau, Radio SCOOP a rencontr\u00e9&#8230;<\/p>\n<p><\/p>\n","protected":false},"excerpt":{"rendered":"Le mercredi 12 novembre, au sein de l&rsquo;H\u00f4tel de Ville de Saint-\u00c9tienne, les supporters des Verts pourront assister&hellip;\n","protected":false},"author":2,"featured_media":511226,"comment_status":"","ping_status":"","sticky":false,"template":"","format":"standard","meta":{"footnotes":""},"categories":[9653],"tags":[1111,11,461,2430,28772,1777,674,63,1011,27,4059,15527,446,12,25,9920,4001],"class_list":{"0":"post-511225","1":"post","2":"type-post","3":"status-publish","4":"format-standard","5":"has-post-thumbnail","7":"category-saint-etienne","8":"tag-actu","9":"tag-actualites","10":"tag-asse","11":"tag-auvergne-rhone-alpes","12":"tag-ddicaces","13":"tag-eu","14":"tag-europe","15":"tag-football","16":"tag-fr","17":"tag-france","18":"tag-joueurs","19":"tag-joueuses","20":"tag-ligue-2","21":"tag-news","22":"tag-republique-francaise","23":"tag-saint-tienne","24":"tag-saint-etienne"},"share_on_mastodon":{"url":"https:\/\/pubeurope.com\/@fr\/115491684538506023","error":""},"_links":{"self":[{"href":"https:\/\/www.europesays.com\/fr\/wp-json\/wp\/v2\/posts\/511225","targetHints":{"allow":["GET"]}}],"collection":[{"href":"https:\/\/www.europesays.com\/fr\/wp-json\/wp\/v2\/posts"}],"about":[{"href":"https:\/\/www.europesays.com\/fr\/wp-json\/wp\/v2\/types\/post"}],"author":[{"embeddable":true,"href":"https:\/\/www.europesays.com\/fr\/wp-json\/wp\/v2\/users\/2"}],"replies":[{"embeddable":true,"href":"https:\/\/www.europesays.com\/fr\/wp-json\/wp\/v2\/comments?post=511225"}],"version-history":[{"count":0,"href":"https:\/\/www.europesays.com\/fr\/wp-json\/wp\/v2\/posts\/511225\/revisions"}],"wp:featuredmedia":[{"embeddable":true,"href":"https:\/\/www.europesays.com\/fr\/wp-json\/wp\/v2\/media\/511226"}],"wp:attachment":[{"href":"https:\/\/www.europesays.com\/fr\/wp-json\/wp\/v2\/media?parent=511225"}],"wp:term":[{"taxonomy":"category","embeddable":true,"href":"https:\/\/www.europesays.com\/fr\/wp-json\/wp\/v2\/categories?post=511225"},{"taxonomy":"post_tag","embeddable":true,"href":"https:\/\/www.europesays.com\/fr\/wp-json\/wp\/v2\/tags?post=511225"}],"curies":[{"name":"wp","href":"https:\/\/api.w.org\/{rel}","templated":true}]}}