{"id":511229,"date":"2025-11-04T13:34:12","date_gmt":"2025-11-04T13:34:12","guid":{"rendered":"https:\/\/www.europesays.com\/fr\/511229\/"},"modified":"2025-11-04T13:34:12","modified_gmt":"2025-11-04T13:34:12","slug":"inspiree-par-les-plantes-cailloux-oceane-muller-expose-au-jardin-botanique","status":"publish","type":"post","link":"https:\/\/www.europesays.com\/fr\/511229\/","title":{"rendered":"Inspir\u00e9e par les plantes cailloux, Oc\u00e9ane Muller expose au jardin botanique"},"content":{"rendered":"<p>Oc\u00e9ane Muller, jeune cr\u00e9atrice, apr\u00e8s avoir effectu\u00e9 une r\u00e9sidence artistique cet \u00e9t\u00e9 au jardin botanique Jean-Marie Pelt pr\u00e9sente un compl\u00e9ment de son travail inspir\u00e9 des lithops, les plantes cailloux. Le projet Lithomorphe s\u2019inscrit dans une d\u00e9marche d\u2019observation et de transposition graphique du vivant. Ce projet cherche \u00e0 tisser un langage visuel global, oscillant entre typographie et ornement, entre science de l\u2019observation et po\u00e9sie du signe.<\/p>\n<p>Oc\u00e9ane Muller est graphiste et autrice. Son travail explore les liens entre illustration, typographie et formes issues du vivant. Elle d\u00e9veloppe un univers visuel dense, m\u00ealant dessin, narration graphique et cr\u00e9ation d\u2019univers fictionnels. Fascin\u00e9e par les formes v\u00e9g\u00e9tales et organiques, elle les observe avec une curiosit\u00e9 quasi scientifique\u00a0: textures, structures, couleurs et rythmes sont collect\u00e9s, d\u00e9construits, puis r\u00e9invent\u00e9s dans des compositions hybrides.<\/p>\n<p class=\"note\">Jardin botanique Jean-Marie Pelt \u00e0 Villers-l\u00e8s-Nancy jusqu\u2019au 18\u00a0novembre. Entr\u00e9e libre.<\/p>\n","protected":false},"excerpt":{"rendered":"Oc\u00e9ane Muller, jeune cr\u00e9atrice, apr\u00e8s avoir effectu\u00e9 une r\u00e9sidence artistique cet \u00e9t\u00e9 au jardin botanique Jean-Marie Pelt pr\u00e9sente&hellip;\n","protected":false},"author":2,"featured_media":511230,"comment_status":"","ping_status":"","sticky":false,"template":"","format":"standard","meta":{"footnotes":""},"categories":[9635],"tags":[1111,11,1687,1704,1777,674,2271,1011,27,775,10262,1702,12,25,10261],"class_list":{"0":"post-511229","1":"post","2":"type-post","3":"status-publish","4":"format-standard","5":"has-post-thumbnail","7":"category-nancy","8":"tag-actu","9":"tag-actualites","10":"tag-culture-loisirs","11":"tag-edition-nancy-et-agglomeration","12":"tag-eu","13":"tag-europe","14":"tag-exposition-arts-plastiques","15":"tag-fr","16":"tag-france","17":"tag-grand-est","18":"tag-metropole-du-grand-nancy-54b5","19":"tag-nancy","20":"tag-news","21":"tag-republique-francaise","22":"tag-villers-les-nancy"},"share_on_mastodon":{"url":"https:\/\/pubeurope.com\/@fr\/115491691811014302","error":""},"_links":{"self":[{"href":"https:\/\/www.europesays.com\/fr\/wp-json\/wp\/v2\/posts\/511229","targetHints":{"allow":["GET"]}}],"collection":[{"href":"https:\/\/www.europesays.com\/fr\/wp-json\/wp\/v2\/posts"}],"about":[{"href":"https:\/\/www.europesays.com\/fr\/wp-json\/wp\/v2\/types\/post"}],"author":[{"embeddable":true,"href":"https:\/\/www.europesays.com\/fr\/wp-json\/wp\/v2\/users\/2"}],"replies":[{"embeddable":true,"href":"https:\/\/www.europesays.com\/fr\/wp-json\/wp\/v2\/comments?post=511229"}],"version-history":[{"count":0,"href":"https:\/\/www.europesays.com\/fr\/wp-json\/wp\/v2\/posts\/511229\/revisions"}],"wp:featuredmedia":[{"embeddable":true,"href":"https:\/\/www.europesays.com\/fr\/wp-json\/wp\/v2\/media\/511230"}],"wp:attachment":[{"href":"https:\/\/www.europesays.com\/fr\/wp-json\/wp\/v2\/media?parent=511229"}],"wp:term":[{"taxonomy":"category","embeddable":true,"href":"https:\/\/www.europesays.com\/fr\/wp-json\/wp\/v2\/categories?post=511229"},{"taxonomy":"post_tag","embeddable":true,"href":"https:\/\/www.europesays.com\/fr\/wp-json\/wp\/v2\/tags?post=511229"}],"curies":[{"name":"wp","href":"https:\/\/api.w.org\/{rel}","templated":true}]}}