{"id":51123,"date":"2025-04-25T06:48:08","date_gmt":"2025-04-25T06:48:08","guid":{"rendered":"https:\/\/www.europesays.com\/fr\/51123\/"},"modified":"2025-04-25T06:48:08","modified_gmt":"2025-04-25T06:48:08","slug":"60-des-etablissements-scolaires-se-trouvent-dans-un-etat-degrade-les-elus-ecologistes-de-nice-entrent-en-campagne-par-les-cours-decole","status":"publish","type":"post","link":"https:\/\/www.europesays.com\/fr\/51123\/","title":{"rendered":"\u00ab\u00a060 % des \u00e9tablissements scolaires se trouvent dans un \u00e9tat d\u00e9grad\u00e9\u00a0\u00bb: les \u00e9lus \u00e9cologistes de Nice entrent en campagne par les cours d\u2019\u00e9cole"},"content":{"rendered":"<p>L\u2019\u00e9cole des Moulins \u00e0 l\u2019entr\u00e9e du boulevard Paul-Montel n\u2019a pas \u00e9t\u00e9 choisie au hasard. Pour la chef de file des \u00e9lus \u00e9cologistes elle \u00ab\u00a0cumule pollution et milieu social assez d\u00e9favoris\u00e9\u00a0\u00bb.<\/p>\n<p>Un environnement, \u00e0 deux pas de l\u2019a\u00e9roport et de son projet d\u2019extension, qui serait bien peu propice \u00e0 la \u00ab\u00a0sant\u00e9\u00a0\u00bb et \u00e0 l\u2019\u00e9ducation de \u00ab\u00a0nos enfants\u00a0\u00bb.<\/p>\n<p>Et pourtant cet \u00e9tablissement \u00ab\u00a0a \u00e9t\u00e9 r\u00e9nov\u00e9 il y a deux ans\u00a0\u00bb, rappelle Juliette Chesnel-Le Roux qui pointe du doigt \u00e0 travers les grilles la cour \u00ab\u00a0enti\u00e8rement recouverte d\u2019enrob\u00e9 noir\u00a0\u00bb. L\u2019arch\u00e9type de \u00ab\u00a0ce qu\u2019il ne faut plus faire\u00a0\u00bb, acquiesce \u00e0 ses c\u00f4t\u00e9s le d\u00e9put\u00e9 du Puy-de-D\u00f4me Nicolas Bonnet.<\/p>\n<p>Il est aussi adjoint du maire socialiste de Clermont-Ferrand. Une ville qui \u00ab\u00a0d\u2019ici la fin de ce mandant\u00a0\u00bb aura \u00ab\u00a0r\u00e9nov\u00e9 l\u2019ensemble de ses \u00e9coles\u00a0\u00bb. Soit une cinquantaine d\u2019\u00e9tablissements. Nice en compte trois fois plus.<\/p>\n<p>\u00ab\u00a0Dont 60% se trouvent dans un \u00e9tat d\u00e9grad\u00e9 selon une \u00e9tude de l\u2019association Respire\u00a0\u00bb, souligne Juliette Chesnel-Le Roux qui entend bien s\u2019inspirer de l\u2019exp\u00e9rience clermontoise pour pr\u00e9senter son programme pour les \u00e9coles de Nice&#8230;<\/p>\n<p>                                <strong>R\u00e9nover toutes les \u00e9coles au programme<\/strong><\/p>\n<p>\u00c0 un peu plus d\u2019un an des prochaines \u00e9lections municipales, la campagne est bel et bien lanc\u00e9e du c\u00f4t\u00e9 des \u00e9colos qui pr\u00e9conisent une \u00ab\u00a0r\u00e9novation b\u00e2timentaire\u00a0\u00bb de l\u2019ensemble des \u00e9tablissements scolaires pour en \u00ab\u00a0am\u00e9liorer l\u2019isolation thermique et phonique\u00a0\u00bb.<\/p>\n<p>\u00ab\u00a0Au-del\u00e0 des coups de com\u2019, il faut aussi r\u00e9ellement v\u00e9g\u00e9taliser l\u2019ensemble des cours.\u00a0\u00bb <\/p>\n<p>Voire \u00ab\u00a0interdire autant que possible la circulation automobile aux heures de rentr\u00e9e et de sortie des \u00e9l\u00e8ves\u00a0\u00bb.<\/p>\n<p>Un vaste programme \u00ab\u00a0\u00e0 plusieurs dizaines de millions d\u2019euros\u00a0\u00bb conc\u00e8de la conseill\u00e8re municipale d\u2019opposition qui fait remarquer que \u00ab\u00a0lorsqu\u2019il s\u2019agit de construire une patinoire ou un centre des congr\u00e8s le maire de Nice arrive bien \u00e0 les trouver.\u00a0\u00bb<\/p>\n<p>\u00ab\u00a0C\u2019est une question de priorit\u00e9 politique\u00a0\u00bb, conclut le d\u00e9put\u00e9 du Puy-de-D\u00f4me Nicolas Bonnet au terme de sa visite ni\u00e7oise.<\/p>\n","protected":false},"excerpt":{"rendered":"L\u2019\u00e9cole des Moulins \u00e0 l\u2019entr\u00e9e du boulevard Paul-Montel n\u2019a pas \u00e9t\u00e9 choisie au hasard. Pour la chef de&hellip;\n","protected":false},"author":2,"featured_media":51124,"comment_status":"","ping_status":"","sticky":false,"template":"","format":"standard","meta":{"footnotes":""},"categories":[2819],"tags":[1111,11,1057,1777,674,332,1011,27,12,2401,316,882,25],"class_list":{"0":"post-51123","1":"post","2":"type-post","3":"status-publish","4":"format-standard","5":"has-post-thumbnail","7":"category-nice","8":"tag-actu","9":"tag-actualites","10":"tag-education","11":"tag-eu","12":"tag-europe","13":"tag-faits-de-societe","14":"tag-fr","15":"tag-france","16":"tag-news","17":"tag-nice","18":"tag-politique","19":"tag-provence-alpes-cote-dazur","20":"tag-republique-francaise"},"share_on_mastodon":{"url":"https:\/\/pubeurope.com\/@fr\/114397269438255318","error":""},"_links":{"self":[{"href":"https:\/\/www.europesays.com\/fr\/wp-json\/wp\/v2\/posts\/51123","targetHints":{"allow":["GET"]}}],"collection":[{"href":"https:\/\/www.europesays.com\/fr\/wp-json\/wp\/v2\/posts"}],"about":[{"href":"https:\/\/www.europesays.com\/fr\/wp-json\/wp\/v2\/types\/post"}],"author":[{"embeddable":true,"href":"https:\/\/www.europesays.com\/fr\/wp-json\/wp\/v2\/users\/2"}],"replies":[{"embeddable":true,"href":"https:\/\/www.europesays.com\/fr\/wp-json\/wp\/v2\/comments?post=51123"}],"version-history":[{"count":0,"href":"https:\/\/www.europesays.com\/fr\/wp-json\/wp\/v2\/posts\/51123\/revisions"}],"wp:featuredmedia":[{"embeddable":true,"href":"https:\/\/www.europesays.com\/fr\/wp-json\/wp\/v2\/media\/51124"}],"wp:attachment":[{"href":"https:\/\/www.europesays.com\/fr\/wp-json\/wp\/v2\/media?parent=51123"}],"wp:term":[{"taxonomy":"category","embeddable":true,"href":"https:\/\/www.europesays.com\/fr\/wp-json\/wp\/v2\/categories?post=51123"},{"taxonomy":"post_tag","embeddable":true,"href":"https:\/\/www.europesays.com\/fr\/wp-json\/wp\/v2\/tags?post=51123"}],"curies":[{"name":"wp","href":"https:\/\/api.w.org\/{rel}","templated":true}]}}