{"id":511241,"date":"2025-11-04T13:40:13","date_gmt":"2025-11-04T13:40:13","guid":{"rendered":"https:\/\/www.europesays.com\/fr\/511241\/"},"modified":"2025-11-04T13:40:13","modified_gmt":"2025-11-04T13:40:13","slug":"cette-commune-mele-halloween-et-pratique-sportive","status":"publish","type":"post","link":"https:\/\/www.europesays.com\/fr\/511241\/","title":{"rendered":"cette commune m\u00eale Halloween et pratique sportive"},"content":{"rendered":"<p>            Par<br \/>\n        <strong><br \/>\n            <a href=\"https:\/\/actu.fr\/auteur\/le-journal-delbeuf\" title=\"Consulter tous les articles de R\u00e9daction Elbeuf\" rel=\"nofollow noopener\" target=\"_blank\">R\u00e9daction Elbeuf<\/a><br \/>\n        <\/strong><\/p>\n<p>        Publi\u00e9 le<\/p>\n<p>            4 nov. 2025 \u00e0 12h07        <\/p>\n<p>Il fallait s\u2019y attendre\u2009! <b>Vendredi 31\u00a0octobre 2025<\/b>, et comme tous les ans \u00e0 cette date, des petites hordes de monstres, fant\u00f4mes et autres zombies ont arpent\u00e9 les rues.<\/p>\n<p class=\" wall-content\">Mais \u00e0 <a href=\"https:\/\/actu.fr\/normandie\/tourville-la-riviere_76705\" rel=\"nofollow noopener\" target=\"_blank\">Tourville-la-Rivi\u00e8re (Seine-Maritime)<\/a>, cette errance a pris des proportions peu communes. En effet, ce ne sont pas moins d\u2019une <b>quarantaine de personnes<\/b> qui ont d\u00e9ambul\u00e9 dans le centre-bourg et le long de l\u2019avenue Cl\u00e9ment-Ader, notamment.<\/p>\n<p>Une pierre, deux coups<\/p>\n<p class=\" wall-content\">Loin des initiatives individuelles, la commune avait en effet organis\u00e9 une <b>marche d\u00e9guis\u00e9e<\/b> dans le cadre de son dispositif <b>Sport pour Tous<\/b>, une animation sportive, gratuite et accessible \u00e0 tous que la Ville organise une fois par mois depuis deux ans.<\/p>\n<p class=\" wall-content\">\u00ab\u2009On s\u2019est dit que comme les dates co\u00efncidaient, c\u2019\u00e9tait une bonne id\u00e9e de <b>joindre les deux \u00e9v\u00e9nements<\/b>\u2009\u00bb, explique une \u00e9lue municipale en charge du projet. \u00ab\u2009C\u2019est aussi une fa\u00e7on de s\u2019ouvrir \u00e0 un nouveau public et de faire passer un bon moment aux familles\u2009!\u2009\u00bb, s\u2019enthousiasme celle qui \u00e9tait \u00e9galement pr\u00e9pos\u00e9e au <b>stand maquillage<\/b>. Car avant de <b>partir en maraude<\/b>, les enfants \u00e9taient invit\u00e9s \u00e0 venir compl\u00e9ter leur panoplie par des grimages assortis.<\/p>\n<p>Des petits et grands ravis<\/p>\n<p class=\" wall-content\">Une fois tout le monde pr\u00eat, c\u2019est \u00e0 la nuit tomb\u00e9e et accompagn\u00e9s des Galopins, les membres du <b>club de course \u00e0 pied<\/b> local, que les jeunes et leurs parents sont partis au travers des ruelles et art\u00e8res de leur village pour un parcours d\u2019environ <b>3 kilom\u00e8tres<\/b>. Trois \u00ab\u2009arr\u00eats bonbons\u2009\u00bb \u00e9taient pr\u00e9vus sur le chemin, de m\u00eame qu\u2019une distribution finale une fois de retour au gymnase, point de d\u00e9part de cette <b>rando peu ordinaire<\/b>.<\/p>\n<p>Vid\u00e9os : en ce moment sur Actu<\/p>\n<blockquote class=\"ac-article-quote wall-content\">\n<p>\u00c0 partir du moment o\u00f9 on se d\u00e9guise, \u00e7a pla\u00eet aux enfants et les communes jouent de plus en plus le jeu pour Halloween, c\u2019est vraiment tr\u00e8s sympa, et bien s\u00e9curis\u00e9\u2009!<\/p>\n<p>Leslie, m\u00e8re de deux enfants de 6 et 10\u00a0ans.<\/p><\/blockquote>\n<p class=\" wall-content\">\u00ab\u2009<b>C\u2019est bien d\u2019organiser cela<\/b>, au moins les enfants ne sont pas livr\u00e9s \u00e0 eux-m\u00eames dans la rue et ils n\u2019iront pas d\u00e9ranger les gens en allant sonner chez eux, s\u2019exprime \u00e9galement une passante. Tout le monde n\u2019est pas oblig\u00e9 d\u2019appr\u00e9cier le folklore\u2026 pardon le consum\u00e9risme d\u2019Halloween\u2009!\u2009\u00bb.<\/p>\n<p>Votre r\u00e9gion, votre actu !<\/p>\n<p>Recevez chaque jour les infos qui comptent pour vous.<\/p>\n<p>\t<a href=\"https:\/\/actu.fr\/newsletter\" class=\"ac-btn ac-btn--corner ac-btn--medium ac-btn--blue800\" rel=\"nofollow noopener\" target=\"_blank\">S&rsquo;incrire<\/a><\/p>\n<p>    <img   decoding=\"async\" loading=\"lazy\" class=\"size-large\" src=\"https:\/\/www.europesays.com\/fr\/wp-content\/uploads\/2025\/11\/8e262bfef8096e2362bfef809d6362v-960x640.jpg\" alt=\"s\u00e9ance maquillage\" width=\"960\" height=\"640\"\/><br \/>\n    Une s\u00e9ance maquillage \u00e9tait propos\u00e9e avant la fameuse collecte de bonbons dans les rues. \u00a9Le Journal d\u2019Elbeuf<\/p>\n<p class=\" wall-content\">Rien n\u2019est moins s\u00fbr car si, pour certaines familles, la marche d\u00e9guis\u00e9e aura suffi, d\u2019autres enfants avaient visiblement d\u00e9j\u00e0 fait un <b>petit tour en ville<\/b> et commenc\u00e9 leur <b>collecte <\/b>avant de rejoindre le point de ralliement.<\/p>\n<p>Une r\u00e9ussite sociale<\/p>\n<p class=\" wall-content\">Tourville-la-Rivi\u00e8re a donc v\u00e9cu un moment de joie et de cr\u00e9ativit\u00e9 lors de cette premi\u00e8re marche d\u00e9guis\u00e9e organis\u00e9e \u00e0 l\u2019occasion <b>d\u2019Halloween<\/b>. Petits et ados ont d\u00e9fil\u00e9 dans les rues, arborant des <b>costumes effrayants<\/b>, originaux ou <b>amusants<\/b>.<\/p>\n<p class=\" wall-content\">Une bonne fa\u00e7on de renforcer le<b> lien social<\/b> mais aussi de faire conna\u00eetre les <b>associations sportives<\/b> locales. En effet, selon sa nouvelle formule, le dispositif Sport pour tous organise toutes ses animations en partenariat avec un club local.<\/p>\n<p class=\" wall-content\">Personnalisez votre actualit\u00e9 en ajoutant vos villes et m\u00e9dias en favori avec <a href=\"https:\/\/moncompte.actu.fr\" title=\"D\u00e9couvez Mon Actu\" rel=\"nofollow noopener\" data-trk=\"{&quot;cta&quot;:{&quot;action&quot;:&quot;https:\\\/\\\/moncompte.actu.fr&quot;,&quot;category&quot;:&quot;mon compte&quot;,&quot;from&quot;:&quot;article footer&quot;,&quot;name&quot;:&quot;Mon actu&quot;,&quot;type&quot;:&quot;cta&quot;}}\" target=\"_blank\">Mon Actu<\/a>.<\/p>\n","protected":false},"excerpt":{"rendered":"Par R\u00e9daction Elbeuf Publi\u00e9 le 4 nov. 2025 \u00e0 12h07 Il fallait s\u2019y attendre\u2009! Vendredi 31\u00a0octobre 2025, et&hellip;\n","protected":false},"author":2,"featured_media":511242,"comment_status":"","ping_status":"","sticky":false,"template":"","format":"standard","meta":{"footnotes":""},"categories":[9587],"tags":[1111,11,1719,1777,674,1011,27,20815,12,5161,25,9590,104,517],"class_list":{"0":"post-511241","1":"post","2":"type-post","3":"status-publish","4":"format-standard","5":"has-post-thumbnail","7":"category-rouen","8":"tag-actu","9":"tag-actualites","10":"tag-enfants","11":"tag-eu","12":"tag-europe","13":"tag-fr","14":"tag-france","15":"tag-halloween","16":"tag-news","17":"tag-normandie","18":"tag-republique-francaise","19":"tag-rouen","20":"tag-societe","21":"tag-sport"},"share_on_mastodon":{"url":"https:\/\/pubeurope.com\/@fr\/115491715896083381","error":""},"_links":{"self":[{"href":"https:\/\/www.europesays.com\/fr\/wp-json\/wp\/v2\/posts\/511241","targetHints":{"allow":["GET"]}}],"collection":[{"href":"https:\/\/www.europesays.com\/fr\/wp-json\/wp\/v2\/posts"}],"about":[{"href":"https:\/\/www.europesays.com\/fr\/wp-json\/wp\/v2\/types\/post"}],"author":[{"embeddable":true,"href":"https:\/\/www.europesays.com\/fr\/wp-json\/wp\/v2\/users\/2"}],"replies":[{"embeddable":true,"href":"https:\/\/www.europesays.com\/fr\/wp-json\/wp\/v2\/comments?post=511241"}],"version-history":[{"count":0,"href":"https:\/\/www.europesays.com\/fr\/wp-json\/wp\/v2\/posts\/511241\/revisions"}],"wp:featuredmedia":[{"embeddable":true,"href":"https:\/\/www.europesays.com\/fr\/wp-json\/wp\/v2\/media\/511242"}],"wp:attachment":[{"href":"https:\/\/www.europesays.com\/fr\/wp-json\/wp\/v2\/media?parent=511241"}],"wp:term":[{"taxonomy":"category","embeddable":true,"href":"https:\/\/www.europesays.com\/fr\/wp-json\/wp\/v2\/categories?post=511241"},{"taxonomy":"post_tag","embeddable":true,"href":"https:\/\/www.europesays.com\/fr\/wp-json\/wp\/v2\/tags?post=511241"}],"curies":[{"name":"wp","href":"https:\/\/api.w.org\/{rel}","templated":true}]}}