{"id":511245,"date":"2025-11-04T13:42:28","date_gmt":"2025-11-04T13:42:28","guid":{"rendered":"https:\/\/www.europesays.com\/fr\/511245\/"},"modified":"2025-11-04T13:42:28","modified_gmt":"2025-11-04T13:42:28","slug":"municipales-2026-a-grenoble-des-croix-gammees-sur-les-affiches-du-candidat-insoumis-allan-brunon","status":"publish","type":"post","link":"https:\/\/www.europesays.com\/fr\/511245\/","title":{"rendered":"Municipales 2026. \u00c0\u00a0Grenoble, des croix gamm\u00e9es sur les affiches du candidat insoumis Allan Brunon"},"content":{"rendered":"<p>C\u2019est ce week-end que les \u00e9quipes de campagne LFI pour les municipales \u00e0 Grenoble ont fait cette d\u00e9couverte\u00a0: plusieurs des affiches de leur t\u00eate de liste, Allan Brunon, avaient \u00e9t\u00e9 d\u00e9grad\u00e9es, notamment en centre-ville (avenue Alsace-Lorraine et en face du lyc\u00e9e Stendhal). Ici, une croix gamm\u00e9e a \u00e9t\u00e9 trac\u00e9e sur le logo de la France insoumise, l\u00e0 le mot \u00ab\u00a0raciste\u00a0\u00bb a \u00e9t\u00e9 inscrit, et l\u00e0 encore des boucles d\u2019oreilles avec la\u00a0swastika nazie ont \u00e9t\u00e9 rajout\u00e9es au portrait du candidat.<\/p>\n<p>Ce lundi 3\u00a0novembre, <a href=\"https:\/\/www.ledauphine.com\/elections\/2025\/09\/20\/les-insoumis-auront-une-liste-autonome-menee-par-allan-brunon-il-faut-de-la-radicalite\" target=\"_blank\" rel=\"noopener\">Allan Brunon<\/a> s\u2019est tourn\u00e9 vers le Procureur g\u00e9n\u00e9ral de la R\u00e9publique, pour porter plainte, dit-il, contre \u00ab\u00a0des faits constituant une infraction p\u00e9nalement r\u00e9pr\u00e9hensible.\u00a0\u00bb Dans sa lettre, apr\u00e8s la description des faits, il \u00e9crit\u00a0: \u00ab\u00a0Je me permets de rappeler que ces d\u00e9gradations s\u2019inscrivent dans un contexte plus large de harc\u00e8lement cibl\u00e9 \u00e0 mon encontre, en raison de mon engagement politique et antiraciste. Il convient de pr\u00e9ciser que le parquet de Grenoble a d\u00e9j\u00e0 class\u00e9 sans suite une pr\u00e9c\u00e9dente plainte relative \u00e0 des menaces de mort dont j\u2019avais fait l\u2019objet, lesquelles prenaient la forme d\u2019un photomontage repr\u00e9sentant mon visage avec une cible de pistolet sur la t\u00eate, diffus\u00e9 sur des canaux Telegram d\u2019extr\u00eame droite appelant \u00e0 mon assassinat.\u00a0Plusieurs plaintes que je vous ai d\u00e9j\u00e0 adress\u00e9es, relatives \u00e0 des menaces de mort prof\u00e9r\u00e9es \u00e0 mon encontre par des militants d\u2019extr\u00eame droite, sont \u00e0 ce jour rest\u00e9es sans suite p\u00e9nale.\u00a0\u00bb<\/p>\n<p>  \u00ab\u00a0Un contexte plus large de harc\u00e8lement cibl\u00e9 \u00e0 mon encontre\u00a0\u00bb<\/p>\n<p>Le jeune candidat a re\u00e7u le soutien, sur les r\u00e9seaux sociaux, de SOS Racisme Nord-Is\u00e8re, qui demande que ces actes \u00ab\u00a0ne restent pas impunis\u00a0\u00bb.<\/p>\n<p>Autre r\u00e9action, celle de Valentin Gabriac, chef de file du RN \u00e0 Grenoble, qui a \u00e9crit un communiqu\u00e9 disant\u00a0: \u00ab\u00a0J\u2019ai \u00e9t\u00e9 inform\u00e9 du vandalisme dont les affiches de campagne d\u2019Allan Brunon ont \u00e9t\u00e9 la cible, marqu\u00e9es par des symboles inadmissibles. Ces agissements sont indignes du d\u00e9bat public. Allan Brunon est un adversaire politique mais le d\u00e9saccord se r\u00e8gle par le d\u00e9bat d\u2019id\u00e9es, non par des gestes de haine ou d\u2019intimidation. Une \u00e9lection exige de la hauteur et du respect, m\u00eame dans l\u2019opposition.\u00a0\u00bb<\/p>\n<p>Cette derni\u00e8re r\u00e9action a suscit\u00e9 une r\u00e9action ironique de l\u2019int\u00e9ress\u00e9 qui nous a dit\u00a0: \u00ab\u00a0Cela me fait bien rire quand on sait qui a fond\u00e9 le FN\u2026\u00a0\u00bb<\/p>\n","protected":false},"excerpt":{"rendered":"C\u2019est ce week-end que les \u00e9quipes de campagne LFI pour les municipales \u00e0 Grenoble ont fait cette d\u00e9couverte\u00a0:&hellip;\n","protected":false},"author":2,"featured_media":511246,"comment_status":"","ping_status":"","sticky":false,"template":"","format":"standard","meta":{"footnotes":""},"categories":[9566],"tags":[1111,11,2430,112,4188,1777,674,274,107,1011,27,2731,2732,108,2338,12,316,25],"class_list":{"0":"post-511245","1":"post","2":"type-post","3":"status-publish","4":"format-standard","5":"has-post-thumbnail","7":"category-grenoble","8":"tag-actu","9":"tag-actualites","10":"tag-auvergne-rhone-alpes","11":"tag-edition-grenoble-agglomeration","12":"tag-elections-municipales","13":"tag-eu","14":"tag-europe","15":"tag-faits-divers-justice","16":"tag-fil-info","17":"tag-fr","18":"tag-france","19":"tag-grenoble","20":"tag-grenoble-bassin","21":"tag-isere","22":"tag-la-france-insoumise","23":"tag-news","24":"tag-politique","25":"tag-republique-francaise"},"share_on_mastodon":{"url":"https:\/\/pubeurope.com\/@fr\/115491723350426004","error":""},"_links":{"self":[{"href":"https:\/\/www.europesays.com\/fr\/wp-json\/wp\/v2\/posts\/511245","targetHints":{"allow":["GET"]}}],"collection":[{"href":"https:\/\/www.europesays.com\/fr\/wp-json\/wp\/v2\/posts"}],"about":[{"href":"https:\/\/www.europesays.com\/fr\/wp-json\/wp\/v2\/types\/post"}],"author":[{"embeddable":true,"href":"https:\/\/www.europesays.com\/fr\/wp-json\/wp\/v2\/users\/2"}],"replies":[{"embeddable":true,"href":"https:\/\/www.europesays.com\/fr\/wp-json\/wp\/v2\/comments?post=511245"}],"version-history":[{"count":0,"href":"https:\/\/www.europesays.com\/fr\/wp-json\/wp\/v2\/posts\/511245\/revisions"}],"wp:featuredmedia":[{"embeddable":true,"href":"https:\/\/www.europesays.com\/fr\/wp-json\/wp\/v2\/media\/511246"}],"wp:attachment":[{"href":"https:\/\/www.europesays.com\/fr\/wp-json\/wp\/v2\/media?parent=511245"}],"wp:term":[{"taxonomy":"category","embeddable":true,"href":"https:\/\/www.europesays.com\/fr\/wp-json\/wp\/v2\/categories?post=511245"},{"taxonomy":"post_tag","embeddable":true,"href":"https:\/\/www.europesays.com\/fr\/wp-json\/wp\/v2\/tags?post=511245"}],"curies":[{"name":"wp","href":"https:\/\/api.w.org\/{rel}","templated":true}]}}