{"id":511251,"date":"2025-11-04T13:45:15","date_gmt":"2025-11-04T13:45:15","guid":{"rendered":"https:\/\/www.europesays.com\/fr\/511251\/"},"modified":"2025-11-04T13:45:15","modified_gmt":"2025-11-04T13:45:15","slug":"pourquoi-rennes-nen-a-pas-fini-avec-les-panneaux-publicitaires-quelle-avait-pourtant-demontes","status":"publish","type":"post","link":"https:\/\/www.europesays.com\/fr\/511251\/","title":{"rendered":"Pourquoi Rennes n\u2019en a pas fini avec les panneaux publicitaires qu\u2019elle avait pourtant d\u00e9mont\u00e9s"},"content":{"rendered":"<p>La d\u00e9cision risque de faire grincer des dents dans la capitale bretonne. Partie en guerre contre l\u2019anarchie publicitaire avec ces immenses panneaux qui d\u00e9figurent la plupart des entr\u00e9es de villes, Rennes M\u00e9tropole avait adopt\u00e9 en\u00a02022 <a href=\"https:\/\/www.20minutes.fr\/societe\/3176027-20211119-rennes-grands-panneaux-publicitaires-bientot-interdits-metropole\" class=\"c-link c-link--is-underlined\" target=\"_blank\" rel=\"noopener\">un r\u00e8glement local de publicit\u00e9 intercommunal particuli\u00e8rement strict<\/a>. Depuis l\u2019\u00e9t\u00e9\u00a02024, tous les grands panneaux de 8 \u00e0 12 m\u00b2  <a href=\"https:\/\/www.20minutes.fr\/planete\/4098008-20240625-rennes-contre-pollution-visuelle-ville-va-demonter-tous-grands-panneaux-publicitaires\" class=\"c-link c-link--is-underlined\" target=\"_blank\" rel=\"noopener\">avaient ainsi \u00e9t\u00e9 retir\u00e9s<\/a> pour laisser place \u00e0 des panneaux de 2 \u00e0 6 m\u00b2, suivant qu\u2019il s\u2019agisse d\u2019une publicit\u00e9 ou d\u2019une enseigne. Idem pour les panneaux num\u00e9riques install\u00e9s en c\u0153ur de ville dont la taille ne devait pas d\u00e9passer les 2 m\u00b2. <\/p>\n<\/p>\n<p>Furieux de ce nouveau r\u00e8glement, plusieurs <a href=\"https:\/\/www.20minutes.fr\/dossier\/publicite\" class=\"c-link c-link--is-underlined\" target=\"_blank\" rel=\"noopener\">publicitaires<\/a> avaient d\u00e9cid\u00e9 d\u2019attaquer la m\u00e9tropole en justice pour \u00ab\u00a0atteinte disproportionn\u00e9e \u00e0 la libert\u00e9 de commerce et de l\u2019industrie.\u00a0\u00bb Dans une d\u00e9cision rendue lundi 3\u00a0novembre, le tribunal administratif de Rennes leur a donn\u00e9 en partie raison.<\/p>\n<p>Le mode de calcul entra\u00eene \u00ab\u00a0une interdiction g\u00e9n\u00e9rale\u00a0\u00bb<\/p>\n<p>Concernant les formats de publicit\u00e9 autoris\u00e9s, le tribunal consid\u00e8re que le mode de calcul adopt\u00e9 par la m\u00e9tropole qui inclue les supports \u00ab\u00a0conduit ill\u00e9galement \u00e0 une interdiction g\u00e9n\u00e9rale et absolue des affiches de format standard sur l\u2019ensemble du territoire.\u00a0\u00bb Les magistrats estiment aussi que l\u2019interdiction des grands formats de 8 m\u00b2 \u00ab\u00a0n\u2019est pas l\u00e9galement justifi\u00e9e sur l\u2019ensemble du territoire\u00a0\u00bb et \u00ab\u00a0devrait \u00eatre autoris\u00e9e dans la zone la moins sensible correspondant aux zones d\u2019activit\u00e9 de l\u2019unit\u00e9 urbaine de Rennes.\u00a0\u00bb<\/p>\n<p>S\u2019agissant <a href=\"https:\/\/www.20minutes.fr\/planete\/environnement\/4004552-20221010-sobriete-energetique-reclament-extinction-panneaux-publicitaires-lumineux\" class=\"c-link c-link--is-underlined\" target=\"_blank\" rel=\"noopener\">des panneaux num\u00e9riques<\/a>, la limitation de la surface des \u00e9crans \u00e0 seulement 2 m\u00b2 conduit \u00ab\u00a0ill\u00e9galement \u00e0 leur interdiction de fait.\u00a0\u00bb Contact\u00e9s par 20 Minutes, les services de la m\u00e9tropole indiquent analyser avec leurs avocats \u00ab\u00a0les motivations pr\u00e9cises du jugement\u00a0\u00bb et \u00ab\u00a0se pr\u00e9parent pour faire tr\u00e8s probablement appel aupr\u00e8s de la Cour administrative d\u2019appel de Nantes.\u00a0\u00bb<\/p>\n","protected":false},"excerpt":{"rendered":"La d\u00e9cision risque de faire grincer des dents dans la capitale bretonne. Partie en guerre contre l\u2019anarchie publicitaire&hellip;\n","protected":false},"author":2,"featured_media":511252,"comment_status":"","ping_status":"","sticky":false,"template":"","format":"standard","meta":{"footnotes":""},"categories":[2821],"tags":[1111,47,11,829,215,1777,674,1011,27,848,12,52,1800,1834,8088,584,25,104,1352],"class_list":{"0":"post-511251","1":"post","2":"type-post","3":"status-publish","4":"format-standard","5":"has-post-thumbnail","7":"category-rennes","8":"tag-actu","9":"tag-actualite","10":"tag-actualites","11":"tag-bretagne","12":"tag-commerce","13":"tag-eu","14":"tag-europe","15":"tag-fr","16":"tag-france","17":"tag-ille-et-vilaine","18":"tag-news","19":"tag-planete","20":"tag-pollution","21":"tag-publicite","22":"tag-reglementation","23":"tag-rennes","24":"tag-republique-francaise","25":"tag-societe","26":"tag-urbanisme"},"share_on_mastodon":{"url":"https:\/\/pubeurope.com\/@fr\/115491735197293721","error":""},"_links":{"self":[{"href":"https:\/\/www.europesays.com\/fr\/wp-json\/wp\/v2\/posts\/511251","targetHints":{"allow":["GET"]}}],"collection":[{"href":"https:\/\/www.europesays.com\/fr\/wp-json\/wp\/v2\/posts"}],"about":[{"href":"https:\/\/www.europesays.com\/fr\/wp-json\/wp\/v2\/types\/post"}],"author":[{"embeddable":true,"href":"https:\/\/www.europesays.com\/fr\/wp-json\/wp\/v2\/users\/2"}],"replies":[{"embeddable":true,"href":"https:\/\/www.europesays.com\/fr\/wp-json\/wp\/v2\/comments?post=511251"}],"version-history":[{"count":0,"href":"https:\/\/www.europesays.com\/fr\/wp-json\/wp\/v2\/posts\/511251\/revisions"}],"wp:featuredmedia":[{"embeddable":true,"href":"https:\/\/www.europesays.com\/fr\/wp-json\/wp\/v2\/media\/511252"}],"wp:attachment":[{"href":"https:\/\/www.europesays.com\/fr\/wp-json\/wp\/v2\/media?parent=511251"}],"wp:term":[{"taxonomy":"category","embeddable":true,"href":"https:\/\/www.europesays.com\/fr\/wp-json\/wp\/v2\/categories?post=511251"},{"taxonomy":"post_tag","embeddable":true,"href":"https:\/\/www.europesays.com\/fr\/wp-json\/wp\/v2\/tags?post=511251"}],"curies":[{"name":"wp","href":"https:\/\/api.w.org\/{rel}","templated":true}]}}