{"id":511262,"date":"2025-11-04T13:51:17","date_gmt":"2025-11-04T13:51:17","guid":{"rendered":"https:\/\/www.europesays.com\/fr\/511262\/"},"modified":"2025-11-04T13:51:17","modified_gmt":"2025-11-04T13:51:17","slug":"des-coups-de-feu-pres-de-la-beaujoire-un-appartement-grele-de-balles","status":"publish","type":"post","link":"https:\/\/www.europesays.com\/fr\/511262\/","title":{"rendered":"des coups de feu pr\u00e8s de la Beaujoire, un appartement gr\u00eal\u00e9 de balles"},"content":{"rendered":"<p>\n    Un logement situ\u00e9 au quatri\u00e8me \u00e9tage d\u2019un immeuble a \u00e9t\u00e9 cribl\u00e9 de balles, lundi soir, dans le nord de l\u2019agglom\u00e9ration nantaise. Aucun bless\u00e9 n\u2019est \u00e0 d\u00e9plorer. Une enqu\u00eate a \u00e9t\u00e9 ouverte.<\/p>\n<p class=\"fig-paragraph\">Balles perdues ou tentative d\u2019intimidation\u00a0? Une s\u00e9rie de coups de feu a retenti dans le nord\u00a0<a href=\"https:\/\/www.lefigaro.fr\/nantes\" target=\"_blank\" data-fig-type=\"Section\" rel=\"sponsored noopener nofollow\" data-gtm-custom-categorie=\"navigation\" data-gtm-custom-action=\"crossclick\" data-gtm-custom-label=\"Contextuel\" data-gtm-event=\"customEventSPE\" data-fig-domain=\"LEFIGARO\">de Nantes<\/a>\u00a0(Loire-Atlantique), aux alentours de 22 heures, lundi 3 novembre. Les d\u00e9tonations se sont produites dans un b\u00e2timent d\u2019habitation, entre le stade de la Beaujoire et\u00a0<a href=\"http:\/\/www.lefigaro.fr\/nantes\/nantes-ils-voulaient-livrer-18-kebabs-aux-detenus-de-la-maison-d-arret-20251020\" target=\"_blank\" data-fig-type=\"NewsFlash\" rel=\"noopener nofollow\" data-gtm-custom-categorie=\"navigation\" data-gtm-custom-action=\"crossclick\" data-gtm-custom-label=\"Contextuel\" data-gtm-event=\"customEventSPE\" data-fig-domain=\"LEFIGARO\">la maison d\u2019arr\u00eat<\/a>\u00a0de l\u2019agglom\u00e9ration. Un appartement a \u00e9t\u00e9 cribl\u00e9 de cinq balles. Une famille \u00e9tait pr\u00e9sente \u00e0 l\u2019int\u00e9rieur, au moment des faits. Aucun bless\u00e9 n\u2019est \u00e0 d\u00e9plorer, selon une source polici\u00e8re.<\/p>\n<p>Cinq balles de calibre 38<\/p>\n<p class=\"fig-paragraph\">Le soir m\u00eame, la police judiciaire \u00e9tait sur place. D\u2019apr\u00e8s nos confr\u00e8res de\u00a0<a href=\"https:\/\/www.ouest-france.fr\/societe\/faits-divers\/des-coups-de-feu-dans-un-immeuble-a-nantes-cinq-balles-traversent-la-porte-de-lappartement-454c071e-b961-11f0-a456-5b350733c580\" target=\"_blank\" rel=\"sponsored noopener nofollow\" data-gtm-custom-categorie=\"navigation\" data-gtm-custom-action=\"crossclick\" data-gtm-custom-label=\"Contextuel\" data-gtm-event=\"customEventSPE\">Ouest France<\/a>, cinq balles de calibre 38 ont travers\u00e9 un logement du quatri\u00e8me \u00e9tage, all\u00e9e Constance-Gallot. Les coups de feu auraient \u00e9t\u00e9 tir\u00e9s depuis le couloir de l\u2019immeuble. Les tirs ont endommag\u00e9 la porte d\u2019entr\u00e9e ainsi qu\u2019un placard. Une enqu\u00eate a \u00e9t\u00e9 confi\u00e9e au service local de police judiciaire (SLPJ). Aucune interpellation n\u2019\u00e9tait \u00e0 signaler mardi matin.<\/p>\n","protected":false},"excerpt":{"rendered":"Un logement situ\u00e9 au quatri\u00e8me \u00e9tage d\u2019un immeuble a \u00e9t\u00e9 cribl\u00e9 de balles, lundi soir, dans le nord&hellip;\n","protected":false},"author":2,"featured_media":511263,"comment_status":"","ping_status":"","sticky":false,"template":"","format":"standard","meta":{"footnotes":""},"categories":[2818],"tags":[1111,11,5143,1777,674,1011,27,766,12,2636,25],"class_list":{"0":"post-511262","1":"post","2":"type-post","3":"status-publish","4":"format-standard","5":"has-post-thumbnail","7":"category-nantes","8":"tag-actu","9":"tag-actualites","10":"tag-coups-de-feu","11":"tag-eu","12":"tag-europe","13":"tag-fr","14":"tag-france","15":"tag-nantes","16":"tag-news","17":"tag-pays-de-la-loire","18":"tag-republique-francaise"},"share_on_mastodon":{"url":"https:\/\/pubeurope.com\/@fr\/115491758675304404","error":""},"_links":{"self":[{"href":"https:\/\/www.europesays.com\/fr\/wp-json\/wp\/v2\/posts\/511262","targetHints":{"allow":["GET"]}}],"collection":[{"href":"https:\/\/www.europesays.com\/fr\/wp-json\/wp\/v2\/posts"}],"about":[{"href":"https:\/\/www.europesays.com\/fr\/wp-json\/wp\/v2\/types\/post"}],"author":[{"embeddable":true,"href":"https:\/\/www.europesays.com\/fr\/wp-json\/wp\/v2\/users\/2"}],"replies":[{"embeddable":true,"href":"https:\/\/www.europesays.com\/fr\/wp-json\/wp\/v2\/comments?post=511262"}],"version-history":[{"count":0,"href":"https:\/\/www.europesays.com\/fr\/wp-json\/wp\/v2\/posts\/511262\/revisions"}],"wp:featuredmedia":[{"embeddable":true,"href":"https:\/\/www.europesays.com\/fr\/wp-json\/wp\/v2\/media\/511263"}],"wp:attachment":[{"href":"https:\/\/www.europesays.com\/fr\/wp-json\/wp\/v2\/media?parent=511262"}],"wp:term":[{"taxonomy":"category","embeddable":true,"href":"https:\/\/www.europesays.com\/fr\/wp-json\/wp\/v2\/categories?post=511262"},{"taxonomy":"post_tag","embeddable":true,"href":"https:\/\/www.europesays.com\/fr\/wp-json\/wp\/v2\/tags?post=511262"}],"curies":[{"name":"wp","href":"https:\/\/api.w.org\/{rel}","templated":true}]}}