{"id":511272,"date":"2025-11-04T13:57:18","date_gmt":"2025-11-04T13:57:18","guid":{"rendered":"https:\/\/www.europesays.com\/fr\/511272\/"},"modified":"2025-11-04T13:57:18","modified_gmt":"2025-11-04T13:57:18","slug":"le-message-fort-du-chu-de-lille-du-losc-et-de-lemahieu","status":"publish","type":"post","link":"https:\/\/www.europesays.com\/fr\/511272\/","title":{"rendered":"le message fort du CHU de Lille, du LOSC et de Lemahieu"},"content":{"rendered":"<p>            Par<br \/>\n        <strong><br \/>\n            <a href=\"https:\/\/actu.fr\/auteur\/nicolas-demollien\" title=\"Consulter tous les articles de Nicolas Demollien\" target=\"_blank\" rel=\"noopener\">Nicolas Demollien<\/a><br \/>\n        <\/strong><\/p>\n<p>        Publi\u00e9 le<\/p>\n<p>            4 nov. 2025 \u00e0 12h46        <\/p>\n<p>C\u2019est une <b>belle collaboration<\/b> que mettent \u00e0 nouveau en place le <a href=\"https:\/\/actu.fr\/tag\/chu-de-lille\" target=\"_blank\" rel=\"noopener\">CHU de Lille<\/a>, le <a href=\"https:\/\/actu.fr\/tag\/losc\" target=\"_blank\" rel=\"noopener\">LOSC<\/a> et l\u2019<a href=\"https:\/\/actu.fr\/hauts-de-france\/saint-andre-lez-lille_59527\/nord-malgre-la-crise-du-textile-cette-entreprise-enregistre-22-de-chiffre-daffaires_62971492.html\" target=\"_blank\" rel=\"noopener\">entreprise Lemahieu<\/a> en ce mois de novembre\u00a02025. Les <b>trois institutions se mobilisent<\/b> dans la <b>pr\u00e9vention et la lutte<\/b> contre les <a href=\"https:\/\/actu.fr\/tag\/cancer\" target=\"_blank\" rel=\"noopener\">cancers<\/a> masculins. Le message est limpide et un boxer est propos\u00e9.<\/p>\n<p>Le CHU de Lille, le LOSC et Lemahieu mobilis\u00e9s contre les cancers masculins<\/p>\n<p class=\" wall-content\">Il faut dire que le sujet est d\u2019ampleur puisque \u00ab\u2009les cancers de la prostate et du testicule demeurent des sujets trop souvent tus, bien qu\u2019ils touchent des milliers d\u2019hommes chaque ann\u00e9e\u2009\u00bb, rappelle-t-on du c\u00f4t\u00e9 du CHU.<\/p>\n<p class=\" wall-content\">C\u2019est ainsi que les trois entit\u00e9s lancent pour la troisi\u00e8me fois la campagne\u00a0<b>#JeMeT\u00e2te<\/b> pour \u00ab<b>\u2009sensibiliser aux cancers masculins, promouvoir l\u2019autopalpation et collecter des fonds<\/b> pour lutter contre le cancer\u2009\u00bb.<\/p>\n<p data-end=\"1397\" class=\" wall-content\">Pourquoi cette alliance entre les trois institutions\u2009? \u00ab\u2009Ensemble, nous incarnons l\u2019expertise de m\u00e9decins sp\u00e9cialistes, la force d\u2019une tribune sportive nationale et l\u2019engagement d\u2019une entreprise \u00e9thique, porteuse du savoir-faire et de la fabrication fran\u00e7aise\u2009\u00bb, lance le trio.<\/p>\n<p data-end=\"1872\" class=\" wall-content\">Au c\u0153ur de cette initiative\u2009: un <b>boxer en \u00e9dition limit\u00e9e<\/b> arborant le slogan #JeMeT\u00e2te. Cette ann\u00e9e, le <b>concept s\u2019articule autour du<\/b> <b data-end=\"1556\">carton rouge<\/b>, symbole du football et du sport en g\u00e9n\u00e9ral, universellement compris comme un avertissement fort et un appel \u00e0 l\u2019action imm\u00e9diate\u2009: \u00ab\u2009on arr\u00eate le jeu, on sanctionne, on agit\u2009\u00bb. Dans ce contexte, le carton rouge devient ainsi \u00ab\u2009une <b>m\u00e9taphore d\u2019un danger pour la sant\u00e9 que l\u2019on peut \u00e9viter<\/b>\u2009\u00bb.<\/p>\n<p data-end=\"2493\" class=\" wall-content\">Produit par Lemahieu, le boxer est disponible en \u00e9dition limit\u00e9e sur le site lemahieu.com, dans les boutiques du LOSC, au Printemps de Lille, dans le corner \u00ab\u2009Le Joli Cadeau\u2009\u00bb et dans les boutiques Relais H du CHU de Lille.<\/p>\n<p data-end=\"2493\" class=\" wall-content\">\u00ab\u2009\u00c0 s\u2019offrir ou \u00e0 offrir \u00e0 ses proches\u2009: la parfaite occasion d\u2019aborder de mani\u00e8re d\u00e9cal\u00e9e et avec une <b>pointe d\u2019humour un sujet \u00e0 la fois intime et encore trop souvent tabou<\/b>\u2009\u00bb, lance-t-on du c\u00f4t\u00e9 du CHU. D\u2019autant qu\u2019en achetant ce boxer, vous participez concr\u00e8tement \u00e0 la lutte contre le cancer, puisque la totalit\u00e9 des b\u00e9n\u00e9fices est revers\u00e9e au Fonds de dotation du CHU de Lille.<\/p>\n<p>Votre r\u00e9gion, votre actu !<\/p>\n<p>Recevez chaque jour les infos qui comptent pour vous.<\/p>\n<p>\t<a href=\"https:\/\/actu.fr\/newsletter\" class=\"ac-btn ac-btn--corner ac-btn--medium ac-btn--blue800\" target=\"_blank\" rel=\"noopener\">S&rsquo;incrire<\/a><br \/>\nUn guide d\u2019autopalpation<\/p>\n<p data-end=\"2874\" class=\" wall-content\">Ce boxer est propos\u00e9 dans un coffret au prix de <b data-end=\"2555\">25\u00a0euros<\/b>. \u00c0 l\u2019int\u00e9rieur, se trouve une carte illustr\u00e9e accompagn\u00e9e d\u2019un <b data-end=\"2644\">guide d\u2019autopalpation<\/b>, \u00e9labor\u00e9 en collaboration avec les oncologues et les urologues du CHU de Lille.<\/p>\n<p data-end=\"2874\" class=\" wall-content\">\u00ab\u2009Ce guide explique simplement les gestes de l\u2019autopalpation des testicules, que <b>chaque homme devrait r\u00e9aliser une fois par mois, entre 14 et 45\u00a0ans<\/b>\u2009\u00bb.<\/p>\n<p data-end=\"3002\" class=\" wall-content\">Au-del\u00e0 du boxer, la campagne de pr\u00e9vention se d\u00e9ploiera tout au long du mois de novembre avec diverses actions, notamment\u2009:<\/p>\n<ul class=\" wall-content\">\n<li data-end=\"3002\">la diffusion de messages de pr\u00e9vention lors des matchs du LOSC au stade Pierre Mauroy\u2009;<\/li>\n<li data-end=\"3002\">des stands de pr\u00e9vention \u00e0 destination du grand public et des professionnels de sant\u00e9, le 6\u00a0novembre 2025 de 14\u2009h \u00e0 16\u2009h\u200930 \u00e0 l\u2019h\u00f4pital Jeanne de Flandre et le 27\u00a0novembre 2025 de 11\u2009h\u200930 \u00e0 15\u2009h \u00e0 l\u2019h\u00f4pital Claude Huriez\u2009;<\/li>\n<li data-end=\"3514\">une campagne digitale \u00e0 suivre sur les r\u00e9seaux sociaux avec le hashtag #JeMeT\u00e2te.<\/li>\n<\/ul>\n<p>    <a href=\"https:\/\/www.facebook.com\/plugins\/post.php?href=https%3A%2F%2Fwww.facebook.com%2Fchulille%2Fposts%2Fpfbid031DEX1H1Z48Sxw6KFFuLXyVBT9tZeRTgQxSySV8kYvzqq8QT2gxVKN5zhZEUFv28El&amp;show_text=true&amp;width=350\" title=\"Ouvrie le lien\" target=\"_blank\" rel=\"noopener\">Cliquez ici pour visualiser le contenu<\/a><\/p>\n<p data-end=\"3978\" class=\" wall-content\">\u00ab\u2009Le message est clair\u2009: <b>brisons les barri\u00e8res de la g\u00eane et encourageons la discussion<\/b> et l\u2019action autour des cancers masculins, en particulier du cancer du testicule, le plus fr\u00e9quent chez les hommes jeunes\u2009\u00bb.<\/p>\n<p data-end=\"3978\" class=\" wall-content\">En effet, plus un cancer du testicule est d\u00e9couvert pr\u00e9cocement, plus les chances de gu\u00e9rison et de limitation des s\u00e9quelles sont \u00e9lev\u00e9es. \u00ab\u2009Pratiquer chaque mois les gestes d\u2019autopalpation, c\u2019est <b>devenir acteur de sa sant\u00e9 en agissant au bon moment<\/b>\u2009\u00bb.<\/p>\n<p class=\" wall-content\">Personnalisez votre actualit\u00e9 en ajoutant vos villes et m\u00e9dias en favori avec <a href=\"https:\/\/moncompte.actu.fr\" title=\"D\u00e9couvez Mon Actu\" rel=\"nofollow noopener\" data-trk=\"{&quot;cta&quot;:{&quot;action&quot;:&quot;https:\\\/\\\/moncompte.actu.fr&quot;,&quot;category&quot;:&quot;mon compte&quot;,&quot;from&quot;:&quot;article footer&quot;,&quot;name&quot;:&quot;Mon actu&quot;,&quot;type&quot;:&quot;cta&quot;}}\" target=\"_blank\">Mon Actu<\/a>.<\/p>\n","protected":false},"excerpt":{"rendered":"Par Nicolas Demollien Publi\u00e9 le 4 nov. 2025 \u00e0 12h46 C\u2019est une belle collaboration que mettent \u00e0 nouveau&hellip;\n","protected":false},"author":2,"featured_media":511273,"comment_status":"","ping_status":"","sticky":false,"template":"","format":"standard","meta":{"footnotes":""},"categories":[2815],"tags":[1111,11,101,1777,674,1011,27,811,1307,2267,12,25,71,104],"class_list":{"0":"post-511272","1":"post","2":"type-post","3":"status-publish","4":"format-standard","5":"has-post-thumbnail","7":"category-lille","8":"tag-actu","9":"tag-actualites","10":"tag-cancer","11":"tag-eu","12":"tag-europe","13":"tag-fr","14":"tag-france","15":"tag-hauts-de-france","16":"tag-lille","17":"tag-losc","18":"tag-news","19":"tag-republique-francaise","20":"tag-sante","21":"tag-societe"},"share_on_mastodon":{"url":"https:\/\/pubeurope.com\/@fr\/115491782324464754","error":""},"_links":{"self":[{"href":"https:\/\/www.europesays.com\/fr\/wp-json\/wp\/v2\/posts\/511272","targetHints":{"allow":["GET"]}}],"collection":[{"href":"https:\/\/www.europesays.com\/fr\/wp-json\/wp\/v2\/posts"}],"about":[{"href":"https:\/\/www.europesays.com\/fr\/wp-json\/wp\/v2\/types\/post"}],"author":[{"embeddable":true,"href":"https:\/\/www.europesays.com\/fr\/wp-json\/wp\/v2\/users\/2"}],"replies":[{"embeddable":true,"href":"https:\/\/www.europesays.com\/fr\/wp-json\/wp\/v2\/comments?post=511272"}],"version-history":[{"count":0,"href":"https:\/\/www.europesays.com\/fr\/wp-json\/wp\/v2\/posts\/511272\/revisions"}],"wp:featuredmedia":[{"embeddable":true,"href":"https:\/\/www.europesays.com\/fr\/wp-json\/wp\/v2\/media\/511273"}],"wp:attachment":[{"href":"https:\/\/www.europesays.com\/fr\/wp-json\/wp\/v2\/media?parent=511272"}],"wp:term":[{"taxonomy":"category","embeddable":true,"href":"https:\/\/www.europesays.com\/fr\/wp-json\/wp\/v2\/categories?post=511272"},{"taxonomy":"post_tag","embeddable":true,"href":"https:\/\/www.europesays.com\/fr\/wp-json\/wp\/v2\/tags?post=511272"}],"curies":[{"name":"wp","href":"https:\/\/api.w.org\/{rel}","templated":true}]}}