{"id":511277,"date":"2025-11-04T14:00:27","date_gmt":"2025-11-04T14:00:27","guid":{"rendered":"https:\/\/www.europesays.com\/fr\/511277\/"},"modified":"2025-11-04T14:00:27","modified_gmt":"2025-11-04T14:00:27","slug":"lyon-il-cache-une-marchandise-stupefiante-dans-sa-valise-rose-grosse-prise-a-part-dieu","status":"publish","type":"post","link":"https:\/\/www.europesays.com\/fr\/511277\/","title":{"rendered":"Lyon. Il cache une marchandise stup\u00e9fiante dans sa valise rose, grosse prise \u00e0 Part-Dieu"},"content":{"rendered":"<p>            Par<br \/>\n        <strong><br \/>\n            <a href=\"https:\/\/actu.fr\/auteur\/anthony-soudani\" title=\"Consulter tous les articles de Anthony Soudani\" target=\"_blank\" rel=\"noopener\">Anthony Soudani<\/a><br \/>\n        <\/strong><\/p>\n<p>        Publi\u00e9 le<\/p>\n<p>            4 nov. 2025 \u00e0 14h33        <\/p>\n<p><strong>INFO ACTU LYON. <\/strong>La valise rose ne contenait pas des bonbons d\u2019<a href=\"https:\/\/actu.fr\/auvergne-rhone-alpes\/lyon_69123\/lyon-disparu-a-une-soiree-halloween-cet-etudiant-toujours-introuvable-l-inquietude-monte_63387427.html\" target=\"_blank\" rel=\"noopener\">Halloween<\/a>\u2026 Les CRS ont proc\u00e9d\u00e9 \u00e0 l\u2019interpellation d\u2019un homme dans le quartier de <a href=\"https:\/\/actu.fr\/tag\/lyon-part-dieu\" target=\"_blank\" rel=\"noopener\">Part-Dieu<\/a>, \u00e0 <strong>Lyon<\/strong>, entre 21h et 21h30, lundi 3\u00a0novembre. Son bagage contenait une importante quantit\u00e9 de m\u00e9dicaments dont l\u2019usage est d\u00e9tourn\u00e9.<\/p>\n<p class=\" wall-content\">Selon nos informations, le suspect a \u00e9t\u00e9 arr\u00eat\u00e9 rue Moncey. Lorsque les policiers ont fouill\u00e9 sa valise rose, ils ont d\u00e9couvert <strong>350 plaquettes de Pr\u00e9gabaline<\/strong>.<\/p>\n<p>\u00ab\u2009La drogue du pauvre\u2009\u00bb<\/p>\n<p class=\" wall-content\">Ce m\u00e9dicament est \u00e0 la base un anti-\u00e9pileptique d\u00e9livr\u00e9 uniquement sur ordonnance en pharmacie. Surnomm\u00e9 \u00ab\u2009la drogue du pauvre\u2009\u00bb, il est d\u00e9tourn\u00e9 par les consommateurs de drogue depuis 2023.<\/p>\n<p class=\" wall-content\">Son usage, notamment dans le secteur de la Guilloti\u00e8re, est de plus en plus fr\u00e9quent \u00e0 <a href=\"https:\/\/actu.fr\/auvergne-rhone-alpes\/lyon_69123\" target=\"_blank\" rel=\"noopener\">Lyon<\/a>.<\/p>\n<p>    <a href=\"https:\/\/www.google.com\/maps\/embed?pb=!1m18!1m12!1m3!1d2783.572460511412!2d4.845346976619185!3d45.75971651367225!2m3!1f0!2f0!3f0!3m2!1i1024!2i768!4f13.1!3m3!1m2!1s0x47f4ea5e66e5ced5%3A0xb5b5142a9d4e33c8!2sRue%20Moncey%2C%2069003%20Lyon!5e0!3m2!1sfr!2sfr!4v1762262020999!5m2!1sfr!2sfr\" title=\"Ouvrie le lien\" target=\"_blank\" rel=\"noopener\">Cliquez ici pour visualiser le contenu<\/a><\/p>\n<p class=\" wall-content\">L\u2019individu, un Alg\u00e9rien en situation irr\u00e9guli\u00e8re, a \u00e9t\u00e9 plac\u00e9 en garde \u00e0 vue. Les CRS ont \u00e9galement trouv\u00e9 un <strong>sachet de coca\u00efne<\/strong> lors de la palpation, ainsi qu\u2019une carte d\u2019identit\u00e9 dont il ne pouvait pas justifier la provenance.<\/p>\n<p class=\" wall-content\">Personnalisez votre actualit\u00e9 en ajoutant vos villes et m\u00e9dias en favori avec <a href=\"https:\/\/moncompte.actu.fr\" title=\"D\u00e9couvez Mon Actu\" rel=\"nofollow noopener\" data-trk=\"{&quot;cta&quot;:{&quot;action&quot;:&quot;https:\\\/\\\/moncompte.actu.fr&quot;,&quot;category&quot;:&quot;mon compte&quot;,&quot;from&quot;:&quot;article footer&quot;,&quot;name&quot;:&quot;Mon actu&quot;,&quot;type&quot;:&quot;cta&quot;}}\" target=\"_blank\">Mon Actu<\/a>.<\/p>\n","protected":false},"excerpt":{"rendered":"Par Anthony Soudani Publi\u00e9 le 4 nov. 2025 \u00e0 14h33 INFO ACTU LYON. La valise rose ne contenait&hellip;\n","protected":false},"author":2,"featured_media":511278,"comment_status":"","ping_status":"","sticky":false,"template":"","format":"standard","meta":{"footnotes":""},"categories":[1889],"tags":[1111,11,2430,1052,1777,674,118,1011,27,2428,6178,12,1072,25],"class_list":{"0":"post-511277","1":"post","2":"type-post","3":"status-publish","4":"format-standard","5":"has-post-thumbnail","7":"category-lyon","8":"tag-actu","9":"tag-actualites","10":"tag-auvergne-rhone-alpes","11":"tag-drogue","12":"tag-eu","13":"tag-europe","14":"tag-faits-divers","15":"tag-fr","16":"tag-france","17":"tag-lyon","18":"tag-lyon-part-dieu","19":"tag-news","20":"tag-police","21":"tag-republique-francaise"},"share_on_mastodon":{"url":"https:\/\/pubeurope.com\/@fr\/115491794082157421","error":""},"_links":{"self":[{"href":"https:\/\/www.europesays.com\/fr\/wp-json\/wp\/v2\/posts\/511277","targetHints":{"allow":["GET"]}}],"collection":[{"href":"https:\/\/www.europesays.com\/fr\/wp-json\/wp\/v2\/posts"}],"about":[{"href":"https:\/\/www.europesays.com\/fr\/wp-json\/wp\/v2\/types\/post"}],"author":[{"embeddable":true,"href":"https:\/\/www.europesays.com\/fr\/wp-json\/wp\/v2\/users\/2"}],"replies":[{"embeddable":true,"href":"https:\/\/www.europesays.com\/fr\/wp-json\/wp\/v2\/comments?post=511277"}],"version-history":[{"count":0,"href":"https:\/\/www.europesays.com\/fr\/wp-json\/wp\/v2\/posts\/511277\/revisions"}],"wp:featuredmedia":[{"embeddable":true,"href":"https:\/\/www.europesays.com\/fr\/wp-json\/wp\/v2\/media\/511278"}],"wp:attachment":[{"href":"https:\/\/www.europesays.com\/fr\/wp-json\/wp\/v2\/media?parent=511277"}],"wp:term":[{"taxonomy":"category","embeddable":true,"href":"https:\/\/www.europesays.com\/fr\/wp-json\/wp\/v2\/categories?post=511277"},{"taxonomy":"post_tag","embeddable":true,"href":"https:\/\/www.europesays.com\/fr\/wp-json\/wp\/v2\/tags?post=511277"}],"curies":[{"name":"wp","href":"https:\/\/api.w.org\/{rel}","templated":true}]}}