{"id":511284,"date":"2025-11-04T14:05:12","date_gmt":"2025-11-04T14:05:12","guid":{"rendered":"https:\/\/www.europesays.com\/fr\/511284\/"},"modified":"2025-11-04T14:05:12","modified_gmt":"2025-11-04T14:05:12","slug":"info-bfmtv-la-plateforme-airbnb-assignee-en-justice-a-paris-pour-des-locations-de-logements-en-territoires-cisjordaniens-occupes","status":"publish","type":"post","link":"https:\/\/www.europesays.com\/fr\/511284\/","title":{"rendered":"INFO BFMTV. La plateforme Airbnb assign\u00e9e en justice \u00e0 Paris pour des locations de logements en territoires cisjordaniens occup\u00e9s"},"content":{"rendered":"<p class=\"mb-4 text-lg md:leading-8 break-words\">Pour les f\u00eates de fin d\u2019ann\u00e9e, sur Airbnb, il y a encore le choix. Une \u00ab\u00a0superbe villa dans le village calme et bucolique\u00a0\u00bb de Herzliya \u00e0 328 euros par nuit. Une \u00ab\u00a0charmante location de vacances\u00a0\u00bb avec un jardin disposant d\u2019une balan\u00e7oire bleue \u00e0 Har Adar. Ou un logement, certes, d\u00e9pouill\u00e9 mais bien pratique avec son parking gratuit \u00e0 \u00ab\u00a0Oranit la magique\u00a0\u00bb pour 74 euros par nuit.<\/p>\n<p class=\"mb-4 text-lg md:leading-8 break-words\">Selon les informations de BFMTV, l\u2019association Juristes pour le respect du droit international (Jurdi) vient d\u2019assigner la plateforme <a href=\"https:\/\/www.bfmtv.com\/immobilier\/location\/le-gouvernement-espagnol-demande-a-airbnb-de-retirer-de-son-site-plus-de-65-000-annonces-de-logements_AD-202505190467.html\" rel=\"nofollow noopener\" target=\"_blank\" data-ylk=\"slk:Airbnb;elm:context_link;itc:0;sec:content-canvas\" class=\"link \">Airbnb<\/a> devant la justice fran\u00e7aise. Elle l\u2019accuse de soutenir les crimes de guerre en proposant \u00e0 la location des biens situ\u00e9s dans <a href=\"https:\/\/fr.news.yahoo.com\/isra%C3%ABl-annonce-avoir-tu%C3%A9-trois-083856240.html\" data-ylk=\"slk:les territoires palestiniens occup\u00e9s par Isra\u00ebl en Cisjordanie;elm:context_link;itc:0;sec:content-canvas;outcm:mb_qualified_link;_E:mb_qualified_link;ct:story;\" class=\"link  yahoo-link\" target=\"_blank\" rel=\"noopener\">les territoires palestiniens occup\u00e9s par Isra\u00ebl en Cisjordanie<\/a>.<\/p>\n<p class=\"mb-4 text-lg md:leading-8 break-words\">\u00ab\u00a0En proposant ces logements, (Airbnb) contribue \u00e0 la normalisation et \u00e0 la p\u00e9rennisation du r\u00e9gime colonial, en apportant des ressources financi\u00e8res aux colons et en l\u00e9gitimant leur pr\u00e9sence\u00a0\u00bb, assure Jurdi dans son assignation dont BFMTV a pu consulter des extraits.<\/p>\n<p>350 logements litigieux en 2025 selon la rapporteuse des Nations unies<\/p>\n<p class=\"mb-4 text-lg md:leading-8 break-words\">La d\u00e9marche de Jurdi suit <a href=\"https:\/\/www.bfmtv.com\/economie\/international\/un-tourisme-d-occupation-la-ligue-des-droits-de-l-homme-porte-plainte-contre-airbnb-et-booking-qui-proposent-des-locations-dans-les-colonies-israeliennes-en-palestine_AD-202510170386.html\" rel=\"nofollow noopener\" target=\"_blank\" data-ylk=\"slk:de peu celle de la Ligue des droits de l\u2019Homme qui;elm:context_link;itc:0;sec:content-canvas\" class=\"link \">de peu celle de la Ligue des droits de l\u2019Homme qui<\/a>, le mois dernier, a annonc\u00e9 avoir port\u00e9 plainte au p\u00e9nal contre Airbnb. Cette fois-ci, c\u2019est donc sur le terrain civil que la plateforme de location entre particuliers est attaqu\u00e9e. Il faut dire que le probl\u00e8me n\u2019est pas nouveau. Mais il semble prendre de l\u2019ampleur.<\/p>\n<p class=\"mb-4 text-lg md:leading-8 break-words\">Dans un rapport publi\u00e9 le 30 juin 2025, Francesca Albanese, rapporteuse sp\u00e9ciale des Nations unies, estime qu\u2019Airbnb propose aujourd\u2019hui environ 350 logements \u00e0 la location dans ces territoires que la plateforme qualifie de \u00ab\u00a0contest\u00e9s\u00a0\u00bb, contre 139 en 2016. Ce qui la rend, selon Jurdi, coupable des d\u00e9lits de \u00ab\u00a0recel\u00a0\u00bb et de \u00ab\u00a0blanchiment du produit de crimes de guerre\u00a0\u00bb.<\/p>\n<p class=\"mb-4 text-lg md:leading-8 break-words\">Des violations du droit international, donc. Mais aussi du droit fran\u00e7ais, selon l\u2019association. \u00ab\u00a0Dans notre pays, on ne peut pas proposer de contrat contraire \u00e0 l\u2019ordre public, \u00e9claire en effet l\u2019avocate H\u00e9l\u00e8ne Massin-Trachez qui porte ce combat pour Jurdi. Or, c\u2019est ce que fait Airbnb en proposant ces contrats de location illicites. Et cette entreprise les propose \u00e0 ses clients situ\u00e9s sur le sol fran\u00e7ais\u00a0\u00bb.<\/p>\n<p class=\"mb-4 text-lg md:leading-8 break-words\">Jurdi r\u00e9clame donc \u00e0 la justice civile de forcer Airbnb \u00e0 retirer les annonces litigieuses de son offre accessibles depuis la France. Si le tribunal lui donne raison, la plateforme aura alors huit jours pour se mettre en conformit\u00e9, avant d\u2019\u00eatre sanctionn\u00e9e d\u2019une astreinte de 5.000 euros par jour de retard.<\/p>\n<p>Premi\u00e8re audience \u00e0 Paris le 13 janvier prochain<\/p>\n<p class=\"mb-4 text-lg md:leading-8 break-words\">Contact\u00e9 par BFMTV, Airbnb se d\u00e9fend, en tout \u00e9tat de cause, de faire des b\u00e9n\u00e9fices sur le dos de la situation internationale:<\/p>\n<p class=\"mb-4 text-lg md:leading-8 break-words\">\u00ab\u00a0Du fait de notre pr\u00e9sence dans le monde entier, nous sommes et continuerons d\u2019\u00eatre confront\u00e9s \u00e0 des situations complexes, fait-elle valoir. Nous restons d\u00e9termin\u00e9s \u00e0 aborder chacune de ces situations avec la plus grande attention\u00a0\u00bb.<\/p>\n<p class=\"mb-4 text-lg md:leading-8 break-words\">Mais ce n\u2019est pas simple. En 2018, Airbnb avait annonc\u00e9 son intention de supprimer les annonces litigieuses avant d\u2019\u00eatre menac\u00e9e de poursuites judiciaires par certains clients.<\/p>\n<p class=\"mb-4 text-lg md:leading-8 break-words\">Elle avait donc d\u00e9cid\u00e9 de maintenir les biens \u00e0 la location, tout en annon\u00e7ant reverser d\u00e9sormais l\u2019int\u00e9gralit\u00e9 des b\u00e9n\u00e9fices \u00e0 des organisations \u00e0 but non lucratif, sans que l\u2019on puisse savoir lesquelles pr\u00e9cis\u00e9ment. Entre mai 2024 et avril 2025, elle pr\u00e9tend avoir revers\u00e9 16.681 dollars correspondant aux b\u00e9n\u00e9fices tir\u00e9s des locations en Cisjordanie mais aussi dans les territoires disput\u00e9s d\u2019Abkhazie et d\u2019Oss\u00e9tie du Sud. Une d\u00e9marche insuffisante pour Jurdi.<\/p>\n<p class=\"mb-4 text-lg md:leading-8 break-words\">\u00ab\u00a0En fait, c\u2019est m\u00eame une forme d\u2019aveu si l\u2019argent est sale au point qu\u2019Airbnb souhaite le reverser \u00e0 des associations, indique ainsi Julien Bayou, un des autres avocats qui porte cette assignation. Et cela ne change rien au fond. M\u00eame sans conserver les commissions per\u00e7ues, cette plateforme aide des propri\u00e9taires situ\u00e9s dans les colonies \u00e0 s\u2019enrichir et se fait complice de ces crimes\u00a0\u00bb.<\/p>\n<p class=\"mb-4 text-lg md:leading-8 break-words\">Ce sera d\u00e9sormais \u00e0 la justice de trancher. Selon les informations recueillies par BFMTV, Airbnb a re\u00e7u l\u2019assignation en question il y a quelques jours. Une premi\u00e8re audience de mise en \u00e9tat est d\u2019ores et d\u00e9j\u00e0 programm\u00e9e le 13 janvier prochain.<\/p>\n<p class=\"mb-4 text-lg md:leading-8 break-words\"><a href=\"https:\/\/www.bfmtv.com\/police-justice\/info-bfmtv-la-plateforme-airbnb-assignee-en-justice-a-paris-pour-des-locations-de-logements-en-territoires-cisjordaniens-occupes_AN-202511040595.html#xtor=AL-68\" rel=\"nofollow noopener\" target=\"_blank\" data-ylk=\"slk:Article original publi\u00e9 sur BFMTV.com;elm:context_link;itc:0;sec:content-canvas\" class=\"link \">Article original publi\u00e9 sur BFMTV.com<\/a><\/p>\n","protected":false},"excerpt":{"rendered":"Pour les f\u00eates de fin d\u2019ann\u00e9e, sur Airbnb, il y a encore le choix. Une \u00ab\u00a0superbe villa dans&hellip;\n","protected":false},"author":2,"featured_media":511285,"comment_status":"","ping_status":"","sticky":false,"template":"","format":"standard","meta":{"footnotes":""},"categories":[1888],"tags":[1111,1928,11,1927,7345,10831,1081,1777,674,1011,27,63222,13614,30158,12,1926,626,1925,25],"class_list":{"0":"post-511284","1":"post","2":"type-post","3":"status-publish","4":"format-standard","5":"has-post-thumbnail","7":"category-paris","8":"tag-actu","9":"tag-actu-paris","10":"tag-actualites","11":"tag-actualites-paris","12":"tag-airbnb","13":"tag-bfmtv","14":"tag-crimes-de-guerre","15":"tag-eu","16":"tag-europe","17":"tag-fr","18":"tag-france","19":"tag-jurdi","20":"tag-ligue-des-droits-de-lhomme","21":"tag-location-de-vacances","22":"tag-news","23":"tag-news-paris","24":"tag-paris","25":"tag-paris-news","26":"tag-republique-francaise"},"share_on_mastodon":{"url":"https:\/\/pubeurope.com\/@fr\/115491813725406016","error":""},"_links":{"self":[{"href":"https:\/\/www.europesays.com\/fr\/wp-json\/wp\/v2\/posts\/511284","targetHints":{"allow":["GET"]}}],"collection":[{"href":"https:\/\/www.europesays.com\/fr\/wp-json\/wp\/v2\/posts"}],"about":[{"href":"https:\/\/www.europesays.com\/fr\/wp-json\/wp\/v2\/types\/post"}],"author":[{"embeddable":true,"href":"https:\/\/www.europesays.com\/fr\/wp-json\/wp\/v2\/users\/2"}],"replies":[{"embeddable":true,"href":"https:\/\/www.europesays.com\/fr\/wp-json\/wp\/v2\/comments?post=511284"}],"version-history":[{"count":0,"href":"https:\/\/www.europesays.com\/fr\/wp-json\/wp\/v2\/posts\/511284\/revisions"}],"wp:featuredmedia":[{"embeddable":true,"href":"https:\/\/www.europesays.com\/fr\/wp-json\/wp\/v2\/media\/511285"}],"wp:attachment":[{"href":"https:\/\/www.europesays.com\/fr\/wp-json\/wp\/v2\/media?parent=511284"}],"wp:term":[{"taxonomy":"category","embeddable":true,"href":"https:\/\/www.europesays.com\/fr\/wp-json\/wp\/v2\/categories?post=511284"},{"taxonomy":"post_tag","embeddable":true,"href":"https:\/\/www.europesays.com\/fr\/wp-json\/wp\/v2\/tags?post=511284"}],"curies":[{"name":"wp","href":"https:\/\/api.w.org\/{rel}","templated":true}]}}