{"id":511292,"date":"2025-11-04T14:09:14","date_gmt":"2025-11-04T14:09:14","guid":{"rendered":"https:\/\/www.europesays.com\/fr\/511292\/"},"modified":"2025-11-04T14:09:14","modified_gmt":"2025-11-04T14:09:14","slug":"guerre-contre-lukraine-la-russie-utilise-des-milliers-de-soldats-de-coree-du-nord-pour-reconstruire-ses-infrastructures-affirme-seoul-04-11-2025-a-1454","status":"publish","type":"post","link":"https:\/\/www.europesays.com\/fr\/511292\/","title":{"rendered":"Guerre contre l&rsquo;Ukraine : la Russie utilise des milliers de soldats de Cor\u00e9e du nord pour reconstruire ses infrastructures, affirme S\u00e9oul &#8211; 04\/11\/2025 \u00e0 14:54"},"content":{"rendered":"<p> \u00ab\u00a0Des signes continus d&rsquo;entra\u00eenement et de s\u00e9lection de personnel en vue de d\u00e9ploiements de troupes suppl\u00e9mentaires ont \u00e9t\u00e9 rep\u00e9r\u00e9s\u00a0\u00bb, a affirm\u00e9 le d\u00e9put\u00e9 sud-cor\u00e9en Lee Seong-Kweun, apr\u00e8s une entrevue avec les services secrets du pays.<\/p>\n<p>        <img decoding=\"async\" src=\"https:\/\/www.europesays.com\/fr\/wp-content\/uploads\/2025\/11\/a32bab405a5b3509835185e5a9a4e936-760x506.jpg\" alt=\"Vladimir Poutine et Kim Jong Un, \u00e0 Pyongyang, en 2024 ( POOL \/ VLADIMIR SMIRNOV )\" loading=\"eager\" fetchpriority=\"high\" width=\"760\" height=\"506\" style=\"max-width: 100%!important; height: auto;\"\/><\/p>\n<p class=\"c-image-news__legend\">Vladimir Poutine et Kim Jong Un, \u00e0 Pyongyang, en 2024 ( POOL \/ VLADIMIR SMIRNOV )<\/p>\n<p>\n Perturb\u00e9e par les frappes ukrainiennes visant notamment ses installations \u00e9nerg\u00e9tiques, la Russie fait appel \u00e0 la main d&rsquo;oeuvre de Pyongyang, affirme un repr\u00e9sentant sud-cor\u00e9en. Environ 5.000 soldats nord-cor\u00e9ens ont ainsi \u00e9t\u00e9 envoy\u00e9s en Russie depuis septembre pour participer \u00e0 la \u00ab\u00a0reconstruction d&rsquo;infrastructures\u00a0\u00bb, a d\u00e9clar\u00e9 mardi 4 novembre un d\u00e9put\u00e9 de S\u00e9oul apr\u00e8s un briefing des services de renseignement.\n<\/p>\n<p> Nouveaux contingents en plus de 10.000 soldats actuellement d\u00e9ploy\u00e9s pr\u00e8s de la ligne de front<\/p>\n<p>\n \u00ab\u00a0Environ 5.000 soldats nord-cor\u00e9ens ont \u00e9t\u00e9 d\u00e9ploy\u00e9s en Russie par \u00e9tapes depuis septembre<br \/>\n <strong><br \/>\n  et devraient \u00eatre mobilis\u00e9s pour la reconstruction d&rsquo;infrastructures<br \/>\n <\/strong><br \/>\n \u00ab\u00a0, a d\u00e9clar\u00e9 le d\u00e9put\u00e9 Lee Seong-kweun aux journalistes. \u00ab\u00a0Des signes continus d&rsquo;entra\u00eenement et de s\u00e9lection de personnel en vue de d\u00e9ploiements de troupes suppl\u00e9mentaires ont \u00e9t\u00e9 rep\u00e9r\u00e9s\u00a0\u00bb, a-t-il ajout\u00e9.\n<\/p>\n<p>\n L&rsquo;agence de renseignement a \u00e9galement indiqu\u00e9 qu&rsquo;environ 10.000 soldats nord-cor\u00e9ens seraient actuellement d\u00e9ploy\u00e9s pr\u00e8s de la fronti\u00e8re russo-ukrainienne, selon le d\u00e9put\u00e9. La Cor\u00e9e du Nord a activement particip\u00e9 \u00e0 l&rsquo;effort de guerre de la Russie en lui fournissant des milliers de soldats pour repousser, entre fin 2024 et le printemps 2025, les troupes ukrainiennes qui avaient pris pied dans une petite partie de la r\u00e9gion frontali\u00e8re russe de Koursk.\n<\/p>\n<p>\n Quelque 600 militaires nord-cor\u00e9ens ont \u00e9t\u00e9 tu\u00e9s et des milliers d&rsquo;autres bless\u00e9s dans ces combats, selon les services de renseignement sud-cor\u00e9ens.\n<\/p>\n<p>\n Selon des experts,<br \/>\n <strong><br \/>\n  la Cor\u00e9e du Nord re\u00e7oit une importante aide financi\u00e8re, des technologies militaires ainsi qu&rsquo;une aide en mati\u00e8re d&rsquo;alimentation et d&rsquo;\u00e9nergie de la part de Moscou.<br \/>\n <\/strong><br \/>\n Du pain b\u00e9ni pour contourner les sanctions internationales impos\u00e9es en raison de ses programmes nucl\u00e9aire et de missiles.\n<\/p>\n<p> Entre Washington et Pyongyang, des manoeuvres en coulisses?<\/p>\n<p>\n Mardi S\u00e9oul a annonc\u00e9 que la Cor\u00e9e du Nord avait tir\u00e9 plusieurs roquettes d&rsquo;artillerie une heure avant la visite du ministre am\u00e9ricain de la D\u00e9fense Pete Hegseth \u00e0 la fronti\u00e8re intercor\u00e9enne lundi.\n<\/p>\n<p>\n Mais selon Lee Seong-kweun, les services de renseignement sud-cor\u00e9ens estiment que Kim Jong Un est ouvert au dialogue avec les Etats-Unis et \u00ab\u00a0cherchera \u00e0 \u00e9tablir un contact lorsque les conditions seront r\u00e9unies\u00a0\u00bb. \u00ab\u00a0De nombreux indices laissent penser\u00a0\u00bb que Pyongyang \u00ab\u00a0se pr\u00e9pare en coulisses \u00e0 d&rsquo;\u00e9ventuelles discussions avec les Etats-Unis\u00a0\u00bb, a ajout\u00e9 Lee Seong-kweun.\n<\/p>\n<p>\n La visite de Pete Hegseth fait suite \u00e0 une s\u00e9rie de signes d&rsquo;ouverture du pr\u00e9sident am\u00e9ricain Donald Trump \u00e0 l&rsquo;intention du dirigeant nord-cor\u00e9en Kim Jong Un, qu&rsquo;il a rencontr\u00e9 \u00e0 trois reprises au cours de son premier mandat. Mais des analystes r\u00e9cemment interrog\u00e9s par l&rsquo;AFP avaient estim\u00e9 que Kim Jong Un, renforc\u00e9 par ses relations avec Moscou et P\u00e9kin, avait peu d&rsquo;int\u00e9r\u00eat \u00e0 rencontrer Donald Trump.<\/p>\n","protected":false},"excerpt":{"rendered":"\u00ab\u00a0Des signes continus d&rsquo;entra\u00eenement et de s\u00e9lection de personnel en vue de d\u00e9ploiements de troupes suppl\u00e9mentaires ont \u00e9t\u00e9&hellip;\n","protected":false},"author":2,"featured_media":511293,"comment_status":"","ping_status":"","sticky":false,"template":"","format":"standard","meta":{"footnotes":""},"categories":[1590],"tags":[400,11,398,408,405,1777,674,403,402,399,404,12,401,406,220,407],"class_list":{"0":"post-511292","1":"post","2":"type-post","3":"status-publish","4":"format-standard","5":"has-post-thumbnail","7":"category-ukraine","8":"tag-action-cac-40","9":"tag-actualites","10":"tag-bourse-de-paris","11":"tag-boursorama","12":"tag-cotations","13":"tag-eu","14":"tag-europe","15":"tag-indices-devises","16":"tag-investir","17":"tag-investissement","18":"tag-marche-boursier","19":"tag-news","20":"tag-sicav","21":"tag-trackers","22":"tag-ukraine","23":"tag-warrants"},"share_on_mastodon":{"url":"https:\/\/pubeurope.com\/@fr\/115491830247647343","error":""},"_links":{"self":[{"href":"https:\/\/www.europesays.com\/fr\/wp-json\/wp\/v2\/posts\/511292","targetHints":{"allow":["GET"]}}],"collection":[{"href":"https:\/\/www.europesays.com\/fr\/wp-json\/wp\/v2\/posts"}],"about":[{"href":"https:\/\/www.europesays.com\/fr\/wp-json\/wp\/v2\/types\/post"}],"author":[{"embeddable":true,"href":"https:\/\/www.europesays.com\/fr\/wp-json\/wp\/v2\/users\/2"}],"replies":[{"embeddable":true,"href":"https:\/\/www.europesays.com\/fr\/wp-json\/wp\/v2\/comments?post=511292"}],"version-history":[{"count":0,"href":"https:\/\/www.europesays.com\/fr\/wp-json\/wp\/v2\/posts\/511292\/revisions"}],"wp:featuredmedia":[{"embeddable":true,"href":"https:\/\/www.europesays.com\/fr\/wp-json\/wp\/v2\/media\/511293"}],"wp:attachment":[{"href":"https:\/\/www.europesays.com\/fr\/wp-json\/wp\/v2\/media?parent=511292"}],"wp:term":[{"taxonomy":"category","embeddable":true,"href":"https:\/\/www.europesays.com\/fr\/wp-json\/wp\/v2\/categories?post=511292"},{"taxonomy":"post_tag","embeddable":true,"href":"https:\/\/www.europesays.com\/fr\/wp-json\/wp\/v2\/tags?post=511292"}],"curies":[{"name":"wp","href":"https:\/\/api.w.org\/{rel}","templated":true}]}}