{"id":511296,"date":"2025-11-04T14:11:16","date_gmt":"2025-11-04T14:11:16","guid":{"rendered":"https:\/\/www.europesays.com\/fr\/511296\/"},"modified":"2025-11-04T14:11:16","modified_gmt":"2025-11-04T14:11:16","slug":"attaque-au-couteau-dans-un-train-britannique-reactions","status":"publish","type":"post","link":"https:\/\/www.europesays.com\/fr\/511296\/","title":{"rendered":"Attaque au couteau dans un train britannique : R\u00e9actions"},"content":{"rendered":"\n<p>\u00c0 Manchester, o\u00f9 le souvenir de l\u2019attentat du mois dernier reste vif, Julien, 41 ans, enseignant, d\u00e9crit un climat plus pesant : \u00ab Les gens sont encore marqu\u00e9s. M\u00eame si cette nouvelle attaque n\u2019est pas li\u00e9e au terrorisme, elle r\u00e9active forc\u00e9ment des angoisses. \u00bb<\/p>\n<p>Interrog\u00e9 par Lesfran\u00e7ais.press, Vincent Caure, <a href=\"https:\/\/lesfrancais.press\/vincent-caure-le-depute-des-francais-du-royaume-uni-decrypte-lete-britannique\/\" target=\"_blank\" rel=\"noopener\">d\u00e9put\u00e9<\/a> des Fran\u00e7ais du Royaume-Uni, d\u2019Irlande, d\u2019Europe du Nord et des pays baltes, appelle \u00e0 la vigilance et \u00e0 la responsabilit\u00e9 :\u00ab <strong>Les Fran\u00e7ais doivent s\u2019informer<\/strong> aupr\u00e8s des autorit\u00e9s britanniques et fran\u00e7aises, notamment en consultant le site et les r\u00e9seaux sociaux du consulat de <a href=\"https:\/\/uk.diplomatie.gouv.fr\/fr\" target=\"_blank\" rel=\"noopener\">France<\/a>. Il est \u00e9galement important de <a href=\"https:\/\/lesfrancais.press\/inscription-registre-francais-etranger-expatriation\/\" target=\"_blank\" rel=\"noopener\">s\u2019inscrire<\/a> aupr\u00e8s du consulat afin de recevoir les informations en cas de crise d\u2019envergure. \u00bb<\/p>\n","protected":false},"excerpt":{"rendered":"\u00c0 Manchester, o\u00f9 le souvenir de l\u2019attentat du mois dernier reste vif, Julien, 41 ans, enseignant, d\u00e9crit un&hellip;\n","protected":false},"author":2,"featured_media":511297,"comment_status":"","ping_status":"","sticky":false,"template":"","format":"standard","meta":{"footnotes":""},"categories":[1588],"tags":[11,1777,674,20019,12,14051,473,1853,1851,1850,1852],"class_list":{"0":"post-511296","1":"post","2":"type-post","3":"status-publish","4":"format-standard","5":"has-post-thumbnail","7":"category-royaume-uni","8":"tag-actualites","9":"tag-eu","10":"tag-europe","11":"tag-lactu-des-expats","12":"tag-news","13":"tag-politique-internationale","14":"tag-royaume-uni","15":"tag-royaume-uni-de-grande-bretagne-et-dirlande-du-nord","16":"tag-uk","17":"tag-united-kingdom","18":"tag-united-kingdom-of-great-britain-and-northern-ireland"},"share_on_mastodon":{"url":"https:\/\/pubeurope.com\/@fr\/115491837377523276","error":""},"_links":{"self":[{"href":"https:\/\/www.europesays.com\/fr\/wp-json\/wp\/v2\/posts\/511296","targetHints":{"allow":["GET"]}}],"collection":[{"href":"https:\/\/www.europesays.com\/fr\/wp-json\/wp\/v2\/posts"}],"about":[{"href":"https:\/\/www.europesays.com\/fr\/wp-json\/wp\/v2\/types\/post"}],"author":[{"embeddable":true,"href":"https:\/\/www.europesays.com\/fr\/wp-json\/wp\/v2\/users\/2"}],"replies":[{"embeddable":true,"href":"https:\/\/www.europesays.com\/fr\/wp-json\/wp\/v2\/comments?post=511296"}],"version-history":[{"count":0,"href":"https:\/\/www.europesays.com\/fr\/wp-json\/wp\/v2\/posts\/511296\/revisions"}],"wp:featuredmedia":[{"embeddable":true,"href":"https:\/\/www.europesays.com\/fr\/wp-json\/wp\/v2\/media\/511297"}],"wp:attachment":[{"href":"https:\/\/www.europesays.com\/fr\/wp-json\/wp\/v2\/media?parent=511296"}],"wp:term":[{"taxonomy":"category","embeddable":true,"href":"https:\/\/www.europesays.com\/fr\/wp-json\/wp\/v2\/categories?post=511296"},{"taxonomy":"post_tag","embeddable":true,"href":"https:\/\/www.europesays.com\/fr\/wp-json\/wp\/v2\/tags?post=511296"}],"curies":[{"name":"wp","href":"https:\/\/api.w.org\/{rel}","templated":true}]}}