{"id":511298,"date":"2025-11-04T14:12:14","date_gmt":"2025-11-04T14:12:14","guid":{"rendered":"https:\/\/www.europesays.com\/fr\/511298\/"},"modified":"2025-11-04T14:12:14","modified_gmt":"2025-11-04T14:12:14","slug":"lallemagne-a-un-plan-pour-quils-deviennent-meilleurs","status":"publish","type":"post","link":"https:\/\/www.europesays.com\/fr\/511298\/","title":{"rendered":"l\u2019Allemagne a un plan pour qu\u2019ils deviennent meilleurs"},"content":{"rendered":"<p>Pour \u00e9viter que les hybrides rechargeables ne deviennent un simple cache-mis\u00e8re \u00e9cologique, l\u2019industrie automobile allemande envisage une mesure radicale. Limiter les performances si le v\u00e9hicule n\u2019est pas r\u00e9guli\u00e8rement recharg\u00e9.<\/p>\n<p>Les hybrides rechargeables sous le feu des critiques <\/p>\n<p class=\"p1\">Pr\u00e9sent\u00e9s comme un compromis id\u00e9al entre thermique et \u00e9lectrique, les <strong>v\u00e9hicules hybrides rechargeables (PHEV) sont aujourd\u2019hui au c\u0153ur d\u2019un d\u00e9bat sur leur r\u00e9elle efficacit\u00e9<\/strong> environnementale.<\/p>\n<p class=\"p1\">Si leur potentiel est r\u00e9el lorsqu\u2019ils sont utilis\u00e9s correctement\u2026 En particulier sur les trajets courts avec recharge fr\u00e9quente\u2026 <strong><a href=\"https:\/\/www.autojournal.fr\/environnement\/voitures-hybrides\/mitsubishi-elevance-un-suv-hybride-rechargeable-a-la-grande-autonomie-en-approche-396546.html\" target=\"_blank\" rel=\"noopener\">Les \u00e9tudes r\u00e9v\u00e8lent<\/a> qu\u2019une majorit\u00e9 d\u2019utilisateurs ne les branchent quasiment jamais.<\/strong><\/p>\n<p class=\"p1\">R\u00e9sultat : au lieu de b\u00e9n\u00e9ficier d\u2019un mode 100% \u00e9lectrique sur les trajets quotidiens, ces mod\u00e8les roulent quasiment uniquement en thermique. Ils consomment<strong> alors davantage et \u00e9mettent <a href=\"https:\/\/www.autojournal.fr\/actu\/norme-co2-qui-mauvais-eleves-constructeurs-392023.html\" target=\"_blank\" rel=\"noopener\">plus de CO\u2082 qu\u2019annonc\u00e9<\/a> sur le papier<\/strong>. Pire encore, ils consomment m\u00eame plus qu\u2019un mod\u00e8le 100% thermique. Un comble, alors que l\u2019Union europ\u00e9enne s\u2019oriente vers une interdiction totale des v\u00e9hicules thermiques en 2035.<\/p>\n<p class=\"p1\">Face \u00e0 cette d\u00e9rive, la VDA (Verband der Automobilindustrie),<strong> principal lobby de l\u2019industrie automobile allemande, propose une solution pour forcer la recharge r\u00e9guli\u00e8re.<\/strong> Dans un entretien <a href=\"https:\/\/www.faz.net\/aktuell\/wirtschaft\/auto-verkehr\/klimaschutz-debatte-autolobby-fordert-ladezwang-fuer-hybridautos-accg-110747854.html\" target=\"_blank\" rel=\"noopener\">au Frankfurter Allgemeine Sonntagszeitung<\/a>, sa pr\u00e9sidente Hildegard M\u00fcller \u00e9voque la possibilit\u00e9 de restreindre la puissance des v\u00e9hicules hybrides rechargeables si la batterie n\u2019a pas \u00e9t\u00e9 recharg\u00e9e depuis un certain temps.<\/p>\n<p>    Une mesure qui divise\u2026 mais qui fait r\u00e9fl\u00e9chir <\/p>\n<p class=\"p1\">Concr\u00e8tement, le conducteur serait incit\u00e9 \u00e0 brancher son v\u00e9hicule pour retrouver toutes ses performances.<strong> \u00c0 d\u00e9faut, la puissance serait r\u00e9duite, for\u00e7ant ainsi les utilisateurs \u00e0 se comporter en v\u00e9ritables \u00e9lectro-mobilistes\u2026<\/strong> Et non comme de simples conducteurs de<a href=\"https:\/\/www.autojournal.fr\/environnement\/volvo-peut-pas-tenir-promesses-100-electrique-garder-moteurs-thermiques-396364.html\" target=\"_blank\" rel=\"noopener\"> v\u00e9hicules thermiques&#8230;<\/a> D\u00e9guis\u00e9s en mod\u00e8les hybrides rechargeables.<\/p>\n<p class=\"p1\"><strong>Cette proposition suscite d\u00e9j\u00e0 des r\u00e9actions contrast\u00e9es.<\/strong> D\u2019un c\u00f4t\u00e9, certains y voient un levier efficace pour <a href=\"https:\/\/www.autojournal.fr\/essai\/ford-ranger-phev-serait-devenu-plus-malin-utilitaires-images-396501.html\" target=\"_blank\" rel=\"noopener\">rendre les PHEV<\/a> r\u00e9ellement plus vertueux. Notamment en s\u2019assurant qu\u2019ils roulent davantage en mode \u00e9lectrique. <strong>De l\u2019autre, la contrainte technique pourrait vite devenir un casse-t\u00eate pour les utilisateurs.<\/strong> Notamment en l\u2019absence de bornes disponibles ou lors de longs trajets.<\/p>\n<p class=\"p1\">Car tout d\u00e9pendrait de l\u2019autonomie \u00e9lectrique du mod\u00e8le et de la fr\u00e9quence de recharge impos\u00e9e. Une <a href=\"https:\/\/www.autojournal.fr\/actu\/ce-suv-hybride-rechargeable-arrivera-en-europe-avec-une-batterie-de-46-kwh-et-une-autonomie-electrique-de-230-km-396250.html\" target=\"_blank\" rel=\"noopener\">recharge tous les 1.500 km<\/a> pourrait sembler acceptable. <strong>Mais si le bridage survenait apr\u00e8s seulement 150 kilom\u00e8tres,<\/strong> cela poserait un s\u00e9rieux probl\u00e8me. Surtout avec des temps de recharge souvent longs. On parle de plusieurs heures sur une prise classique pour la plupart des hybrides rechargeables.<\/p>\n<p> Un signal envoy\u00e9 \u00e0 Bruxelles en faveur des hybrides rechargeables ? <\/p>\n<p class=\"p1\">Cette prise de position de la VDA intervient dans un contexte particulier. En effet, l\u2019industrie <strong>automobile allemande milite activement pour prolonger la vie des hybrides rechargeables apr\u00e8s 2035.<\/strong> Celle-ci argue que ces mod\u00e8les peuvent r\u00e9pondre \u00e0 des usages vari\u00e9s tout en r\u00e9duisant (th\u00e9oriquement) les \u00e9missions.<\/p>\n<p class=\"p1\">Mais pour que cette d\u00e9fense tienne la route, <strong>encore faut-il prouver <a href=\"https:\/\/www.autojournal.fr\/environnement\/hybrides-rechargeables-phev-seraient-arnaques-ecologiques-395856.html\" target=\"_blank\" rel=\"noopener\">que les PHEV sont utilis\u00e9s<\/a> comme pr\u00e9vu.<\/strong> Ce qui est loin d\u2019\u00eatre syst\u00e9matique aujourd\u2019hui.<\/p>\n<p class=\"p1\">La proposition de limitation de puissance pourrait<strong> ainsi servir d\u2019argument pour convaincre la Commission europ\u00e9enne de maintenir ces v\u00e9hicules au catalogue au-del\u00e0 de l\u2019\u00e9ch\u00e9ance.<\/strong> Mais \u00e0 condition qu\u2019un contr\u00f4le strict de leur utilisation soit mis en place.<\/p>\n<p class=\"p1\">L\u2019id\u00e9e d\u2019un bridage automatique des performances<a href=\"https:\/\/www.autojournal.fr\/actu\/un-toit-solaire-pour-recharger-sa-voiture-nissan-teste-lidee-sur-une-petite-electrique-395820.html\" target=\"_blank\" rel=\"noopener\"> en cas d\u2019absence de recharge<\/a> r\u00e9guli\u00e8re marque un tournant dans la r\u00e9flexion sur l\u2019usage r\u00e9el des hybrides rechargeables.<strong> Si elle reste \u00e0 l\u2019\u00e9tat de projet, elle r\u00e9v\u00e8le le malaise croissant autour de ces v\u00e9hicules interm\u00e9diaires<\/strong>, coinc\u00e9s entre deux mondes.<\/p>\n<p class=\"p1\">Faut-il obliger les conducteurs \u00e0 recharger, quitte \u00e0 les sanctionner ? <strong>La question m\u00e9rite d\u2019\u00eatre pos\u00e9e. Car si les hybrides rechargeables veulent rester dans <a href=\"https:\/\/www.autojournal.fr\/actu\/carlos-tavares-critique-automobile-2035-dogmatique-396058.html\" target=\"_blank\" rel=\"noopener\">la course apr\u00e8s 2035<\/a>\u2026<\/strong> Ils devront prouver qu\u2019ils ne sont pas qu\u2019un passe-droit temporaire dans la transition \u00e9nerg\u00e9tique.<\/p>\n","protected":false},"excerpt":{"rendered":"Pour \u00e9viter que les hybrides rechargeables ne deviennent un simple cache-mis\u00e8re \u00e9cologique, l\u2019industrie automobile allemande envisage une mesure&hellip;\n","protected":false},"author":2,"featured_media":511299,"comment_status":"","ping_status":"","sticky":false,"template":"","format":"standard","meta":{"footnotes":""},"categories":[1587],"tags":[11,672,1804,1805,1803,1777,674,1801,1638,12,1802],"class_list":{"0":"post-511298","1":"post","2":"type-post","3":"status-publish","4":"format-standard","5":"has-post-thumbnail","7":"category-allemagne","8":"tag-actualites","9":"tag-allemagne","10":"tag-bundesrepublik-deutschland","11":"tag-de","12":"tag-deutschland","13":"tag-eu","14":"tag-europe","15":"tag-germany","16":"tag-has_diapo","17":"tag-news","18":"tag-republique-federale-dallemagne"},"share_on_mastodon":{"url":"https:\/\/pubeurope.com\/@fr\/115491841489822177","error":""},"_links":{"self":[{"href":"https:\/\/www.europesays.com\/fr\/wp-json\/wp\/v2\/posts\/511298","targetHints":{"allow":["GET"]}}],"collection":[{"href":"https:\/\/www.europesays.com\/fr\/wp-json\/wp\/v2\/posts"}],"about":[{"href":"https:\/\/www.europesays.com\/fr\/wp-json\/wp\/v2\/types\/post"}],"author":[{"embeddable":true,"href":"https:\/\/www.europesays.com\/fr\/wp-json\/wp\/v2\/users\/2"}],"replies":[{"embeddable":true,"href":"https:\/\/www.europesays.com\/fr\/wp-json\/wp\/v2\/comments?post=511298"}],"version-history":[{"count":0,"href":"https:\/\/www.europesays.com\/fr\/wp-json\/wp\/v2\/posts\/511298\/revisions"}],"wp:featuredmedia":[{"embeddable":true,"href":"https:\/\/www.europesays.com\/fr\/wp-json\/wp\/v2\/media\/511299"}],"wp:attachment":[{"href":"https:\/\/www.europesays.com\/fr\/wp-json\/wp\/v2\/media?parent=511298"}],"wp:term":[{"taxonomy":"category","embeddable":true,"href":"https:\/\/www.europesays.com\/fr\/wp-json\/wp\/v2\/categories?post=511298"},{"taxonomy":"post_tag","embeddable":true,"href":"https:\/\/www.europesays.com\/fr\/wp-json\/wp\/v2\/tags?post=511298"}],"curies":[{"name":"wp","href":"https:\/\/api.w.org\/{rel}","templated":true}]}}