{"id":511314,"date":"2025-11-04T14:21:15","date_gmt":"2025-11-04T14:21:15","guid":{"rendered":"https:\/\/www.europesays.com\/fr\/511314\/"},"modified":"2025-11-04T14:21:15","modified_gmt":"2025-11-04T14:21:15","slug":"en-finale-il-ny-avait-pas-une-grande-difference-entre-sinner-et-auger-aliassime","status":"publish","type":"post","link":"https:\/\/www.europesays.com\/fr\/511314\/","title":{"rendered":"\u00ab En finale, il n\u2019y avait pas une grande diff\u00e9rence entre Sinner et Auger-Aliassime \u00bb"},"content":{"rendered":"<p>                <img decoding=\"async\" src=\"https:\/\/www.europesays.com\/fr\/wp-content\/uploads\/2025\/11\/2kgQ.jpg\" fetchpriority=\"high\" alt=\"Noah : \u00ab En finale, il n\u2019y avait pas une grande diff\u00e9rence entre Sinner et Auger-Aliassime \u00bb \"\/><\/p>\n<p>Yannick Noah, qui a remis le troph\u00e9e \u00e0 Jannik Sinner apr\u00e8s la finale du Masters 1000 de Paris, a livr\u00e9 une analyse sur son adversaire : le Canadien F\u00e9lix Auger-Aliassime.<\/p>\n<p>Dans une interview relay\u00e9e par Tennis World Italia, l\u2019ancien vainqueur de Roland-Garros a \u00e9voqu\u00e9 la r\u00e9cente d\u00e9claration du joueur de 25 ans disant qu\u2019avant la finale, il n\u2019y avait pas beaucoup de diff\u00e9rence entre lui et l\u2019Italien.<\/p>\n<p>\u00ab J\u2019ai lu la d\u00e9claration de F\u00e9lix avant la finale. Il disait que Sinner et Alcaraz ne sont pas intouchables. Et quand on voit ce match, il n\u2019y a pas une si grande diff\u00e9rence. J\u2019ai toujours \u00e9t\u00e9 impressionn\u00e9 par Jannik, mais j\u2019ai aussi \u00e9t\u00e9 surpris par F\u00e9lix. Le d\u00e9but a \u00e9t\u00e9 un peu lent, mais le deuxi\u00e8me set \u00e9tait tr\u00e8s disput\u00e9.<\/p>\n<p>Tout se joue sur deux ou trois points, comme souvent \u00e0 ce niveau. Si on lui avait dit au d\u00e9but de la semaine qu\u2019il serait en finale, il aurait sign\u00e9 tout de suite. Mais au vu du niveau de jeu affich\u00e9, il peut croire qu\u2019il est proche. C\u2019est encourageant. \u00bb<\/p>\n<p>Pour le Fran\u00e7ais, si Auger-Aliassime continue dans ce sens, il peut esp\u00e9rer venir emb\u00eater les deux tauliers du circuit : Jannik Sinner et Carlos Alcaraz.<\/p>\n","protected":false},"excerpt":{"rendered":"Yannick Noah, qui a remis le troph\u00e9e \u00e0 Jannik Sinner apr\u00e8s la finale du Masters 1000 de Paris,&hellip;\n","protected":false},"author":2,"featured_media":511315,"comment_status":"","ping_status":"","sticky":false,"template":"","format":"standard","meta":{"footnotes":""},"categories":[1415],"tags":[1011,27,60,1467],"class_list":{"0":"post-511314","1":"post","2":"type-post","3":"status-publish","4":"format-standard","5":"has-post-thumbnail","7":"category-tennis","8":"tag-fr","9":"tag-france","10":"tag-sports","11":"tag-tennis"},"share_on_mastodon":{"url":"https:\/\/pubeurope.com\/@fr\/115491877249027240","error":""},"_links":{"self":[{"href":"https:\/\/www.europesays.com\/fr\/wp-json\/wp\/v2\/posts\/511314","targetHints":{"allow":["GET"]}}],"collection":[{"href":"https:\/\/www.europesays.com\/fr\/wp-json\/wp\/v2\/posts"}],"about":[{"href":"https:\/\/www.europesays.com\/fr\/wp-json\/wp\/v2\/types\/post"}],"author":[{"embeddable":true,"href":"https:\/\/www.europesays.com\/fr\/wp-json\/wp\/v2\/users\/2"}],"replies":[{"embeddable":true,"href":"https:\/\/www.europesays.com\/fr\/wp-json\/wp\/v2\/comments?post=511314"}],"version-history":[{"count":0,"href":"https:\/\/www.europesays.com\/fr\/wp-json\/wp\/v2\/posts\/511314\/revisions"}],"wp:featuredmedia":[{"embeddable":true,"href":"https:\/\/www.europesays.com\/fr\/wp-json\/wp\/v2\/media\/511315"}],"wp:attachment":[{"href":"https:\/\/www.europesays.com\/fr\/wp-json\/wp\/v2\/media?parent=511314"}],"wp:term":[{"taxonomy":"category","embeddable":true,"href":"https:\/\/www.europesays.com\/fr\/wp-json\/wp\/v2\/categories?post=511314"},{"taxonomy":"post_tag","embeddable":true,"href":"https:\/\/www.europesays.com\/fr\/wp-json\/wp\/v2\/tags?post=511314"}],"curies":[{"name":"wp","href":"https:\/\/api.w.org\/{rel}","templated":true}]}}