{"id":511318,"date":"2025-11-04T14:26:11","date_gmt":"2025-11-04T14:26:11","guid":{"rendered":"https:\/\/www.europesays.com\/fr\/511318\/"},"modified":"2025-11-04T14:26:11","modified_gmt":"2025-11-04T14:26:11","slug":"om-de-zerbi-annonce-4-coups-durs-et-une-obligation-de-victoire-face-a-latalanta","status":"publish","type":"post","link":"https:\/\/www.europesays.com\/fr\/511318\/","title":{"rendered":"OM : De Zerbi annonce 4 coups durs et une obligation de victoire face \u00e0 l&rsquo;Atalanta"},"content":{"rendered":"<p><strong>Pr\u00e9sent en conf\u00e9rence de presse ce mardi, \u00e0 la veille de la r\u00e9ception de l\u2019Atalanta Bergame en Champions League, Roberto De Zerbi a confirm\u00e9 quatre absences.<\/strong><\/p>\n<p>Weah et Aguerd absents, les coups durs<\/p>\n<p>\u00ab\u00a0Weah, Balerdi, Aguerd, et Nadir ne devraient pas \u00eatre disponibles pour affronter l\u2019Atalanta demain. Le groupe sera le m\u00eame que celui qui a jou\u00e9 \u00e0 Auxerre samedi.\u00a0\u00bb<\/p>\n<p>Obligation de victoire<\/p>\n<p>\u00ab\u00a0La Ligue des champions rentre dans une phase plus importante. Il reste moins de matches, il faut absolument gagner. Trois points sur les trois premiers matches, c\u2019est tr\u00e8s peu, on aurait m\u00e9rit\u00e9 d\u2019en prendre plus \u00e0 Madrid et \u00e0 Lisbonne.\u00a0\u00bb<\/p>\n<p>L\u2019Atalanta, un rival particulier<\/p>\n<p>\u00ab\u00a0Quand il y avait un match contre l\u2019Atalanta \u00e0 Brescia, on ne parlait que de \u00e7a du lundi au dimanche. L\u2019Atalanta a eu la chance d\u2019avoir des pr\u00e9sidents importants, et \u00e0 Brescia nous n\u2019avons pas eu la m\u00eame chance, donc il y a une diff\u00e9rence de r\u00e9sultats.\u00a0\u00bb<\/p>\n<p>L\u2019ambiance du V\u00e9lodrome<\/p>\n<p>\u00ab\u00a0Le V\u00e9lodrome, je le connaissais d\u00e9j\u00e0 avec Brighton et c\u2019est une raison pour laquelle je suis venu ici. \u00c7a a toujours \u00e9t\u00e9 chaud. C\u2019est un stade sp\u00e9cial, autant dans le bien que dans le mal. Il est aussi chaud qu\u2019exigeant. Apr\u00e8s, c\u2019est \u00e0 nous d\u2019enflammer les supporters. C\u2019est un privil\u00e8ge, non seulement pour moi, mais aussi pour les joueurs, de jouer et travailler dans ce stade. Nous avons des joueurs forts, des joueurs intelligents. Le V\u00e9lodrome, c\u2019est comme un miroir. Comme vous le voyez, il va vous le rendre. On a envie de faire les choses d\u2019une certaine mani\u00e8re. Si on le fait bien, il va le rendre, et si on rentre avec de la peur, pareil. Avec le temps, les joueurs l\u2019ont compris. Maintenant, ils ont envie de jouer \u00e0 la maison, l\u2019atmosph\u00e8re est diff\u00e9rente. Quand on joue \u00e0 la maison, les derniers jours avant le match sont diff\u00e9rents.\u00a0\u00bb<\/p>\n","protected":false},"excerpt":{"rendered":"Pr\u00e9sent en conf\u00e9rence de presse ce mardi, \u00e0 la veille de la r\u00e9ception de l\u2019Atalanta Bergame en Champions&hellip;\n","protected":false},"author":2,"featured_media":511319,"comment_status":"","ping_status":"","sticky":false,"template":"","format":"standard","meta":{"footnotes":""},"categories":[1410],"tags":[11,448,63,1011,27,66,3388,12,60,10662],"class_list":{"0":"post-511318","1":"post","2":"type-post","3":"status-publish","4":"format-standard","5":"has-post-thumbnail","7":"category-football","8":"tag-actualites","9":"tag-champions-league","10":"tag-football","11":"tag-fr","12":"tag-france","13":"tag-ligue-1","14":"tag-matchs","15":"tag-news","16":"tag-sports","17":"tag-transferts"},"share_on_mastodon":{"url":"https:\/\/pubeurope.com\/@fr\/115491896383951355","error":""},"_links":{"self":[{"href":"https:\/\/www.europesays.com\/fr\/wp-json\/wp\/v2\/posts\/511318","targetHints":{"allow":["GET"]}}],"collection":[{"href":"https:\/\/www.europesays.com\/fr\/wp-json\/wp\/v2\/posts"}],"about":[{"href":"https:\/\/www.europesays.com\/fr\/wp-json\/wp\/v2\/types\/post"}],"author":[{"embeddable":true,"href":"https:\/\/www.europesays.com\/fr\/wp-json\/wp\/v2\/users\/2"}],"replies":[{"embeddable":true,"href":"https:\/\/www.europesays.com\/fr\/wp-json\/wp\/v2\/comments?post=511318"}],"version-history":[{"count":0,"href":"https:\/\/www.europesays.com\/fr\/wp-json\/wp\/v2\/posts\/511318\/revisions"}],"wp:featuredmedia":[{"embeddable":true,"href":"https:\/\/www.europesays.com\/fr\/wp-json\/wp\/v2\/media\/511319"}],"wp:attachment":[{"href":"https:\/\/www.europesays.com\/fr\/wp-json\/wp\/v2\/media?parent=511318"}],"wp:term":[{"taxonomy":"category","embeddable":true,"href":"https:\/\/www.europesays.com\/fr\/wp-json\/wp\/v2\/categories?post=511318"},{"taxonomy":"post_tag","embeddable":true,"href":"https:\/\/www.europesays.com\/fr\/wp-json\/wp\/v2\/tags?post=511318"}],"curies":[{"name":"wp","href":"https:\/\/api.w.org\/{rel}","templated":true}]}}