{"id":511324,"date":"2025-11-04T14:30:14","date_gmt":"2025-11-04T14:30:14","guid":{"rendered":"https:\/\/www.europesays.com\/fr\/511324\/"},"modified":"2025-11-04T14:30:14","modified_gmt":"2025-11-04T14:30:14","slug":"blonde-jusquau-bout-laurent-ruquier-et-ses-acolytes-se-payent-la-tete-de-sylvie-tellier-et-ce-nest-pas-tres-fin","status":"publish","type":"post","link":"https:\/\/www.europesays.com\/fr\/511324\/","title":{"rendered":"\u00ab\u00a0Blonde jusqu&rsquo;au bout\u00a0\u00bb : Laurent Ruquier et ses acolytes se payent la t\u00eate de Sylvie Tellier et ce n&rsquo;est pas tr\u00e8s fin"},"content":{"rendered":"<p><a href=\"https:\/\/www.closermag.fr\/people\/sylvie-tellier-metamorphosee-pour-halloween-elle-devoile-son-impressionnante-transformation-3590953\" target=\"_blank\" rel=\"noopener\"><br \/>\nDepuis sa couronne de Miss France 2002<\/a>, Sylvie Tellier s\u2019est<br \/>\nbien \u00e9loign\u00e9e des podiums. \u00c0 47 ans, l\u2019ancienne reine de beaut\u00e9<br \/>\ns\u2019est fait une place parmi les chroniqueurs des Grosses<br \/>\nT\u00eates sur RTL. Une nouvelle aventure qui ne manque pas de<br \/>\nmoments g\u00eanants et dr\u00f4les malgr\u00e9 elle.<\/p>\n<p>Le lundi 3 novembre, Sylvie Tellier \u00e9tait entour\u00e9e de Laurent<br \/>\nBaffie, Yoann Riou, Steevy Boulay, Jeanfi Janssens et Caroline<br \/>\nDiament. Interrog\u00e9e sur une blessure \u00e0 la main, elle a expliqu\u00e9 :<br \/>\n\u201cJ\u2019ai fait un RAID pour Octobre Rose \u00e0 v\u00e9lo et je suis<br \/>\ntomb\u00e9e.\u201d L\u2019ancienne Miss semblait bien se d\u00e9brouiller dans<br \/>\nl\u2019\u00e9mission. Mais quelques jours plus t\u00f4t, elle a fait une<br \/>\ngaffe.\u00a0<\/p>\n<blockquote class=\"twitter-tweet\"><p><a class=\"twitter-link\" rel=\"noindex, nofollow noopener\" href=\"https:\/\/twitter.com\/GrossesTetesRTL\/status\/1985293377177305435\" target=\"_blank\"><\/p><\/blockquote>\n<p>Sylvie Tellier, trop bavarde<\/p>\n<p>Le 31 octobre, Sylvie Tellier participait cette fois \u00e0<br \/>\nl\u2019\u00e9mission aux c\u00f4t\u00e9s de G\u00e9rard Jugnot, S\u00e9bastien Thoen, Steevy<br \/>\nBoulay, Yoann Riou et Az. L\u2019humoriste pr\u00e9sentait un sketch sur les<br \/>\nlave-vaisselle : \u201cChez moi, j\u2019ai un vrai myst\u00e8re. Pourquoi les<br \/>\nprogrammes de lave-vaisselle durent 4 heures et demie ?\u201d<br \/>\na-t-il commenc\u00e9. Mais avant qu\u2019il ne termine sa blague, Sylvie<br \/>\nTellier a cru bon de r\u00e9pondre : \u201cParce que \u00e7a se met en mode<br \/>\n\u00e9co.\u201d Une intervention bien intentionn\u00e9e, mais totalement \u00e0<br \/>\nc\u00f4t\u00e9 du sujet. \u201cJe fais un sketch Sylvie\u201d a pr\u00e9cis\u00e9 Az,<br \/>\nd\u00e9clenchant un fou rire g\u00e9n\u00e9ral.\u00a0<\/p>\n<p>Laurent Ruquier n\u2019a pas pu s\u2019emp\u00eacher de r\u00e9agir : \u201cMais elle<br \/>\nest con\u2026 Mais elle est con.\u201d Yoann Riou, hilare, a rench\u00e9ri :<br \/>\n\u201cElle est blonde jusqu\u2019au bout !\u201d Quant \u00e0 Az, il a remis<br \/>\nles choses au clair : \u201cCe ne sont pas de vraies questions, OK<br \/>\n?\u201d<\/p>\n<p>\u201cNote pour moi-m\u00eame\u201d<\/p>\n<p>Face \u00e0 cette bourde, Sylvie Tellier a pr\u00e9f\u00e9r\u00e9 en rire. Elle a<br \/>\npartag\u00e9 la s\u00e9quence sur Instagram, \u00e9crivant avec humour : \u201cNote<br \/>\npour moi-m\u00eame : aux Grosses T\u00eates, ne jamais r\u00e9pondre s\u00e9rieusement\u2026<br \/>\nquand on me parle de lave-vaisselle.\u201d Une fa\u00e7on \u00e9l\u00e9gante<br \/>\nd\u2019assumer cette petite humiliation publique.<\/p>\n<p>Il faut dire que ce n\u2019est pas la premi\u00e8re fois que les<br \/>\nGrosses T\u00eates partent en vrille. Entre piques, fous rires<br \/>\net clashs bon enfant, les chroniqueurs n\u2019\u00e9pargnent personne. En<br \/>\nseptembre dernier, <a href=\"https:\/\/www.closermag.fr\/people\/je-temerde-les-esprits-sechauffent-a-lantenne-entre-christine-bravo-et-cet-humoriste-ca-a-bien-failli-degenerer-3580772\" target=\"_blank\" rel=\"noopener\"><br \/>\nChristine Bravo et Alexis Tramoni s\u2019\u00e9taient d\u00e9j\u00e0 affront\u00e9s<\/a> \u00e0<br \/>\ncoups de blagues sal\u00e9es. L\u2019\u00e9mission de Laurent Ruquier reste fid\u00e8le<br \/>\n\u00e0 sa r\u00e9putation : un m\u00e9lange de provocation et d\u2019humour un peu<br \/>\nlourd. Sylvie Tellier, qui tente de se faire une place dans<br \/>\nl\u2019\u00e9quipe, en a fait les frais.<\/p>\n<p><script async src=\"https:\/\/platform.twitter.com\/widgets.js\" charset=\"utf-8\"><\/script><\/p>\n","protected":false},"excerpt":{"rendered":"Depuis sa couronne de Miss France 2002, Sylvie Tellier s\u2019est bien \u00e9loign\u00e9e des podiums. \u00c0 47 ans, l\u2019ancienne&hellip;\n","protected":false},"author":2,"featured_media":511325,"comment_status":"","ping_status":"","sticky":false,"template":"","format":"standard","meta":{"footnotes":""},"categories":[1356],"tags":[58,59,1011,27,7216,2700,35787,252,1364],"class_list":{"0":"post-511324","1":"post","2":"type-post","3":"status-publish","4":"format-standard","5":"has-post-thumbnail","7":"category-television","8":"tag-divertissement","9":"tag-entertainment","10":"tag-fr","11":"tag-france","12":"tag-les-grosses-tetes","13":"tag-rtl","14":"tag-sylvie-tellier","15":"tag-television","16":"tag-tv"},"share_on_mastodon":{"url":"https:\/\/pubeurope.com\/@fr\/115491912042310787","error":""},"_links":{"self":[{"href":"https:\/\/www.europesays.com\/fr\/wp-json\/wp\/v2\/posts\/511324","targetHints":{"allow":["GET"]}}],"collection":[{"href":"https:\/\/www.europesays.com\/fr\/wp-json\/wp\/v2\/posts"}],"about":[{"href":"https:\/\/www.europesays.com\/fr\/wp-json\/wp\/v2\/types\/post"}],"author":[{"embeddable":true,"href":"https:\/\/www.europesays.com\/fr\/wp-json\/wp\/v2\/users\/2"}],"replies":[{"embeddable":true,"href":"https:\/\/www.europesays.com\/fr\/wp-json\/wp\/v2\/comments?post=511324"}],"version-history":[{"count":0,"href":"https:\/\/www.europesays.com\/fr\/wp-json\/wp\/v2\/posts\/511324\/revisions"}],"wp:featuredmedia":[{"embeddable":true,"href":"https:\/\/www.europesays.com\/fr\/wp-json\/wp\/v2\/media\/511325"}],"wp:attachment":[{"href":"https:\/\/www.europesays.com\/fr\/wp-json\/wp\/v2\/media?parent=511324"}],"wp:term":[{"taxonomy":"category","embeddable":true,"href":"https:\/\/www.europesays.com\/fr\/wp-json\/wp\/v2\/categories?post=511324"},{"taxonomy":"post_tag","embeddable":true,"href":"https:\/\/www.europesays.com\/fr\/wp-json\/wp\/v2\/tags?post=511324"}],"curies":[{"name":"wp","href":"https:\/\/api.w.org\/{rel}","templated":true}]}}