{"id":511328,"date":"2025-11-04T14:32:27","date_gmt":"2025-11-04T14:32:27","guid":{"rendered":"https:\/\/www.europesays.com\/fr\/511328\/"},"modified":"2025-11-04T14:32:27","modified_gmt":"2025-11-04T14:32:27","slug":"au-liberia-les-surfeurs-de-robertsport-en-quete-de-liberte","status":"publish","type":"post","link":"https:\/\/www.europesays.com\/fr\/511328\/","title":{"rendered":"au Liberia, les surfeurs de Robertsport en qu\u00eate de libert\u00e9"},"content":{"rendered":"<p>Lorsque Arthur Bourbon s\u2019est rendu il y a 5\u00a0ans aupr\u00e8s de la communaut\u00e9 de Robertsport, il a trouv\u00e9 d\u2019anciens enfants soldats encore marqu\u00e9s par la guerre, <a href=\"https:\/\/www.parismatch.com\/Actu\/Sport\/Au-Liberia-le-surf-pour-apaiser-la-memoire-des-enfants-soldats-1724273\" rel=\"nofollow noopener\" target=\"_blank\">en pleine reconstruction gr\u00e2ce au surf<\/a>. Le film qu\u2019il avait r\u00e9alis\u00e9 avec son comp\u00e8re Damien Castera avait rapidement fait le tour du monde, permettant \u00e0 ce village du Liberia d\u2019attirer l\u2019attention d\u2019ONG. Aujourd\u2019hui, un surf club s\u2019y est implant\u00e9, gr\u00e2ce \u00e0 plusieurs associations et \u00e0 l\u2019aide d\u2019Arthur Bourbon, qui y est retourn\u00e9, seul cette fois.<\/p>\n<p>Dans son <a href=\"https:\/\/www.parismatch.com\/actu\/sport\/we-the-surfers-au-liberia-comment-le-surf-a-transforme-la-vie-dun-village-259566\" rel=\"nofollow noopener\" target=\"_blank\">nouveau documentaire \u00ab\u00a0We The Surfers\u00a0\u00bb<\/a>, il filme le quotidien transform\u00e9 de ces jeunes surfeurs. Des collectes de planches venues des quatre coins du monde aux bourses scolaires en passant par la surf th\u00e9rapie, les habitants ont vu une partie de leur vie \u00eatre am\u00e9lior\u00e9e par ce tout nouveau commerce lanc\u00e9 en 2022. \u00ab\u00a0C\u2019est un projet qui \u00e9tait \u00e0 la base plut\u00f4t sportif et au final qui est devenu un truc plut\u00f4t social, \u00e9conomique et qui aide un peu le village \u00e0 se d\u00e9velopper autour du tourisme et du surf\u00a0\u00bb, explique Arthur Bourbon \u00e0 Paris Match.<\/p>\n<p>    La suite apr\u00e8s cette publicit\u00e9<\/p>\n<p>Une nouvelle g\u00e9n\u00e9ration<\/p>\n<p>\u00c0 la sortie du premier film \u00ab\u00a0Water get no enemy\u00a0\u00bb, les r\u00e9alisateurs avaient souhait\u00e9 partager les t\u00e9moignages des habitants avec pudeur. \u00ab\u00a0La guerre est un sujet assez tabou l\u00e0-bas, ils ont d\u00e9cid\u00e9 de tourner la page. Il n\u2019y a pas eu de tribunal international donc il y a beaucoup de personnes qui ont particip\u00e9 \u00e0 cette guerre qui sont encore au gouvernement o\u00f9 ils ont des postes importants, aucun criminel de guerre n\u2019a \u00e9t\u00e9 jug\u00e9\u2026\u00a0\u00bb, confiait alors \u00e0 Match Damien Castera. \u00ab\u00a0Dans le film, il y a deux g\u00e9n\u00e9rations. Il y a ceux qui ont la trentaine et ont v\u00e9cu la guerre, qui ont \u00e9t\u00e9 enr\u00f4l\u00e9s comme enfants soldats. Et il y a la g\u00e9n\u00e9ration d\u2019en-dessous, leurs enfants par exemple, ou encore les jeunes qu\u2019on voit dans le film qui ont 13 ou 14\u00a0ans, qui eux n\u2019ont pas connu la guerre et n\u2019ont pas la m\u00eame notion du surf\u00a0\u00bb, ajoutait-il.<\/p>\n<p>    La suite apr\u00e8s cette publicit\u00e9<\/p>\n<p>Cette nouvelle g\u00e9n\u00e9ration est notamment mise en avant dans \u00ab\u00a0We The Surfers\u00a0\u00bb, incarn\u00e9e par le jeune Reagan, dont la vid\u00e9o de lui surfant sur une planche de bois est devenue virale. \u00c0 tel point que le champion du monde de surf Gabriel Medina l\u2019a directement contact\u00e9 pour lui proposer son aide.<\/p>\n<p><strong>\u00ab\u00a0We The Surfers\u00a0\u00bb est disponible en VOD.<\/strong><\/p>\n","protected":false},"excerpt":{"rendered":"Lorsque Arthur Bourbon s\u2019est rendu il y a 5\u00a0ans aupr\u00e8s de la communaut\u00e9 de Robertsport, il a trouv\u00e9&hellip;\n","protected":false},"author":2,"featured_media":511329,"comment_status":"","ping_status":"","sticky":false,"template":"","format":"standard","meta":{"footnotes":""},"categories":[1354],"tags":[58,59,1346,1011,27,1360],"class_list":{"0":"post-511328","1":"post","2":"type-post","3":"status-publish","4":"format-standard","5":"has-post-thumbnail","7":"category-films","8":"tag-divertissement","9":"tag-entertainment","10":"tag-films","11":"tag-fr","12":"tag-france","13":"tag-movies"},"share_on_mastodon":{"url":"https:\/\/pubeurope.com\/@fr\/115491919998096598","error":""},"_links":{"self":[{"href":"https:\/\/www.europesays.com\/fr\/wp-json\/wp\/v2\/posts\/511328","targetHints":{"allow":["GET"]}}],"collection":[{"href":"https:\/\/www.europesays.com\/fr\/wp-json\/wp\/v2\/posts"}],"about":[{"href":"https:\/\/www.europesays.com\/fr\/wp-json\/wp\/v2\/types\/post"}],"author":[{"embeddable":true,"href":"https:\/\/www.europesays.com\/fr\/wp-json\/wp\/v2\/users\/2"}],"replies":[{"embeddable":true,"href":"https:\/\/www.europesays.com\/fr\/wp-json\/wp\/v2\/comments?post=511328"}],"version-history":[{"count":0,"href":"https:\/\/www.europesays.com\/fr\/wp-json\/wp\/v2\/posts\/511328\/revisions"}],"wp:featuredmedia":[{"embeddable":true,"href":"https:\/\/www.europesays.com\/fr\/wp-json\/wp\/v2\/media\/511329"}],"wp:attachment":[{"href":"https:\/\/www.europesays.com\/fr\/wp-json\/wp\/v2\/media?parent=511328"}],"wp:term":[{"taxonomy":"category","embeddable":true,"href":"https:\/\/www.europesays.com\/fr\/wp-json\/wp\/v2\/categories?post=511328"},{"taxonomy":"post_tag","embeddable":true,"href":"https:\/\/www.europesays.com\/fr\/wp-json\/wp\/v2\/tags?post=511328"}],"curies":[{"name":"wp","href":"https:\/\/api.w.org\/{rel}","templated":true}]}}