{"id":511345,"date":"2025-11-04T14:41:16","date_gmt":"2025-11-04T14:41:16","guid":{"rendered":"https:\/\/www.europesays.com\/fr\/511345\/"},"modified":"2025-11-04T14:41:16","modified_gmt":"2025-11-04T14:41:16","slug":"une-compagnie-de-danse-de-firminy-a-la-france-a-un-incroyable-talent-sur-m6","status":"publish","type":"post","link":"https:\/\/www.europesays.com\/fr\/511345\/","title":{"rendered":"Une compagnie de danse de Firminy \u00e0 la France a un incroyable talent sur M6 !"},"content":{"rendered":"<p><img decoding=\"async\" class=\"\" style=\"width:100%\" src=\"https:\/\/www.europesays.com\/fr\/wp-content\/uploads\/2025\/11\/IMG_63061762240831418.jpg\" alt=\"La compagnie A pas de velours.\"\/><\/p>\n<p>La compagnie A pas de velours.<\/p>\n<p>Cr\u00e9dit : Instagram \/ cie.apasdevelours<\/p>\n<p>Ils vont repr\u00e9senter Firminy en prime time ce soir ! Comme chaque mardi soir d\u00e9sormais, M6 nous propose la France a un incroyable Talent avec la suite des auditions. Et parmi les candidats talentueux, d&rsquo;autres un peu moins disons-le, notre coeur va pouvoir pencher pour les danseurs de la compagnie A pas de velours qui est de Firminy. Une vingtaine de danseuses et danseurs \u00e2g\u00e9s de 10 \u00e0 25 ans vont r\u00e9aliser une chor\u00e9graphie inspir\u00e9e du film Psychose d\u2019Alfred Hitchcock pour esp\u00e9rer se qualifier pour les quarts de finale de l\u2019\u00e9mission?\u00a0<\/p>\n<p>Alors est-ce que \u00e7a passera, est-ce que leur prestation va impressionner le jury ? R\u00e9ponse ce soir \u00e0 partir de 21h10 sur M6 !<\/p>\n","protected":false},"excerpt":{"rendered":"La compagnie A pas de velours. Cr\u00e9dit : Instagram \/ cie.apasdevelours Ils vont repr\u00e9senter Firminy en prime time&hellip;\n","protected":false},"author":2,"featured_media":511346,"comment_status":"","ping_status":"","sticky":false,"template":"","format":"standard","meta":{"footnotes":""},"categories":[9653],"tags":[1111,11,2430,38730,5972,1777,674,10282,1011,27,1757,3367,12,25,4001,3140,1364],"class_list":{"0":"post-511345","1":"post","2":"type-post","3":"status-publish","4":"format-standard","5":"has-post-thumbnail","7":"category-saint-etienne","8":"tag-actu","9":"tag-actualites","10":"tag-auvergne-rhone-alpes","11":"tag-buzz","12":"tag-danse","13":"tag-eu","14":"tag-europe","15":"tag-firminy","16":"tag-fr","17":"tag-france","18":"tag-insolite","19":"tag-loire","20":"tag-news","21":"tag-republique-francaise","22":"tag-saint-etienne","23":"tag-spectacle","24":"tag-tv"},"share_on_mastodon":{"url":"https:\/\/pubeurope.com\/@fr\/115491956012530586","error":""},"_links":{"self":[{"href":"https:\/\/www.europesays.com\/fr\/wp-json\/wp\/v2\/posts\/511345","targetHints":{"allow":["GET"]}}],"collection":[{"href":"https:\/\/www.europesays.com\/fr\/wp-json\/wp\/v2\/posts"}],"about":[{"href":"https:\/\/www.europesays.com\/fr\/wp-json\/wp\/v2\/types\/post"}],"author":[{"embeddable":true,"href":"https:\/\/www.europesays.com\/fr\/wp-json\/wp\/v2\/users\/2"}],"replies":[{"embeddable":true,"href":"https:\/\/www.europesays.com\/fr\/wp-json\/wp\/v2\/comments?post=511345"}],"version-history":[{"count":0,"href":"https:\/\/www.europesays.com\/fr\/wp-json\/wp\/v2\/posts\/511345\/revisions"}],"wp:featuredmedia":[{"embeddable":true,"href":"https:\/\/www.europesays.com\/fr\/wp-json\/wp\/v2\/media\/511346"}],"wp:attachment":[{"href":"https:\/\/www.europesays.com\/fr\/wp-json\/wp\/v2\/media?parent=511345"}],"wp:term":[{"taxonomy":"category","embeddable":true,"href":"https:\/\/www.europesays.com\/fr\/wp-json\/wp\/v2\/categories?post=511345"},{"taxonomy":"post_tag","embeddable":true,"href":"https:\/\/www.europesays.com\/fr\/wp-json\/wp\/v2\/tags?post=511345"}],"curies":[{"name":"wp","href":"https:\/\/api.w.org\/{rel}","templated":true}]}}