{"id":511375,"date":"2025-11-04T14:57:11","date_gmt":"2025-11-04T14:57:11","guid":{"rendered":"https:\/\/www.europesays.com\/fr\/511375\/"},"modified":"2025-11-04T14:57:11","modified_gmt":"2025-11-04T14:57:11","slug":"ces-controles-de-trottinettes-electriques-surprennent-tout-le-monde","status":"publish","type":"post","link":"https:\/\/www.europesays.com\/fr\/511375\/","title":{"rendered":"ces contr\u00f4les de trottinettes \u00e9lectriques surprennent tout le monde"},"content":{"rendered":"<p>            Par<br \/>\n        <strong><br \/>\n            <a href=\"https:\/\/actu.fr\/auteur\/arthur-frand\" title=\"Consulter tous les articles de Arthur Frand\" rel=\"nofollow noopener\" target=\"_blank\">Arthur Frand<\/a><br \/>\n        <\/strong><\/p>\n<p>        Publi\u00e9 le<\/p>\n<p>            4 nov. 2025 \u00e0 14h52        <\/p>\n<p>Effet de surprise ou pas\u2009? \u00c0 <a href=\"https:\/\/actu.fr\/nice\/\" rel=\"nofollow noopener\" target=\"_blank\">Nice,<\/a> dans les <a href=\"https:\/\/actu.fr\/provence-alpes-cote-d-azur\/alpes-maritimes_06\" rel=\"nofollow noopener\" target=\"_blank\">Alpes-Maritimes<\/a>, le port du casque pour les usagers de la trottinette \u00e9lectrique n\u2019est d\u00e9sormais plus une option. Sous peine de sanction. En effet, un arr\u00eat\u00e9 pris vendredi 31\u00a0octobre rend le port du casque obligatoire jusqu\u2019au 1er\u00a0mars 2026 au moins. Une d\u00e9cision <a href=\"https:\/\/actu.fr\/provence-alpes-cote-d-azur\/nice_06088\/nice-face-aux-comportements-dangereux-en-trottinette-la-ville-prend-une-mesure-forte_63247267.html\" rel=\"nofollow noopener\" target=\"_blank\">assum\u00e9e de la municipalit\u00e9<\/a> qui avance un nombre important d\u2019accidents li\u00e9s \u00e0 l\u2019usage d\u2019une trottinette. Ce mardi 4\u00a0novembre, une premi\u00e8re op\u00e9ration de contr\u00f4le <strong>a \u00e9t\u00e9 men\u00e9e<\/strong> par des policiers municipaux ni\u00e7ois. Ces derniers se sont positionn\u00e9s \u00e0 l\u2019angle des rues du Mar\u00e9chal Joffre et Alphonse Karr. Un lieu de faible passage, mais bien cibl\u00e9. \u00ab\u2009C\u2019est un endroit avec une piste cyclable o\u00f9 il y a parfois des conflits d\u2019usages entre des pi\u00e9tons et les engins motoris\u00e9s\u2009\u00bb, souligne Anthony Borr\u00e9, premier adjoint au maire. Ce <strong>premier contr\u00f4le<\/strong>, surprise, a d\u00e9rout\u00e9 plusieurs Ni\u00e7ois, d\u00e9boulant \u00e0 haute vitesse.<\/p>\n<p>    <a href=\"https:\/\/www.google.com\/maps\/embed?pb=!1m18!1m12!1m3!1d680.6661186397325!2d7.263937560177959!3d43.698860795579726!2m3!1f0!2f0!3f0!3m2!1i1024!2i768!4f13.1!3m3!1m2!1s0x12cddaa75ff4141b%3A0x58dfab87ed95f901!2sRue%20Alphonse%20Karr%2C%2006000%20Nice!5e0!3m2!1sfr!2sfr!4v1762256902077!5m2!1sfr!2sfr\" title=\"Ouvrie le lien\" rel=\"nofollow noopener\" target=\"_blank\">Cliquez ici pour visualiser le contenu<\/a><\/p>\n<p class=\" wall-content\">Ce premier contr\u00f4le avait une vis\u00e9e plus pr\u00e9ventive que disciplinaire. D\u00e8s 10h, les policiers minimaux ont arr\u00eat\u00e9 <strong>tous les usagers de la trottinette \u00e9lectrique<\/strong> passant par ce carrefour du centre-ville. Casque ou pas casque sur la t\u00eate. Avec fermet\u00e9, mais bienveillance. Mais tr\u00e8s vite, cette op\u00e9ration de contr\u00f4le <strong>a \u00e9t\u00e9 signal\u00e9e<\/strong> sur l\u2019application Waze. De fait, plusieurs Ni\u00e7ois ont d\u00e9vi\u00e9 leur trajectoire. Certains d\u2019entre eux, \u00e9tonn\u00e9s, se sont retrouv\u00e9s \u00ab\u2009pi\u00e9g\u00e9s\u2009\u00bb.<\/p>\n<p>\u00ab\u2009J\u2019ai vu l\u2019obligation alors je me suis d\u00e9cid\u00e9\u2009\u00bb<\/p>\n<p class=\" wall-content\">La plupart des Ni\u00e7ois contr\u00f4l\u00e9s ne <strong>portaient pas de casque<\/strong>, \u00e9tant parfois m\u00eame \u00e0 deux une seule trottinette, ce qui est interdit. Certains, honn\u00eates, ont \u00e9t\u00e9 pris de court par la nouvelle r\u00e9glementation. \u00ab\u2009Vous avez pens\u00e9 au casque\u2009\u00bb, questionne une polici\u00e8re. \u00ab\u2009On ne nous avait pas pr\u00e9venus\u2009! Mais c\u2019est bon \u00e0 savoir. C\u2019est bien de faire de la pr\u00e9vention. \u00c0 partir de demain, on <strong>aura le casque<\/strong>\u2009\u00bb, r\u00e9torque un jeune ni\u00e7ois pris en \u00ab\u2009flag\u2009\u00bb. En cas de non-port du casque ces prochaines semaines, ce dernier pourra \u00eatre verbalis\u00e9 d\u2019une amende de 35\u00a0euros.<\/p>\n<p class=\" wall-content\">\u00ab\u2009C\u2019est une <strong>bonne chose<\/strong>, pour notre s\u00e9curit\u00e9 et celle des autres. On ne sait jamais. L\u2019inattention, les autres\u00a0etc\u2026 On peut vite avoir un accident. \u00c7a \u00e9vite d\u2019avoir mal \u00e0 la t\u00eate. Mais avant je ne portais pas le casque, j\u2019ai vu la mesure passer alors, je me suis d\u00e9cid\u00e9\u2009\u00bb, explique Gueye, l\u2019un des rares Ni\u00e7ois \u00ab\u2009en r\u00e8gles\u2009\u00bb lors de cette op\u00e9ration de contr\u00f4le.<\/p>\n<p>    <img   decoding=\"async\" loading=\"lazy\" src=\"https:\/\/www.europesays.com\/fr\/wp-content\/uploads\/2025\/11\/whatsapp-image-2025-11-04-at-122339-960x640.jpeg\" alt=\"cobtr\u00f4le\" width=\"960\" height=\"640\"\/><br \/>\n    La police municipale ni\u00e7oise a contr\u00f4l\u00e9 les usagers de la trottinette \u00e9lectrique ce mardi 4\u00a0novembre. (\u00a9Arthur Frand \/ actu Nice)\u00ab\u2009Si je me fais prendre, je paierai\u2009\u00bb<\/p>\n<p class=\" wall-content\">Ce mardi matin, d\u2019autres usagers \u00e9taient dubitatifs sur la mesure.<\/p>\n<p>Votre r\u00e9gion, votre actu !<\/p>\n<p>Recevez chaque jour les infos qui comptent pour vous.<\/p>\n<p>\t<a href=\"https:\/\/actu.fr\/newsletter\" class=\"ac-btn ac-btn--corner ac-btn--medium ac-btn--blue800\" rel=\"nofollow noopener\" target=\"_blank\">S&rsquo;incrire<\/a><\/p>\n<blockquote class=\"ac-article-quote wall-content\">\n<p>\u2009J\u2019en avais entendu parler mais je ne l\u2019ai pas encore achet\u00e9, en tout cas pas encore honn\u00eatement. Je comprends l\u2019id\u00e9e car j\u2019ai moi-m\u00eame eu un accident et il aurait fallu que j\u2019ai ce casque pour ma sant\u00e9. Mais d\u2019un autre c\u00f4t\u00e9, est-ce que l\u2019amende est n\u00e9cessaire\u2009? M\u00eame si elle est moins \u00e9lev\u00e9e que je ne le pensais. Cela ne r\u00e9glera pas tous les mauvais comportements.<\/p>\n<p>    <strong>Romain<\/strong><br \/>\n        Ni\u00e7ois en trottinette \u00e9lectrique    <\/p><\/blockquote>\n<p class=\" wall-content\">Hors contr\u00f4le, deux autres usagers confient de pas avoir pr\u00e9vu d\u2019acheter le casque. Un <strong>pari os\u00e9 et dangereux, mais<\/strong> payant financi\u00e8rement\u2009? Dans le commerce, l\u2019achat de cet \u00e9quipement varie entre 20 et 30\u00a0euros selon les sites. L\u2019amende, elle, est de 35\u00a0euros. Certains Ni\u00e7ois sont pr\u00eats \u00e0 prendre le risque. \u00ab\u2009Je fais attention sur la route. Mais si je me fais prendre, je paierai, c\u2019est tout\u2009\u00bb, assume un homme d\u2019une trentaine d\u2019ann\u00e9es dans une rue annexe.<\/p>\n<p class=\" wall-content\">Les non-porteurs de casque seront sanctionn\u00e9s d\u2019un PV \u00e0 blanc qui sera envoy\u00e9 au tribunal administratif de Nice. Ce dernier de l\u2019appliquer l\u2019amende ou non.<\/p>\n<p>Les accidents plus graves en trottinette \u00e9lectriques selon la Ville<\/p>\n<p class=\" wall-content\">La ville de Nice, elle, avance une <strong>mesure de sant\u00e9<\/strong>. \u00ab\u2009En trottinette \u00e9lectrique, les accidents sont plus dangereux en termes de blessures et de d\u00e9c\u00e8s potentiels. Le CHU de Nice compte 400 \u00e0 500 accidents par an avec des traumatismes importants\u2009\u00bb, justifie Anthony Borr\u00e9.<\/p>\n<p class=\" wall-content\">Certaines zones de Nice comme la Promenade des Anglais ou R\u00e9publique sont <strong>tr\u00e8s expos\u00e9es aux accidents<\/strong>, car les trottinettes passent plus vite.\u00a0Ce qui pose des soucis aux policiers municipaux. \u00ab\u2009Nous ne pouvons pas engager des courses-poursuites avec chacun, les contr\u00f4les r\u00e9guliers sont donc plus logiques. Les trottinettes sont souvent d\u00e9brid\u00e9es, au-del\u00e0 de 25\u00a0km\/h\u2009\u00bb, explique Anthony Borr\u00e9, qui appelle le l\u00e9gislateur \u00e0 rendre obligatoire les plaques d\u2019immatriculation sur les trottinettes \u00e9lectriques.<\/p>\n<p class=\" wall-content\">Pour rappel, cette mesure du casque obligatoire concerne uniquement les trottinettes \u00e9lectriques. \u00c0 Nice, leur circulation a d\u00e9j\u00e0 \u00e9t\u00e9 interdite sur les zones pi\u00e9tonnes.<\/p>\n<p class=\" wall-content\">Personnalisez votre actualit\u00e9 en ajoutant vos villes et m\u00e9dias en favori avec <a href=\"https:\/\/moncompte.actu.fr\" title=\"D\u00e9couvez Mon Actu\" rel=\"nofollow noopener\" data-trk=\"{&quot;cta&quot;:{&quot;action&quot;:&quot;https:\\\/\\\/moncompte.actu.fr&quot;,&quot;category&quot;:&quot;mon compte&quot;,&quot;from&quot;:&quot;article footer&quot;,&quot;name&quot;:&quot;Mon actu&quot;,&quot;type&quot;:&quot;cta&quot;}}\" target=\"_blank\">Mon Actu<\/a>.<\/p>\n","protected":false},"excerpt":{"rendered":"Par Arthur Frand Publi\u00e9 le 4 nov. 2025 \u00e0 14h52 Effet de surprise ou pas\u2009? \u00c0 Nice, dans&hellip;\n","protected":false},"author":2,"featured_media":511376,"comment_status":"","ping_status":"","sticky":false,"template":"","format":"standard","meta":{"footnotes":""},"categories":[2819],"tags":[1111,11,1777,674,1011,27,12,2401,1072,882,25,104,6960],"class_list":{"0":"post-511375","1":"post","2":"type-post","3":"status-publish","4":"format-standard","5":"has-post-thumbnail","7":"category-nice","8":"tag-actu","9":"tag-actualites","10":"tag-eu","11":"tag-europe","12":"tag-fr","13":"tag-france","14":"tag-news","15":"tag-nice","16":"tag-police","17":"tag-provence-alpes-cote-dazur","18":"tag-republique-francaise","19":"tag-societe","20":"tag-trottinette-electrique"},"share_on_mastodon":{"url":"https:\/\/pubeurope.com\/@fr\/115492018795247867","error":""},"_links":{"self":[{"href":"https:\/\/www.europesays.com\/fr\/wp-json\/wp\/v2\/posts\/511375","targetHints":{"allow":["GET"]}}],"collection":[{"href":"https:\/\/www.europesays.com\/fr\/wp-json\/wp\/v2\/posts"}],"about":[{"href":"https:\/\/www.europesays.com\/fr\/wp-json\/wp\/v2\/types\/post"}],"author":[{"embeddable":true,"href":"https:\/\/www.europesays.com\/fr\/wp-json\/wp\/v2\/users\/2"}],"replies":[{"embeddable":true,"href":"https:\/\/www.europesays.com\/fr\/wp-json\/wp\/v2\/comments?post=511375"}],"version-history":[{"count":0,"href":"https:\/\/www.europesays.com\/fr\/wp-json\/wp\/v2\/posts\/511375\/revisions"}],"wp:featuredmedia":[{"embeddable":true,"href":"https:\/\/www.europesays.com\/fr\/wp-json\/wp\/v2\/media\/511376"}],"wp:attachment":[{"href":"https:\/\/www.europesays.com\/fr\/wp-json\/wp\/v2\/media?parent=511375"}],"wp:term":[{"taxonomy":"category","embeddable":true,"href":"https:\/\/www.europesays.com\/fr\/wp-json\/wp\/v2\/categories?post=511375"},{"taxonomy":"post_tag","embeddable":true,"href":"https:\/\/www.europesays.com\/fr\/wp-json\/wp\/v2\/tags?post=511375"}],"curies":[{"name":"wp","href":"https:\/\/api.w.org\/{rel}","templated":true}]}}