{"id":511415,"date":"2025-11-04T15:19:14","date_gmt":"2025-11-04T15:19:14","guid":{"rendered":"https:\/\/www.europesays.com\/fr\/511415\/"},"modified":"2025-11-04T15:19:14","modified_gmt":"2025-11-04T15:19:14","slug":"un-match-du-tournoi-des-vi-nations-aux-usa-pas-une-si-mauvaise-idee-valide-moscato","status":"publish","type":"post","link":"https:\/\/www.europesays.com\/fr\/511415\/","title":{"rendered":"Un match du Tournoi des VI Nations aux USA ? \u00ab\u00a0Pas une si mauvaise id\u00e9e\u00a0\u00bb valide Moscato"},"content":{"rendered":"<p><img decoding=\"async\" fetchpriority=\"high\" src=\"https:\/\/www.europesays.com\/fr\/wp-content\/uploads\/2025\/04\/1744486932_935_placeholder_lcp_video.05bf4656ae0a2da173edc7ce90e1a7d8.webp\" width=\"800\" height=\"450\" alt=\"placeholder video\"\/><\/p>\n<p>Faut-il d\u00e9raciner un \u00e9v\u00e9nement de sa plus profonde tradition europ\u00e9enne ?<br \/>Telle est la question soulev\u00e9 par ce projet de d\u00e9localiser un match du Tournoi des VI Nations aux Etats-Unis. Si l&rsquo;id\u00e9e va faire bondir la majorit\u00e9 du monde de l&rsquo;ovalie, ce n&rsquo;est pas le cas de Vincent Moscato qui comprend l&rsquo;int\u00e9r\u00eat derri\u00e8re l&rsquo;initiative.\u00a0 <\/p>\n<p>Aujourd&rsquo;hui \u00e0 15h53 | Dur\u00e9e : 3:34<\/p>\n","protected":false},"excerpt":{"rendered":"Faut-il d\u00e9raciner un \u00e9v\u00e9nement de sa plus profonde tradition europ\u00e9enne ?Telle est la question soulev\u00e9 par ce projet&hellip;\n","protected":false},"author":2,"featured_media":511416,"comment_status":"","ping_status":"","sticky":false,"template":"","format":"standard","meta":{"footnotes":""},"categories":[1589],"tags":[11,73,1866,12,1864,1865,1863,308],"class_list":{"0":"post-511415","1":"post","2":"type-post","3":"status-publish","4":"format-standard","5":"has-post-thumbnail","7":"category-etats-unis","8":"tag-actualites","9":"tag-etats-unis","10":"tag-etats-unis-damerique","11":"tag-news","12":"tag-united-states","13":"tag-united-states-of-america","14":"tag-us","15":"tag-usa"},"share_on_mastodon":{"url":"https:\/\/pubeurope.com\/@fr\/115492105399227569","error":""},"_links":{"self":[{"href":"https:\/\/www.europesays.com\/fr\/wp-json\/wp\/v2\/posts\/511415","targetHints":{"allow":["GET"]}}],"collection":[{"href":"https:\/\/www.europesays.com\/fr\/wp-json\/wp\/v2\/posts"}],"about":[{"href":"https:\/\/www.europesays.com\/fr\/wp-json\/wp\/v2\/types\/post"}],"author":[{"embeddable":true,"href":"https:\/\/www.europesays.com\/fr\/wp-json\/wp\/v2\/users\/2"}],"replies":[{"embeddable":true,"href":"https:\/\/www.europesays.com\/fr\/wp-json\/wp\/v2\/comments?post=511415"}],"version-history":[{"count":0,"href":"https:\/\/www.europesays.com\/fr\/wp-json\/wp\/v2\/posts\/511415\/revisions"}],"wp:featuredmedia":[{"embeddable":true,"href":"https:\/\/www.europesays.com\/fr\/wp-json\/wp\/v2\/media\/511416"}],"wp:attachment":[{"href":"https:\/\/www.europesays.com\/fr\/wp-json\/wp\/v2\/media?parent=511415"}],"wp:term":[{"taxonomy":"category","embeddable":true,"href":"https:\/\/www.europesays.com\/fr\/wp-json\/wp\/v2\/categories?post=511415"},{"taxonomy":"post_tag","embeddable":true,"href":"https:\/\/www.europesays.com\/fr\/wp-json\/wp\/v2\/tags?post=511415"}],"curies":[{"name":"wp","href":"https:\/\/api.w.org\/{rel}","templated":true}]}}