{"id":511417,"date":"2025-11-04T15:20:16","date_gmt":"2025-11-04T15:20:16","guid":{"rendered":"https:\/\/www.europesays.com\/fr\/511417\/"},"modified":"2025-11-04T15:20:16","modified_gmt":"2025-11-04T15:20:16","slug":"un-nouveau-parc-au-royaume-uni-des-2029","status":"publish","type":"post","link":"https:\/\/www.europesays.com\/fr\/511417\/","title":{"rendered":"un nouveau parc au Royaume-Uni d\u00e8s 2029 ?"},"content":{"rendered":"<p>\t\t\t\t\t &#8211; En 2025, le Puy du Fou a franchi un nouveau cap historique avec <b>4,7 millions de visiteurs<\/b> accueillis dans ses deux parcs fran\u00e7ais et espagnol : 3 millions en France et 1,7 million en Espagne. C\u2019est 400 000 visiteurs de plus qu\u2019en 2024, qui \u00e9tait d\u00e9j\u00e0 l\u2019ann\u00e9e record de l\u2019histoire du Puy du Fou. <\/p>\n<p>&#8211; Pour r\u00e9pondre \u00e0 ce succ\u00e8s croissant, <b>cent chambres suppl\u00e9mentaires viendront compl\u00e9ter, en 2026, l\u2019univers du Grand Si\u00e8cle<\/b> au Puy du Fou, portant le nombre total de chambres \u00e0 700 dans l\u2019ensemble des h\u00f4tels th\u00e9matis\u00e9s du parc.&#13;\t\t\t\t\t <\/p>\n<p>&#8211; \u00c0 partir de la saison 2026, le Puy du Fou sera \u00e9galement ouvert durant la <a class=\"liens\" href=\"https:\/\/www.tourmag.com\/Noel-2026-au-Puy-du-Fou-le-retour-tant-attendu-_a128391.html\" target=\"_blank\" rel=\"noopener\">p\u00e9riode de No\u00ebl<\/a> et pr\u00e9sentera au public, en plus de ses spectacles existants, un nouveau spectacle-\u00e9v\u00e9nement cr\u00e9\u00e9 pour l\u2019occasion : <b>Le Myst\u00e8re de No\u00ebl<\/b>. Cette nouvelle cr\u00e9ation sera pr\u00e9sent\u00e9e \u00e0 la tomb\u00e9e du jour, en fin d\u2019apr\u00e8s-midi, dans le Stadium Gallo-Romain, transform\u00e9 pour l\u2019occasion en un vaste th\u00e9\u00e2tre (30 minutes, deux \u00e0 trois fois par jour, avec 150 acteurs, danseurs et cavaliers ). &#13;\t\t\t\t\t <\/p>\n<p>Par ailleurs, les villages, les ruelles, les restaurants et les h\u00f4tels du Puy du Fou s\u2019habilleront de sapins et de lumi\u00e8re. &#13;\t\t\t\t\t <\/p>\n<p><b>Ouverture 2026<\/b>\u202f: du 19 d\u00e9cembre au 3 janvier 2027 (ferm\u00e9 le 25 d\u00e9cembre) ; Cit\u00e9 Nocturne ouverte du 18 d\u00e9cembre au 3 janvier 2027 (ferm\u00e9e les 24 et 25 d\u00e9cembre au soir). Horaires\u202f: de 10h \u00e0 20h. Tarif\u202f: \u00e0 partir de 42\u20ac &#13;\t\t\t\t\t <\/p>\n<p>&#8211; A partir de d\u00e9cembre 2027, le Puy du Fou partira en tourn\u00e9e avec <b>un grand spectacle \u00e9v\u00e9nement dans les z\u00e9niths de France<\/b> et une cinquantaine de repr\u00e9sentations \u00e0 Paris. Le calendrier complet des villes et les dates de tourn\u00e9e seront d\u00e9voil\u00e9s lors de l\u2019ouverture des ventes, en d\u00e9cembre 2025.\n\t\t\t\t <\/p>\n","protected":false},"excerpt":{"rendered":"&#8211; En 2025, le Puy du Fou a franchi un nouveau cap historique avec 4,7 millions de visiteurs&hellip;\n","protected":false},"author":2,"featured_media":511418,"comment_status":"","ping_status":"","sticky":false,"template":"","format":"standard","meta":{"footnotes":""},"categories":[1588],"tags":[11,1777,674,12,23061,473,1853,1851,1850,1852],"class_list":{"0":"post-511417","1":"post","2":"type-post","3":"status-publish","4":"format-standard","5":"has-post-thumbnail","7":"category-royaume-uni","8":"tag-actualites","9":"tag-eu","10":"tag-europe","11":"tag-news","12":"tag-puy-du-fou","13":"tag-royaume-uni","14":"tag-royaume-uni-de-grande-bretagne-et-dirlande-du-nord","15":"tag-uk","16":"tag-united-kingdom","17":"tag-united-kingdom-of-great-britain-and-northern-ireland"},"share_on_mastodon":{"url":"https:\/\/pubeurope.com\/@fr\/115492108700449739","error":""},"_links":{"self":[{"href":"https:\/\/www.europesays.com\/fr\/wp-json\/wp\/v2\/posts\/511417","targetHints":{"allow":["GET"]}}],"collection":[{"href":"https:\/\/www.europesays.com\/fr\/wp-json\/wp\/v2\/posts"}],"about":[{"href":"https:\/\/www.europesays.com\/fr\/wp-json\/wp\/v2\/types\/post"}],"author":[{"embeddable":true,"href":"https:\/\/www.europesays.com\/fr\/wp-json\/wp\/v2\/users\/2"}],"replies":[{"embeddable":true,"href":"https:\/\/www.europesays.com\/fr\/wp-json\/wp\/v2\/comments?post=511417"}],"version-history":[{"count":0,"href":"https:\/\/www.europesays.com\/fr\/wp-json\/wp\/v2\/posts\/511417\/revisions"}],"wp:featuredmedia":[{"embeddable":true,"href":"https:\/\/www.europesays.com\/fr\/wp-json\/wp\/v2\/media\/511418"}],"wp:attachment":[{"href":"https:\/\/www.europesays.com\/fr\/wp-json\/wp\/v2\/media?parent=511417"}],"wp:term":[{"taxonomy":"category","embeddable":true,"href":"https:\/\/www.europesays.com\/fr\/wp-json\/wp\/v2\/categories?post=511417"},{"taxonomy":"post_tag","embeddable":true,"href":"https:\/\/www.europesays.com\/fr\/wp-json\/wp\/v2\/tags?post=511417"}],"curies":[{"name":"wp","href":"https:\/\/api.w.org\/{rel}","templated":true}]}}