{"id":511419,"date":"2025-11-04T15:21:17","date_gmt":"2025-11-04T15:21:17","guid":{"rendered":"https:\/\/www.europesays.com\/fr\/511419\/"},"modified":"2025-11-04T15:21:17","modified_gmt":"2025-11-04T15:21:17","slug":"lallemagne-sallie-a-nvidia-pour-etre-le-futur-centre-europeen-de-lia","status":"publish","type":"post","link":"https:\/\/www.europesays.com\/fr\/511419\/","title":{"rendered":"L&rsquo;Allemagne s&rsquo;allie \u00e0 Nvidia pour \u00eatre le futur centre europ\u00e9en de l\u2019IA\u00a0!"},"content":{"rendered":"<p>                    <b>Les g\u00e9ants de la technologie annoncent un projet d\u2019envergure pour redonner \u00e0 l\u2019Europe une feuille de route dans l\u2019intelligence artificielle (IA). Nvidia et Deutsche Telekom se sont associ\u00e9s pour lever une infrastructure d\u2019IA dite \u00ab souveraine \u00bb, en Allemagne, \u00e0 hauteur d\u2019environ 1 milliard d\u2019euros, destin\u00e9e \u00e0 entrer en service d\u00e8s le premier trimestre 2026. <\/b><\/p>\n<p>                                                                                                                                                        <img decoding=\"async\" src=\"https:\/\/www.europesays.com\/fr\/wp-content\/uploads\/2025\/11\/7b0a082d1a_nvidia-deutsch-telecom.webp.webp\" alt=\"NVIDIA Deutsch Telecom\" width=\"1200\" height=\"690\" loading=\"lazy\"\/>        <\/p>\n<p>Un projet structurel pour l\u2019industrie allemande<\/p>\n<p><b>Le projet s\u2019inscrit dans l\u2019initiative nationale Made 4 Germany, laquelle regroupe plus de cent entreprises <\/b>visant \u00e0 renforcer la comp\u00e9titivit\u00e9 industrielle allemande ainsi que la num\u00e9risation de son \u00e9conomie. <\/p>\n<p>Situ\u00e9e en Bavi\u00e8re, \u00e0 Munich, l\u2019infrastructure\u00a0\u2014 qualifi\u00e9e d\u2019AI factory ou industrial AI cloud\u2014 sera log\u00e9e dans un data-center refait \u00e0 neuf par Deutsche Telekom. Elle devrait abriter \u00e0 terme <b>quelque 10 000 GPU Nvidia Blackwell dans sa phase initiale<\/b>. <\/p>\n<p>L\u2019un des points cl\u00e9s de l\u2019annonce\u00a0: <b>les donn\u00e9es resteront en Europe (et plus pr\u00e9cis\u00e9ment en Allemagne, un imp\u00e9ratif de souverainet\u00e9 num\u00e9rique)<\/b>. Le site fournira des services \u00e0 destination des grands groupes, des PME, des start-ups et des applications manufacturi\u00e8res comme la simulation, le jumeau num\u00e9rique ou la robotique avanc\u00e9e.<\/p>\n<p>                                                                                                                                                        <img decoding=\"async\" src=\"https:\/\/www.europesays.com\/fr\/wp-content\/uploads\/2025\/11\/9d75ca218e_nvidia-et-deutsche-telekom-lancent-une-usine-ia-souveraine-a-1-milliard-d-euros.webp.webp\" alt=\"L'Allemagne s'allie \u00e0 Nvidia pour \u00eatre le futur centre europ\u00e9en de l\u2019IA\u00a0!\" width=\"1200\" height=\"800\" loading=\"lazy\"\/>        <\/p>\n<p>Pourquoi ce partenariat\u00a0?<\/p>\n<p>L\u2019Allemagne, mais \u00e9galement l\u2019Europe, souhaitent <b>r\u00e9duire la d\u00e9pendance technologique vis-\u00e0-vis des \u00c9tats-Unis et de la Chine<\/b> dans le domaine des supercalculateurs et de l\u2019IA. Comme le souligne Nvidia, dans l\u2019\u00e8re de l\u2019IA, chaque fabricant a besoin de deux usines\u00a0: une pour fabriquer les choses, et une pour cr\u00e9er l\u2019intelligence qui les anime. <\/p>\n<p><b>L\u2019investissement est \u00e0 double tranchant<\/b>\u00a0: il s\u2019agit \u00e0 la fois d\u2019un chantier industriel de pointe et d\u2019un signal politique fort. Le concept d&rsquo;IA souveraine devient une pi\u00e8ce ma\u00eetresse de la strat\u00e9gie europ\u00e9enne de mont\u00e9e en puissance technologique. <\/p>\n<p>                                                                                                                                                        <img decoding=\"async\" src=\"https:\/\/www.europesays.com\/fr\/wp-content\/uploads\/2025\/11\/99ca0923ff_seisme-dans-le-monde-du-pc-les-ennemis-jures-intel-et-nvidia-se-sont-allies-pour-contrer-.webp\" alt=\"L'Allemagne s'allie \u00e0 Nvidia pour \u00eatre le futur centre europ\u00e9en de l\u2019IA\u00a0!\" width=\"1200\" height=\"720\" loading=\"lazy\"\/>        <\/p>\n<p>Les enjeux pour l\u2019Europe et l\u2019industrie<\/p>\n<p>Pour les industriels allemands et europ\u00e9ens, cette infrastructure leur ouvrira l\u2019acc\u00e8s \u00e0 des capacit\u00e9s de calcul avanc\u00e9es, via<b> la plateforme de Nvidia <\/b>(CUDA-X, Omniverse) et le <b>support de partenaires comme Siemens ou Ansys<\/b>. <\/p>\n<p>Du c\u00f4t\u00e9 \u00e9conomique, <b>le projet doit accro\u00eetre l\u2019attrait du territoire allemand pour les investissements li\u00e9s \u00e0 l\u2019IA et aux data-centers.<\/b> Enfin, sur le plan environnemental et soci\u00e9tal, Deutsche Telekom a d\u00e9clar\u00e9 que le site serait aliment\u00e9 int\u00e9gralement par des \u00e9nergies renouvelables, respectant les engagements de durabilit\u00e9.<\/p>\n<p>        ET la suite<\/p>\n<p>Ce lancement marque un tournant. <b>L\u2019Europe veut d\u00e9sormais cr\u00e9er ses propres usines d\u2019IA, sur son sol, plut\u00f4t que d\u2019importer passivement des solutions<\/b>. Il reste toutefois \u00e0 concr\u00e9tiser ces promesses\u00a0: l\u2019exploitation effective de milliers de GPU, la mont\u00e9e en charge, le succ\u00e8s aupr\u00e8s des PME. L&rsquo;usine IA souveraine de Munich pourrait devenir un mod\u00e8le \u00e0 suivre\u2026 ou un signal pr\u00e9curseur d\u2019un \u00e9cart toujours plus grand entre ambition et ex\u00e9cution.<\/p>\n","protected":false},"excerpt":{"rendered":"Les g\u00e9ants de la technologie annoncent un projet d\u2019envergure pour redonner \u00e0 l\u2019Europe une feuille de route dans&hellip;\n","protected":false},"author":2,"featured_media":511420,"comment_status":"","ping_status":"","sticky":false,"template":"","format":"standard","meta":{"footnotes":""},"categories":[1587],"tags":[11,672,1804,1805,1803,63233,1777,674,1801,12,8835,1802],"class_list":{"0":"post-511419","1":"post","2":"type-post","3":"status-publish","4":"format-standard","5":"has-post-thumbnail","7":"category-allemagne","8":"tag-actualites","9":"tag-allemagne","10":"tag-bundesrepublik-deutschland","11":"tag-de","12":"tag-deutschland","13":"tag-deutschtelecom","14":"tag-eu","15":"tag-europe","16":"tag-germany","17":"tag-news","18":"tag-nvidia","19":"tag-republique-federale-dallemagne"},"share_on_mastodon":{"url":"https:\/\/pubeurope.com\/@fr\/115492113561226397","error":""},"_links":{"self":[{"href":"https:\/\/www.europesays.com\/fr\/wp-json\/wp\/v2\/posts\/511419","targetHints":{"allow":["GET"]}}],"collection":[{"href":"https:\/\/www.europesays.com\/fr\/wp-json\/wp\/v2\/posts"}],"about":[{"href":"https:\/\/www.europesays.com\/fr\/wp-json\/wp\/v2\/types\/post"}],"author":[{"embeddable":true,"href":"https:\/\/www.europesays.com\/fr\/wp-json\/wp\/v2\/users\/2"}],"replies":[{"embeddable":true,"href":"https:\/\/www.europesays.com\/fr\/wp-json\/wp\/v2\/comments?post=511419"}],"version-history":[{"count":0,"href":"https:\/\/www.europesays.com\/fr\/wp-json\/wp\/v2\/posts\/511419\/revisions"}],"wp:featuredmedia":[{"embeddable":true,"href":"https:\/\/www.europesays.com\/fr\/wp-json\/wp\/v2\/media\/511420"}],"wp:attachment":[{"href":"https:\/\/www.europesays.com\/fr\/wp-json\/wp\/v2\/media?parent=511419"}],"wp:term":[{"taxonomy":"category","embeddable":true,"href":"https:\/\/www.europesays.com\/fr\/wp-json\/wp\/v2\/categories?post=511419"},{"taxonomy":"post_tag","embeddable":true,"href":"https:\/\/www.europesays.com\/fr\/wp-json\/wp\/v2\/tags?post=511419"}],"curies":[{"name":"wp","href":"https:\/\/api.w.org\/{rel}","templated":true}]}}